{"id":995,"date":"2015-01-16T17:59:15","date_gmt":"2015-01-16T16:59:15","guid":{"rendered":"http:\/\/edmondmorrel.be\/?p=995"},"modified":"2020-08-15T15:34:48","modified_gmt":"2020-08-15T13:34:48","slug":"a-la-proue-le-roman-a-quatre-mains-de-muriel-claude-et-pierre-mertens-a-ete-couronne-du-prix-triennal-joseph-hanse-2014","status":"publish","type":"post","link":"https:\/\/edmondmorrel.be\/?p=995","title":{"rendered":"\u00ab\u00a0A la proue\u00a0\u00bb Le roman \u00e0 quatre mains de Muriel Claude et Pierre Mertens a \u00e9t\u00e9 couronn\u00e9 du Prix triennal Joseph Hanse 2014"},"content":{"rendered":"\n<h3 class=\"wp-block-heading\">Editions CFC<\/h3>\n\n\n\n<p><em><strong>Actualit\u00e9<\/strong>&nbsp;: Le prix triennal \u00ab\u00a0Langue et litt\u00e9rature Joseph Hanse\u00a0\u00bb a \u00e9t\u00e9 attribu\u00e9 en 2014 au roman \u00ab\u00a0A la Proue\u00a0\u00bb. Une occasion de r\u00e9-\u00e9couter l\u2019entretien que nous avaient accord\u00e9 les auteurs \u00e0 la sortie du livre. Les auteurs pr\u00e9senteront le livre \u00e0 la Librairie Filigranes \u00e0 Bruxelles le 29 janvier prochain \u00e0 18 heures. Ils r\u00e9pondront aux questions de Jacques De Decker.<br><\/em><\/p>\n\n\n\n<p>Un \u00e9crivain et une photographe &#8211; libraire consacrent un livre &#8230;aux livres. Ceux qu\u2019ils ont \u00e9crits, d\u00e9fendus, vendus, aim\u00e9s, fait aimer, partag\u00e9s. Cela donne un livre hors-normes paru aux Editions CFC, dans la nouvelle collection \u00ab\u00a0La ville \u00e9crite\u00a0\u00bb, r\u00e9alis\u00e9 sous la direction de l\u2019\u00e9ditrice Christine De Naeyer . Nous rencontrerons bient\u00f4t cette derni\u00e8re dans espace-livres pour \u00e9voquer cet \u00e9lan \u00e9ditorial qu\u2019elle inspire \u00e0 CFC Editions&nbsp;: il suffit pour s\u2019en convaincre de voir les&nbsp;<a href=\"http:\/\/www.cfc-editions.be\/cfc\/fr\/11117-nouveautes.html\" rel=\"noreferrer noopener\" target=\"_blank\">quatre nouveaut\u00e9s<\/a>&nbsp;qu\u2019elle publie ces mois-ci &#8211;<br>\u00ab\u00a0A la proue\u00a0\u00bb fera aussi le bonheur des bibliophiles&nbsp;: seul un \u00ab\u00a0beau\u00a0\u00bb livre pouvait devenir la vitrine de ce r\u00e9cit \u00e0 deux voix qui s\u2019entrelacent pour c\u00e9l\u00e9brer l\u2019imp\u00e9rieuse n\u00e9cessit\u00e9 de la litt\u00e9rature.<br>\u00ab\u00a0A la proue\u00a0\u00bb emprunte son titre \u00e0 l\u2019enseigne d\u2019une librairie de la rue des Eperonniers \u00e0 Bruxelles. Elle \u00e9tait fr\u00e9quent\u00e9e entre autres par Guy Goffette qui signe l\u2019avant-dire de ce livre en \u00e9voquant la figure du libraire Henri Mercier, ma\u00eetre des lieux \u00e0 l\u2019\u00e9poque (ann\u00e9es 80) et \u00ab\u00a0capitaine d\u2019un bateau-livre loin de la mer\u00a0\u00bb&#8230;<\/p>\n\n\n\n<figure class=\"wp-block-image size-medium\"><img loading=\"lazy\" decoding=\"async\" width=\"242\" height=\"300\" src=\"https:\/\/edmondmorrel.be\/wp-content\/uploads\/2020\/08\/Capture-d\u2019\u00e9cran-2020-08-15-\u00e0-15.33.59-242x300.png\" alt=\"\" class=\"wp-image-1362\" srcset=\"https:\/\/edmondmorrel.be\/wp-content\/uploads\/2020\/08\/Capture-d\u2019\u00e9cran-2020-08-15-\u00e0-15.33.59-242x300.png 242w, https:\/\/edmondmorrel.be\/wp-content\/uploads\/2020\/08\/Capture-d\u2019\u00e9cran-2020-08-15-\u00e0-15.33.59-200x248.png 200w, https:\/\/edmondmorrel.be\/wp-content\/uploads\/2020\/08\/Capture-d\u2019\u00e9cran-2020-08-15-\u00e0-15.33.59.png 383w\" sizes=\"auto, (max-width: 242px) 100vw, 242px\" \/><\/figure>\n\n\n\n<p>Goffette dit bien l\u2019objet de ce travail de Claude et Mertens, la libraire et l\u2019\u00e9crivain \u00ab\u00a0ont joint leurs voix pour nous introduire, textes et photos \u00e0 l\u2019appui, avec autant d\u2019\u00e9motion que de respect, dans le monde de Henri Mercier et partir de lui pour refondre ensemble l\u2019avenir du livre et de la librairie\u00a0\u00bb<\/p>\n\n\n\n<p>En ces jours o\u00f9 l\u2019on ferme les librairies, transform\u00e9es en boutiques de surgel\u00e9s de luxe, il est ici un livre urgent \u00e0 aimer, lire, faire aimer, faire conna\u00eetre&#8230;<\/p>\n\n\n\n<p><strong>Edmond Morrel<\/strong><\/p>\n\n\n\n<figure class=\"wp-block-embed-spotify wp-block-embed is-type-rich is-provider-spotify wp-embed-aspect-21-9 wp-has-aspect-ratio\"><div class=\"wp-block-embed__wrapper\">\n<iframe loading=\"lazy\" width=\"100%\" height=\"232\" allowtransparency=\"true\" frameborder=\"0\" allow=\"encrypted-media\" title=\"Spotify Embed: &quot;A la proue&quot; Le roman \u00e0 quatre mains de Muriel Claude et Pierre Mertens 1\/4\" src=\"https:\/\/open.spotify.com\/embed-podcast\/episode\/0MORXGxg3PUEmpImMBCZqk\"><\/iframe>\n<\/div><figcaption>Muriel Claude au micro d&rsquo;Edmond Morrel<\/figcaption><\/figure>\n\n\n\n<figure class=\"wp-block-embed-spotify wp-block-embed is-type-rich is-provider-spotify wp-embed-aspect-21-9 wp-has-aspect-ratio\"><div class=\"wp-block-embed__wrapper\">\n<iframe loading=\"lazy\" width=\"100%\" height=\"232\" allowtransparency=\"true\" frameborder=\"0\" allow=\"encrypted-media\" title=\"Spotify Embed: &quot;A la proue&quot; Le roman \u00e0 quatre mains de Muriel Claude et Pierre Mertens  2\/4\" src=\"https:\/\/open.spotify.com\/embed-podcast\/episode\/7pVtZdMEUIHgaDy7yvNjBE\"><\/iframe>\n<\/div><figcaption>Lecture d&rsquo;un extrait par Muriel Claude<\/figcaption><\/figure>\n\n\n\n<figure class=\"wp-block-embed-spotify wp-block-embed is-type-rich is-provider-spotify wp-embed-aspect-21-9 wp-has-aspect-ratio\"><div class=\"wp-block-embed__wrapper\">\n<iframe loading=\"lazy\" width=\"100%\" height=\"232\" allowtransparency=\"true\" frameborder=\"0\" allow=\"encrypted-media\" title=\"Spotify Embed: &quot;A la proue&quot; Le roman \u00e0 quatre mains de Muriel Claude et Pierre Mertens  3\/4\" src=\"https:\/\/open.spotify.com\/embed-podcast\/episode\/6IRiTg2y4RLusdsfoL20Ge\"><\/iframe>\n<\/div><figcaption>Pierre Mertens au micro d&rsquo;Edmond Morrel<\/figcaption><\/figure>\n\n\n\n<figure class=\"wp-block-embed-spotify wp-block-embed is-type-rich is-provider-spotify wp-embed-aspect-21-9 wp-has-aspect-ratio\"><div class=\"wp-block-embed__wrapper\">\n<iframe loading=\"lazy\" width=\"100%\" height=\"232\" allowtransparency=\"true\" frameborder=\"0\" allow=\"encrypted-media\" title=\"Spotify Embed: &quot;A la proue&quot; Le roman \u00e0 quatre mains de Muriel Claude et Pierre Mertens  4\/4\" src=\"https:\/\/open.spotify.com\/embed-podcast\/episode\/48cbdFszrWXKhspxx1Zckv\"><\/iframe>\n<\/div><figcaption>Lecture d&rsquo;un extrait par Pierre Mertens<\/figcaption><\/figure>\n\n\n\n<p><a href=\"http:\/\/www.cfc-editions.be\/cfc\/fr\/11117-nouveautes.html?BookId=141\" rel=\"noreferrer noopener\" target=\"_blank\">Sur le site de CFC Editions&nbsp;:<\/a><\/p>\n\n\n\n<p><em>Avant-dire de Guy Goffette<\/em><\/p>\n\n\n\n<p>\u00ab&nbsp;Muriel Claude qui est libraire et l\u2019\u00e9crivain Pierre Mertens ont joint leurs voix pour nous introduire, textes et photos \u00e0 l\u2019appui, avec autant d\u2019\u00e9motion que de respect, dans le monde d\u2019Henri Mercier et partir de lui pour refondre ensemble l\u2019avenir du livre et de la librairie.&nbsp;\u00bb (Guy Goffette, extrait de l\u2019avant-dire.)<\/p>\n\n\n\n<p>\u00ab&nbsp;Une s\u00e9rie de 54 [photographies], prises en 1992, qui \u00e9voquent en des tonalit\u00e9s assourdies, presque \u00e9teintes, un univers fait de silences et de mouvements de l\u2019\u00e2me. [\u2026] Une librairie aujourd\u2019hui disparue, bruissante d\u2019une multitude de voix, livres rang\u00e9s ou abandonn\u00e9s sur leurs \u00e9tag\u00e8res, en leurs caisses, d\u2019orange parfois. Une maison de livres, dont les \u00e9tages s\u2019encha\u00eenent sans fin, sans lecteurs. [\u2026]<\/p>\n\n\n\n<p>Et deux voix\u2026<\/p>\n\n\n\n<p>Celle de la photographe\/libraire\/lectrice qui, par bribes, raconte la librairie, se raconte dans la librairie&nbsp;: l\u2019attente et la contemplation, la librairie comme paysage mental et affectif, comme lieu d\u2019initiation\u2026 Une pratique, une vocation. Une c\u00e9l\u00e9bration. Celle de l\u2019\u00e9crivain, un regard, une histoire qui r\u00e9fl\u00e9chit et se r\u00e9fl\u00e9chit, donnant par l\u00e0 toute la mesure au t\u00e9moignage\u2026 et \u00e0 la rencontre. Il s\u2019agit, \u00e0 un moment-charni\u00e8re de l\u2019histoire du livre et de la lecture, de montrer la p\u00e9rennit\u00e9, le caract\u00e8re \u00ab&nbsp;sacr\u00e9&nbsp;\u00bb de celui-ci et de ces passeurs que sont les libraires\u2026 et certaines librairies&nbsp;: lieux irrempla\u00e7ables de transmission.&nbsp;\u00bb Muriel Claude<\/p>\n\n\n\n<p>CFC-\u00c9ditions, 2014. Collection la ville \u00e9crite, 15 x 22,5 cm, 240 pages, couverture toil\u00e9e, plus de 60 reproductions en couleur et noir et blanc.<br><\/p>\n","protected":false},"excerpt":{"rendered":"<p>Editions CFC Actualit\u00e9&nbsp;: Le prix triennal \u00ab\u00a0Langue et litt\u00e9rature Joseph Hanse\u00a0\u00bb a \u00e9t\u00e9 attribu\u00e9 en 2014 au roman \u00ab\u00a0A la&nbsp;[&hellip;]<\/p>\n","protected":false},"author":2,"featured_media":0,"comment_status":"closed","ping_status":"closed","sticky":false,"template":"","format":"standard","meta":{"footnotes":""},"categories":[3],"tags":[],"class_list":["post-995","post","type-post","status-publish","format-standard","hentry","category-litterature-dici","post-item clearfix"],"_links":{"self":[{"href":"https:\/\/edmondmorrel.be\/index.php?rest_route=\/wp\/v2\/posts\/995","targetHints":{"allow":["GET"]}}],"collection":[{"href":"https:\/\/edmondmorrel.be\/index.php?rest_route=\/wp\/v2\/posts"}],"about":[{"href":"https:\/\/edmondmorrel.be\/index.php?rest_route=\/wp\/v2\/types\/post"}],"author":[{"embeddable":true,"href":"https:\/\/edmondmorrel.be\/index.php?rest_route=\/wp\/v2\/users\/2"}],"replies":[{"embeddable":true,"href":"https:\/\/edmondmorrel.be\/index.php?rest_route=%2Fwp%2Fv2%2Fcomments&post=995"}],"version-history":[{"count":2,"href":"https:\/\/edmondmorrel.be\/index.php?rest_route=\/wp\/v2\/posts\/995\/revisions"}],"predecessor-version":[{"id":1363,"href":"https:\/\/edmondmorrel.be\/index.php?rest_route=\/wp\/v2\/posts\/995\/revisions\/1363"}],"wp:attachment":[{"href":"https:\/\/edmondmorrel.be\/index.php?rest_route=%2Fwp%2Fv2%2Fmedia&parent=995"}],"wp:term":[{"taxonomy":"category","embeddable":true,"href":"https:\/\/edmondmorrel.be\/index.php?rest_route=%2Fwp%2Fv2%2Fcategories&post=995"},{"taxonomy":"post_tag","embeddable":true,"href":"https:\/\/edmondmorrel.be\/index.php?rest_route=%2Fwp%2Fv2%2Ftags&post=995"}],"curies":[{"name":"wp","href":"https:\/\/api.w.org\/{rel}","templated":true}]}}