{"id":947,"date":"2015-02-02T04:47:20","date_gmt":"2015-02-02T03:47:20","guid":{"rendered":"http:\/\/edmondmorrel.be\/?p=947"},"modified":"2020-07-21T04:57:36","modified_gmt":"2020-07-21T02:57:36","slug":"le-carre-dor-de-michel-joiret","status":"publish","type":"post","link":"https:\/\/edmondmorrel.be\/?p=947","title":{"rendered":"\u00ab\u00a0Le carr\u00e9 d\u2019or\u00a0\u00bb de Michel Joiret"},"content":{"rendered":"\n<p><strong>&nbsp;<a href=\"http:\/\/www.meo-edition.eu\/actualites.html\" rel=\"noreferrer noopener\" target=\"_blank\">Editions M.E.O.<\/a><\/strong><\/p>\n\n\n\n<p>Po\u00e8te et romancier, essayiste et revuiste, Michel Joiret a plusieurs cordes \u00e0 son arc. Avec ce roman, \u00ab\u00a0Le carr\u00e9 d\u2019or\u00a0\u00bb, il semble avoir jou\u00e9 de chacune pour tisser un portrait saisissant d\u2019un homme et d\u2019une ville&nbsp;: Maxime, avocat, en fin de carri\u00e8re, veuf inconsol\u00e9 erre dans un Bruxelles d\u00e9vast\u00e9 par les temp\u00eates de la fin du monde. Il laisse monter en lui le souvenir des temps anciens, de son p\u00e8re, de son grand-p\u00e8re. De son destin \u00e0 lui depuis qu\u2019adolescent il allait r\u00eaver dans le parc d\u2019Egmont, situ\u00e9 au centre du \u00ab\u00a0Carr\u00e9 d\u2019or\u00a0\u00bb \u00e0 Bruxelles. La capitale de la Belgique disparue a peut-\u00eatre ici son roman. Mais il ne faut pas r\u00e9duire ce livre \u00e0 la g\u00e9ographie apocalyptique de Bruxelles qu\u2019il nous donne \u00e0 explorer. C\u2019est aussi un roman qui explore la complexit\u00e9 de ce que nous sommes. Un roman c\u2019est cela&nbsp;: restituer aux \u00eatres le droit d\u2019\u00eatre incompr\u00e9hensibles.<\/p>\n\n\n\n<p>Nous avons rencontr\u00e9 Michel Joiret \u00e0 Bruxelles, le 2 f\u00e9vrier 2015. L\u2019entretien d\u00e9bute par une \u00e9vocation de l<a rel=\"noreferrer noopener\" href=\"http:\/\/www.meo-edition.eu\/actualites.html\" target=\"_blank\">\u2019\u00e9diteur G\u00e9rard Adam<\/a>\u00a0dont le travail m\u00e9rite, une nouvelle fois, d\u2019\u00eatre salu\u00e9.<br><strong><br>Edmond Morrel<\/strong><\/p>\n\n\n\n<figure class=\"wp-block-embed-spotify wp-block-embed is-type-rich is-provider-spotify wp-embed-aspect-21-9 wp-has-aspect-ratio\"><div class=\"wp-block-embed__wrapper\">\n<iframe loading=\"lazy\" width=\"100%\" height=\"232\" allowtransparency=\"true\" frameborder=\"0\" allow=\"encrypted-media\" title=\"Spotify Embed: &quot;Le carr\u00e9 d\u2019or&quot; de Michel Joiret 1\/2\" src=\"https:\/\/open.spotify.com\/embed-podcast\/episode\/1tTg8GyMWTs0xmq0PHNNRO\"><\/iframe>\n<\/div><\/figure>\n\n\n\n<figure class=\"wp-block-embed-spotify wp-block-embed is-type-rich is-provider-spotify wp-embed-aspect-21-9 wp-has-aspect-ratio\"><div class=\"wp-block-embed__wrapper\">\n<iframe loading=\"lazy\" width=\"100%\" height=\"232\" allowtransparency=\"true\" frameborder=\"0\" allow=\"encrypted-media\" title=\"Spotify Embed: &quot;Le carr\u00e9 d\u2019or&quot; de Michel Joiret 2\/2\" src=\"https:\/\/open.spotify.com\/embed-podcast\/episode\/3B0SDD3CNDD2kayWi5UkPt\"><\/iframe>\n<\/div><\/figure>\n\n\n\n<p><em>Pour celles et ceux qui sont \u00e0 Bruxelles le 10 f\u00e9vrier 2015&nbsp;:<br>A 19heuresaura lieu le lancement du nouveau roman de Michel Joiret, le Carr\u00e9 d\u2019or Entretien de l\u2019auteur avec \u00c9velyne Wilwerth. Lecture d\u2019extraits par Jean-Paul Humpers. ISELP, 31 boulevard de Waterloo, 1000 Bruxelles.<\/em><\/p>\n","protected":false},"excerpt":{"rendered":"<p>&nbsp;Editions M.E.O. Po\u00e8te et romancier, essayiste et revuiste, Michel Joiret a plusieurs cordes \u00e0 son arc. Avec ce roman, \u00ab\u00a0Le&nbsp;[&hellip;]<\/p>\n","protected":false},"author":2,"featured_media":948,"comment_status":"closed","ping_status":"closed","sticky":false,"template":"","format":"standard","meta":{"footnotes":""},"categories":[3],"tags":[],"class_list":["post-947","post","type-post","status-publish","format-standard","has-post-thumbnail","hentry","category-litterature-dici","post-item clearfix"],"_links":{"self":[{"href":"https:\/\/edmondmorrel.be\/index.php?rest_route=\/wp\/v2\/posts\/947","targetHints":{"allow":["GET"]}}],"collection":[{"href":"https:\/\/edmondmorrel.be\/index.php?rest_route=\/wp\/v2\/posts"}],"about":[{"href":"https:\/\/edmondmorrel.be\/index.php?rest_route=\/wp\/v2\/types\/post"}],"author":[{"embeddable":true,"href":"https:\/\/edmondmorrel.be\/index.php?rest_route=\/wp\/v2\/users\/2"}],"replies":[{"embeddable":true,"href":"https:\/\/edmondmorrel.be\/index.php?rest_route=%2Fwp%2Fv2%2Fcomments&post=947"}],"version-history":[{"count":1,"href":"https:\/\/edmondmorrel.be\/index.php?rest_route=\/wp\/v2\/posts\/947\/revisions"}],"predecessor-version":[{"id":949,"href":"https:\/\/edmondmorrel.be\/index.php?rest_route=\/wp\/v2\/posts\/947\/revisions\/949"}],"wp:featuredmedia":[{"embeddable":true,"href":"https:\/\/edmondmorrel.be\/index.php?rest_route=\/wp\/v2\/media\/948"}],"wp:attachment":[{"href":"https:\/\/edmondmorrel.be\/index.php?rest_route=%2Fwp%2Fv2%2Fmedia&parent=947"}],"wp:term":[{"taxonomy":"category","embeddable":true,"href":"https:\/\/edmondmorrel.be\/index.php?rest_route=%2Fwp%2Fv2%2Fcategories&post=947"},{"taxonomy":"post_tag","embeddable":true,"href":"https:\/\/edmondmorrel.be\/index.php?rest_route=%2Fwp%2Fv2%2Ftags&post=947"}],"curies":[{"name":"wp","href":"https:\/\/api.w.org\/{rel}","templated":true}]}}