{"id":804,"date":"2013-04-25T13:50:37","date_gmt":"2013-04-25T11:50:37","guid":{"rendered":"http:\/\/edmondmorrel.be\/?p=804"},"modified":"2020-07-20T14:11:04","modified_gmt":"2020-07-20T12:11:04","slug":"lire-et-ecrire-luxembourg-de-vrais-romans-tous-publics-en-particulier-pour-les-lecteurs-apprenants-en-alphabetisation","status":"publish","type":"post","link":"https:\/\/edmondmorrel.be\/?p=804","title":{"rendered":"\u00ab\u00a0Lire et \u00e9crire-Luxembourg\u00a0\u00bb : de vrais romans tous publics&#8230; en particulier pour \u00ab\u00a0les lecteurs apprenants en alphab\u00e9tisation\u00a0\u00bb"},"content":{"rendered":"\n<p><strong>\u00ab\u00a0La Travers\u00e9e\u00a0\u00bb une collection litt\u00e9raire destin\u00e9e (mais pas seulement\u00a0!) au public apprenant en alphab\u00e9tisation, co-\u00e9dit\u00e9e par Weyrich et \u00ab\u00a0Lire et \u00e9crire-Luxembourg\u00a0\u00bb<br><\/strong><\/p>\n\n\n\n<p>D\u00e9cid\u00e9ment&nbsp;<a href=\"http:\/\/www.weyrich-edition.be\/fr\/produits\/la-traversee.htm\" rel=\"noreferrer noopener\" target=\"_blank\">Weyrich<\/a>&nbsp;se confirme de projet en projet comme une pi\u00e8ce ma\u00eetresse de l\u2019\u00e9dition en Belgique francophone. Apr\u00e8s \u00ab\u00a0Les Plumes du Coq\u00a0\u00bb, une remarquable collection men\u00e9e par Christian Liebens et Alain Bertrand, voici \u00ab\u00a0La Travers\u00e9e\u00a0\u00bb&nbsp;!<\/p>\n\n\n\n<p>Six romans d\u00e9j\u00e0 publi\u00e9s s\u2019inscrivent dans la vocation de cette collection de romans in\u00e9dits destin\u00e9s principalement \u00e0 un public d\u2019\u00a0\u00bbapprenants en alphab\u00e9tisation\u00a0\u00bb. Cette formulation d\u00e9signe ces adultes qui ont d\u00e9cid\u00e9 de franchir la porte de \u00ab\u00a0Lire et \u00e9crire\u00a0\u00bb, de surmonter leur pudeur et leur appr\u00e9hension pour d\u00e9voiler ce qui souvent est un secret, leur incapacit\u00e9 de ma\u00eetriser la lecture et l\u2019\u00e9criture, et, surtout, se lancer dans l\u2019apprentissage la lecture et l\u2019\u00e9criture\u00a0!<\/p>\n\n\n\n<ul class=\"wp-block-gallery columns-2 is-cropped wp-block-gallery-1 is-layout-flex wp-block-gallery-is-layout-flex\"><li class=\"blocks-gallery-item\"><figure><img loading=\"lazy\" decoding=\"async\" width=\"150\" height=\"200\" src=\"https:\/\/edmondmorrel.be\/wp-content\/uploads\/2020\/07\/jpg_lire_et_ecrire_apres-ta-mort-cov-web-th.jpg\" alt=\"\" data-id=\"806\" data-link=\"https:\/\/edmondmorrel.be\/?attachment_id=806\" class=\"wp-image-806\"\/><\/figure><\/li><li class=\"blocks-gallery-item\"><figure><img loading=\"lazy\" decoding=\"async\" width=\"335\" height=\"305\" src=\"https:\/\/edmondmorrel.be\/wp-content\/uploads\/2020\/07\/jpg_lire_et_ecrire_attente-cov-web-1-1.jpg\" alt=\"\" data-id=\"807\" data-link=\"https:\/\/edmondmorrel.be\/?attachment_id=807\" class=\"wp-image-807\" srcset=\"https:\/\/edmondmorrel.be\/wp-content\/uploads\/2020\/07\/jpg_lire_et_ecrire_attente-cov-web-1-1.jpg 335w, https:\/\/edmondmorrel.be\/wp-content\/uploads\/2020\/07\/jpg_lire_et_ecrire_attente-cov-web-1-1-300x273.jpg 300w, https:\/\/edmondmorrel.be\/wp-content\/uploads\/2020\/07\/jpg_lire_et_ecrire_attente-cov-web-1-1-200x182.jpg 200w\" sizes=\"auto, (max-width: 335px) 100vw, 335px\" \/><\/figure><\/li><\/ul>\n\n\n\n<p>Certes, la premi\u00e8re n\u00e9cessit\u00e9 les conduit vers l\u2019\u00e9criture fonctionnelle, celle qui permet de lire les offres d\u2019emploi, de d\u00e9chiffrer une facture, de pr\u00e9senter un CV ou une candidature. Bien vite, l\u2019acc\u00e8s \u00e0 la litt\u00e9rature \u00e9veille leur int\u00e9r\u00eat. Et c\u2019est \u00e0 cette escale-l\u00e0 de la \u00ab\u00a0travers\u00e9e\u00a0\u00bb que les livres font d\u00e9faut. Adultes, les apprenants ne veulent l\u00e9gitimement pas se limiter aux livres \u00ab\u00a0jeunesse\u00a0\u00bb. Ils veulent des vrais romans, tous publics. Das un premier temps ceux-ci doivent r\u00e9pondre toutefois \u00e0 certaines contraintes&nbsp;: phrases simples, vocabulaire compr\u00e9hensible imm\u00e9diatement ou par le contexte, livres courts. En co-\u00e9dition avec Weyrich,&nbsp;<a href=\"http:\/\/luxembourg.lire-et-ecrire.be\/content\/view\/44\/84\/\" rel=\"noreferrer noopener\" target=\"_blank\">Lire et Ecrire-Luxembourg<\/a>&nbsp;sollicite des \u00e9crivains, les r\u00e9unit avec des futurs lecteurs, suscite des \u00e9changes, des avis et suggestions.<\/p>\n\n\n\n<p>Aujourd\u2019hui les livres sont l\u00e0. Sign\u00e9s d\u2019\u00e9crivains comme Jacqueline Daussain (\u00ab\u00a0Apr\u00e8s ta mort\u00a0\u00bb), Amandine Fairon (\u00ab\u00a0L\u2019attente\u00a0\u00bb), Claude Raucy (\u00ab\u00a0Les cerises de Salomon\u00a0\u00bb) ou V\u00e9ronika Mabardi (\u00ab\u00a0Rue du Ch\u00eane\u00a0\u00bb), ils int\u00e9ressent bien s\u00fbr leur premier public, les apprenants, mais bien vite trouvent un lectorat traditionnel, avide de litt\u00e9rature tout simplement.<\/p>\n\n\n\n<p>Nous avons rencontr\u00e9 Amandine Legrand qui anime ce projet et en parle avec un enthousiasme et une conviction tellement communicatifs qu\u2019on n\u2019h\u00e9site plus une seconde \u00e0 faire \u00ab\u00a0La Travers\u00e9e\u00a0\u00bb.<\/p>\n\n\n\n<p><strong>Edmond Morrel, Namur, 25 avril 2013<\/strong><\/p>\n\n\n\n<figure class=\"wp-block-embed-spotify wp-block-embed is-type-rich is-provider-spotify wp-embed-aspect-21-9 wp-has-aspect-ratio\"><div class=\"wp-block-embed__wrapper\">\n<iframe loading=\"lazy\" width=\"100%\" height=\"232\" allowtransparency=\"true\" frameborder=\"0\" allow=\"encrypted-media\" title=\"Spotify Embed: &quot;Lire et \u00e9crire - Luxembourg&quot;\" src=\"https:\/\/open.spotify.com\/embed-podcast\/episode\/5IILvxx1losl3LKP80QTrx\"><\/iframe>\n<\/div><\/figure>\n","protected":false},"excerpt":{"rendered":"<p>\u00ab\u00a0La Travers\u00e9e\u00a0\u00bb une collection litt\u00e9raire destin\u00e9e (mais pas seulement\u00a0!) au public apprenant en alphab\u00e9tisation, co-\u00e9dit\u00e9e par Weyrich et \u00ab\u00a0Lire et&nbsp;[&hellip;]<\/p>\n","protected":false},"author":2,"featured_media":808,"comment_status":"closed","ping_status":"closed","sticky":false,"template":"","format":"standard","meta":{"footnotes":""},"categories":[3],"tags":[],"class_list":["post-804","post","type-post","status-publish","format-standard","has-post-thumbnail","hentry","category-litterature-dici","post-item clearfix"],"_links":{"self":[{"href":"https:\/\/edmondmorrel.be\/index.php?rest_route=\/wp\/v2\/posts\/804","targetHints":{"allow":["GET"]}}],"collection":[{"href":"https:\/\/edmondmorrel.be\/index.php?rest_route=\/wp\/v2\/posts"}],"about":[{"href":"https:\/\/edmondmorrel.be\/index.php?rest_route=\/wp\/v2\/types\/post"}],"author":[{"embeddable":true,"href":"https:\/\/edmondmorrel.be\/index.php?rest_route=\/wp\/v2\/users\/2"}],"replies":[{"embeddable":true,"href":"https:\/\/edmondmorrel.be\/index.php?rest_route=%2Fwp%2Fv2%2Fcomments&post=804"}],"version-history":[{"count":1,"href":"https:\/\/edmondmorrel.be\/index.php?rest_route=\/wp\/v2\/posts\/804\/revisions"}],"predecessor-version":[{"id":809,"href":"https:\/\/edmondmorrel.be\/index.php?rest_route=\/wp\/v2\/posts\/804\/revisions\/809"}],"wp:featuredmedia":[{"embeddable":true,"href":"https:\/\/edmondmorrel.be\/index.php?rest_route=\/wp\/v2\/media\/808"}],"wp:attachment":[{"href":"https:\/\/edmondmorrel.be\/index.php?rest_route=%2Fwp%2Fv2%2Fmedia&parent=804"}],"wp:term":[{"taxonomy":"category","embeddable":true,"href":"https:\/\/edmondmorrel.be\/index.php?rest_route=%2Fwp%2Fv2%2Fcategories&post=804"},{"taxonomy":"post_tag","embeddable":true,"href":"https:\/\/edmondmorrel.be\/index.php?rest_route=%2Fwp%2Fv2%2Ftags&post=804"}],"curies":[{"name":"wp","href":"https:\/\/api.w.org\/{rel}","templated":true}]}}