{"id":797,"date":"2014-01-25T13:45:39","date_gmt":"2014-01-25T12:45:39","guid":{"rendered":"http:\/\/edmondmorrel.be\/?p=797"},"modified":"2020-07-20T14:12:16","modified_gmt":"2020-07-20T12:12:16","slug":"la-foret-dapollinaire-de-christian-libens","status":"publish","type":"post","link":"https:\/\/edmondmorrel.be\/?p=797","title":{"rendered":"\u00ab\u00a0La for\u00eat d&rsquo;Apollinaire\u00a0\u00bb de Christian Libens"},"content":{"rendered":"\n<h3 class=\"wp-block-heading\">Editions Weyrich dans la collection \u00ab\u00a0Plumes du Coq\u00a0\u00bb<\/h3>\n\n\n\n<p>Nous avons d\u00e9j\u00e0 salu\u00e9 la qualit\u00e9 \u00e9ditoriale du catalogue des Editions Weyrich, implant\u00e9es dans les Ardennes belges et dont la biblioth\u00e8que de litt\u00e9rature s\u2019inscrit sous le label de la collection&nbsp;<a href=\"http:\/\/weyrich-edition.be\/fr\/produits\/plumes-du-coq.htm\" rel=\"noreferrer noopener\" target=\"_blank\">\u00ab\u00a0Plumes du Coq\u00a0\u00bb<\/a>. Revendiquant son ancrage dans une r\u00e9alit\u00e9 \u00ab\u00a0r\u00e9gionale\u00a0\u00bb (pour faire simple&nbsp;: la Belgique francophone ), elle construit, de livre en livre, une biblioth\u00e8que litt\u00e9raire aussi attachante qu\u2019exigeante, dont aucun titre ne laisse indiff\u00e9rent l\u2019amateur de litt\u00e9rature romanesque.<\/p>\n\n\n\n<p>Ghislain Cotton, Bernard Gheur,\u00a0<a href=\"https:\/\/edmondmorrel.be\/?p=743\">Alain Bertrand<\/a>, Armel Job,\u00a0<a href=\"https:\/\/edmondmorrel.be\/?p=800\">Pascale Toussaint<\/a>\u00a0(\u00e9num\u00e9ration loin d\u2019\u00eatre exhaustive\u00a0!) s\u2019inscrivent parmi les auteurs de \u00ab\u00a0Plumes du Coq\u00a0\u00bb, auxquels s\u2019ajoute aujourd\u2019hui Christian Libens.<\/p>\n\n\n\n<p>Auteur d\u2019une trentaine de livres, Christian Libens est une des figures incontournables du monde litt\u00e9raire belge. Les Editions Weyrich ont fort \u00e0 propos republi\u00e9 un roman paru en 1998 \u00e0 l\u2019occasion du centi\u00e8me anniversaire d\u2019un s\u00e9jour qu\u2019effectua dans la r\u00e9gion de Stavelot le jeune Guillaume Apollinaire. Dans cette fiction ancr\u00e9e dans le r\u00e9el, le romancier part \u00e0 la rencontre d\u2019un jeune homme sans le sou qui deviendra un des grands po\u00e8tes de son si\u00e8cle.<\/p>\n\n\n\n<p>Par la gr\u00e2ce d\u2019une \u00e9criture all\u00e8gre, le romancier nous entra\u00eene \u00e0 sa suite dans un \u00e9t\u00e9 ardennais qui a sans aucun doute marqu\u00e9 le jeune Willem de Kostrovitski, dont la litt\u00e9rature mondiale retiendra le nom de plume&nbsp;: Guillaume Apollinaire.<\/p>\n\n\n\n<p>D\u00e9couvrez sans tarder ce roman lumineux dont nous avons rencontr\u00e9 l\u2019auteur \u00e0 Bruxelles en janvier 2014.<br><strong><br>Edmond Morrel, Morrel\u2019s House, 25 janvier 2014<\/strong><\/p>\n\n\n\n<figure class=\"wp-block-embed-spotify wp-block-embed is-type-rich is-provider-spotify wp-embed-aspect-21-9 wp-has-aspect-ratio\"><div class=\"wp-block-embed__wrapper\">\n<iframe loading=\"lazy\" width=\"100%\" height=\"232\" allowtransparency=\"true\" frameborder=\"0\" allow=\"encrypted-media\" title=\"Spotify Embed: &quot;La for\u00eat d'Apollinaire&quot; de Christian Libens\" src=\"https:\/\/open.spotify.com\/embed-podcast\/episode\/2GrzNyxKZk6uuDyQabHRgE\"><\/iframe>\n<\/div><\/figure>\n\n\n\n<p>Sur le site des&nbsp;<a href=\"http:\/\/weyrich-edition.be\/fr\/detail-produit\/la-foret-d-apollinaire.htm\" rel=\"noreferrer noopener\" target=\"_blank\">\u00c9ditions Weyrich<\/a>&nbsp;:<br><em><br>Juillet 1899, Guillaume Apollinaire a 19 ans. Sans le sou, il s\u2019installe \u00e0 Stavelot avec son fr\u00e8re Albert pour quelques semaines d\u2019enchantement. De la rencontre de Maria Dubois, son premier amour, \u00e0 la d\u00e9couverte \u00e9merveill\u00e9e des Hautes Fagnes, cette \u00ab&nbsp;\u2009saison en Ardenne\u2009&nbsp;\u00bb marquera \u00e0 jamais la sensibilit\u00e9 de l\u2019auteur du Pont Mirabeau. Pierre, l\u2019ami stavelotain de Guillaume, est le t\u00e9moin de cet \u00e9t\u00e9 magique\u2026<br>M\u00ealant r\u00e9alit\u00e9 et fiction, acteurs vrais et personnages imaginaires, La For\u00eat d\u2019Apollinaire recr\u00e9e \u00ab&nbsp;\u2009sur le motif\u2009&nbsp;\u00bb un moment d\u00e9terminant de la vie du po\u00e8te.<\/em><\/p>\n","protected":false},"excerpt":{"rendered":"<p>Editions Weyrich dans la collection \u00ab\u00a0Plumes du Coq\u00a0\u00bb Nous avons d\u00e9j\u00e0 salu\u00e9 la qualit\u00e9 \u00e9ditoriale du catalogue des Editions Weyrich,&nbsp;[&hellip;]<\/p>\n","protected":false},"author":2,"featured_media":798,"comment_status":"closed","ping_status":"closed","sticky":false,"template":"","format":"standard","meta":{"footnotes":""},"categories":[3],"tags":[],"class_list":["post-797","post","type-post","status-publish","format-standard","has-post-thumbnail","hentry","category-litterature-dici","post-item clearfix"],"_links":{"self":[{"href":"https:\/\/edmondmorrel.be\/index.php?rest_route=\/wp\/v2\/posts\/797","targetHints":{"allow":["GET"]}}],"collection":[{"href":"https:\/\/edmondmorrel.be\/index.php?rest_route=\/wp\/v2\/posts"}],"about":[{"href":"https:\/\/edmondmorrel.be\/index.php?rest_route=\/wp\/v2\/types\/post"}],"author":[{"embeddable":true,"href":"https:\/\/edmondmorrel.be\/index.php?rest_route=\/wp\/v2\/users\/2"}],"replies":[{"embeddable":true,"href":"https:\/\/edmondmorrel.be\/index.php?rest_route=%2Fwp%2Fv2%2Fcomments&post=797"}],"version-history":[{"count":2,"href":"https:\/\/edmondmorrel.be\/index.php?rest_route=\/wp\/v2\/posts\/797\/revisions"}],"predecessor-version":[{"id":803,"href":"https:\/\/edmondmorrel.be\/index.php?rest_route=\/wp\/v2\/posts\/797\/revisions\/803"}],"wp:featuredmedia":[{"embeddable":true,"href":"https:\/\/edmondmorrel.be\/index.php?rest_route=\/wp\/v2\/media\/798"}],"wp:attachment":[{"href":"https:\/\/edmondmorrel.be\/index.php?rest_route=%2Fwp%2Fv2%2Fmedia&parent=797"}],"wp:term":[{"taxonomy":"category","embeddable":true,"href":"https:\/\/edmondmorrel.be\/index.php?rest_route=%2Fwp%2Fv2%2Fcategories&post=797"},{"taxonomy":"post_tag","embeddable":true,"href":"https:\/\/edmondmorrel.be\/index.php?rest_route=%2Fwp%2Fv2%2Ftags&post=797"}],"curies":[{"name":"wp","href":"https:\/\/api.w.org\/{rel}","templated":true}]}}