{"id":734,"date":"2014-01-24T14:20:08","date_gmt":"2014-01-24T13:20:08","guid":{"rendered":"http:\/\/edmondmorrel.be\/?p=734"},"modified":"2020-07-17T14:22:21","modified_gmt":"2020-07-17T12:22:21","slug":"un-inedit-dhenri-vernes-facon-serie-noire","status":"publish","type":"post","link":"https:\/\/edmondmorrel.be\/?p=734","title":{"rendered":"Un in\u00e9dit d&rsquo;Henri Vernes : \u00ab\u00a0Fa\u00e7on S\u00e9rie Noire\u00a0\u00bb"},"content":{"rendered":"\n<h4 class=\"wp-block-heading\">\u00ab\u00a0Fa\u00e7on s\u00e9rie noire\u00a0\u00bb de Henri Vernes, illustrations de Loustal, pr\u00e9face de Jean-Baptiste Baronian, Editions la pierre d\u2019alun, collection \u00ab\u00a0la petite pierre\u00a0\u00bb<\/h4>\n\n\n\n<p>Il est des \u00e9v\u00e9nements dans le monde de l\u2019\u00e9dition qui sont des ravissements. La publication dans la collection \u00ab\u00a0La Petite Pierre\u00a0\u00bb (cr\u00e9\u00e9e et dirig\u00e9e par Jean Marchetti en marge de&nbsp;<a href=\"http:\/\/lapierredalun.skynetblogs.be\/\" rel=\"noreferrer noopener\" target=\"_blank\">\u00ab\u00a0La Pierre d\u2019Alun\u00a0\u00bb<\/a>) d\u2019un in\u00e9dit sign\u00e9 Henri Vernes est un de ces bonheurs rares pour les amateurs de litt\u00e9rature (peu importe si on la qualifie de \u00ab\u00a0populaire\u00a0\u00bb), pour les nostalgiques de Bob Morane, pour les accrocs de la S\u00e9rie Noire.<\/p>\n\n\n\n<p>Ce roman, inachev\u00e9, \u00e9crit en 1957, devient plus de cinquante ans plus tard, un livre d\u2019art, illustr\u00e9 par Jacques De Loustal, \u00e0 se procurer toutes affaires cessantes&nbsp;!<\/p>\n\n\n\n<p>Nous avons rencontr\u00e9 Henri Vernes dans son appartement bruxellois. Il \u00e9voque l\u2019\u00e9criture de ce roman, mais aussi quelques \u00e9pisodes de sa carri\u00e8re litt\u00e9raire. Il nous offre aussi une vraie master-class d\u2019\u00e9criture&nbsp;!<\/p>\n\n\n\n<p>Nous avons \u00e9galement rencontr\u00e9 le pr\u00e9facier de \u00ab\u00a0Fa\u00e7on S\u00e9rie Noire\u00a0\u00bb, Jean-Baptiste Baronian, \u00e9crivain, \u00e9diteur et ami de Henri Vernes.<\/p>\n\n\n\n<p>Quant \u00e0 Jacques De Loustal (qui en a r\u00e9alis\u00e9 des illustrations \u00e9minemment \u00ab\u00a0vintage\u00a0\u00bb) il nous a parl\u00e9 de son travail d\u2019illustrateur, de dessinateur et de peintre dans les trav\u00e9es de la Brafa o\u00f9 il exposait quatre tableaux sur le stand de la Galerie Champaka.<\/p>\n\n\n\n<p><strong>Edmond Morrel, Morrel\u2019s House, Bruxelles<\/strong><\/p>\n\n\n\n<figure class=\"wp-block-embed-spotify wp-block-embed is-type-rich is-provider-spotify wp-embed-aspect-21-9 wp-has-aspect-ratio\"><div class=\"wp-block-embed__wrapper\">\n<iframe loading=\"lazy\" width=\"100%\" height=\"232\" allowtransparency=\"true\" frameborder=\"0\" allow=\"encrypted-media\" title=\"Spotify Embed: Un in\u00e9dit d'Henri Vernes : &quot;Fa\u00e7on S\u00e9rie Noire&quot; 1\/3\" src=\"https:\/\/open.spotify.com\/embed-podcast\/episode\/48GGNCCebTRUmIGlbMrXY0\"><\/iframe>\n<\/div><figcaption>Henri Vernes au micro d&rsquo;Edmond Morrel<\/figcaption><\/figure>\n\n\n\n<figure class=\"wp-block-embed-spotify wp-block-embed is-type-rich is-provider-spotify wp-embed-aspect-21-9 wp-has-aspect-ratio\"><div class=\"wp-block-embed__wrapper\">\n<iframe loading=\"lazy\" width=\"100%\" height=\"232\" allowtransparency=\"true\" frameborder=\"0\" allow=\"encrypted-media\" title=\"Spotify Embed: Un in\u00e9dit d'Henri Vernes : &quot;Fa\u00e7on S\u00e9rie Noire&quot; 2\/3\" src=\"https:\/\/open.spotify.com\/embed-podcast\/episode\/6ThqZVxTxUTn7DBpYnzajf\"><\/iframe>\n<\/div><figcaption>Jean-Baptiste Baronian au micro d&rsquo;Edmond Morrel<\/figcaption><\/figure>\n\n\n\n<figure class=\"wp-block-embed-spotify wp-block-embed is-type-rich is-provider-spotify wp-embed-aspect-21-9 wp-has-aspect-ratio\"><div class=\"wp-block-embed__wrapper\">\n<iframe loading=\"lazy\" width=\"100%\" height=\"232\" allowtransparency=\"true\" frameborder=\"0\" allow=\"encrypted-media\" title=\"Spotify Embed: Un in\u00e9dit d'Henri Vernes : &quot;Fa\u00e7on S\u00e9rie Noire&quot; 3\/3\" src=\"https:\/\/open.spotify.com\/embed-podcast\/episode\/4h1cPVNsxb1ZsEnmVHMhhU\"><\/iframe>\n<\/div><figcaption>Jacques De Loustal au micro d&rsquo;Edmond Morrel<\/figcaption><\/figure>\n","protected":false},"excerpt":{"rendered":"<p>\u00ab\u00a0Fa\u00e7on s\u00e9rie noire\u00a0\u00bb de Henri Vernes, illustrations de Loustal, pr\u00e9face de Jean-Baptiste Baronian, Editions la pierre d\u2019alun, collection \u00ab\u00a0la petite&nbsp;[&hellip;]<\/p>\n","protected":false},"author":2,"featured_media":735,"comment_status":"closed","ping_status":"closed","sticky":false,"template":"","format":"standard","meta":{"footnotes":""},"categories":[3],"tags":[],"class_list":["post-734","post","type-post","status-publish","format-standard","has-post-thumbnail","hentry","category-litterature-dici","post-item clearfix"],"_links":{"self":[{"href":"https:\/\/edmondmorrel.be\/index.php?rest_route=\/wp\/v2\/posts\/734","targetHints":{"allow":["GET"]}}],"collection":[{"href":"https:\/\/edmondmorrel.be\/index.php?rest_route=\/wp\/v2\/posts"}],"about":[{"href":"https:\/\/edmondmorrel.be\/index.php?rest_route=\/wp\/v2\/types\/post"}],"author":[{"embeddable":true,"href":"https:\/\/edmondmorrel.be\/index.php?rest_route=\/wp\/v2\/users\/2"}],"replies":[{"embeddable":true,"href":"https:\/\/edmondmorrel.be\/index.php?rest_route=%2Fwp%2Fv2%2Fcomments&post=734"}],"version-history":[{"count":1,"href":"https:\/\/edmondmorrel.be\/index.php?rest_route=\/wp\/v2\/posts\/734\/revisions"}],"predecessor-version":[{"id":736,"href":"https:\/\/edmondmorrel.be\/index.php?rest_route=\/wp\/v2\/posts\/734\/revisions\/736"}],"wp:featuredmedia":[{"embeddable":true,"href":"https:\/\/edmondmorrel.be\/index.php?rest_route=\/wp\/v2\/media\/735"}],"wp:attachment":[{"href":"https:\/\/edmondmorrel.be\/index.php?rest_route=%2Fwp%2Fv2%2Fmedia&parent=734"}],"wp:term":[{"taxonomy":"category","embeddable":true,"href":"https:\/\/edmondmorrel.be\/index.php?rest_route=%2Fwp%2Fv2%2Fcategories&post=734"},{"taxonomy":"post_tag","embeddable":true,"href":"https:\/\/edmondmorrel.be\/index.php?rest_route=%2Fwp%2Fv2%2Ftags&post=734"}],"curies":[{"name":"wp","href":"https:\/\/api.w.org\/{rel}","templated":true}]}}