{"id":717,"date":"2013-03-31T14:08:00","date_gmt":"2013-03-31T12:08:00","guid":{"rendered":"http:\/\/edmondmorrel.be\/?p=717"},"modified":"2020-07-17T14:27:15","modified_gmt":"2020-07-17T12:27:15","slug":"jean-baptiste-baronian-president-de-lassociation-des-amis-de-simenon","status":"publish","type":"post","link":"https:\/\/edmondmorrel.be\/?p=717","title":{"rendered":"Jean-Baptiste Baronian : Pr\u00e9sident de l&rsquo;Association des Amis de Simenon"},"content":{"rendered":"\n<p><strong>Rencontre avec Jean-Baptiste Baronian, Pr\u00e9sident des Amis de Georges Simenon<\/strong><strong><br><\/strong><\/p>\n\n\n\n<div class=\"wp-block-image\"><figure class=\"alignleft\"><img loading=\"lazy\" decoding=\"async\" width=\"202\" height=\"300\" src=\"https:\/\/edmondmorrel.be\/wp-content\/uploads\/2020\/07\/jpg_Discographie-202x300.jpg\" alt=\"\" class=\"wp-image-718\" srcset=\"https:\/\/edmondmorrel.be\/wp-content\/uploads\/2020\/07\/jpg_Discographie-202x300.jpg 202w, https:\/\/edmondmorrel.be\/wp-content\/uploads\/2020\/07\/jpg_Discographie-200x297.jpg 200w, https:\/\/edmondmorrel.be\/wp-content\/uploads\/2020\/07\/jpg_Discographie.jpg 413w\" sizes=\"auto, (max-width: 202px) 100vw, 202px\" \/><\/figure><\/div>\n\n\n\n<p>Pr\u00e9sident de l\u2019<a href=\"http:\/\/lesamisdegeorgessimenon.blogspot.be\/\" rel=\"noreferrer noopener\" target=\"_blank\">Association des Amis de Georges Simenon<\/a>, Baronian en est un infatigable animateur depuis 1987. Il nous raconte ici les diff\u00e9rentes raisons d\u2019\u00eatre de cette amicale qui publie entre autres les \u00ab\u00a0Cahiers Simenon\u00a0\u00bb, accompagn\u00e9s, depuis 1991 d\u2019in\u00e9dits du p\u00e8re de Maigret. De quoi compl\u00e9ter la biblioth\u00e8que de tout Simenonivore qui se respecte&#8230;<\/p>\n\n\n\n<p><strong><br>Edmond Morrel<\/strong><\/p>\n\n\n\n<figure class=\"wp-block-embed-spotify wp-block-embed is-type-rich is-provider-spotify wp-embed-aspect-21-9 wp-has-aspect-ratio\"><div class=\"wp-block-embed__wrapper\">\n<iframe loading=\"lazy\" width=\"100%\" height=\"232\" allowtransparency=\"true\" frameborder=\"0\" allow=\"encrypted-media\" title=\"Spotify Embed: Jean-Baptiste Baronian ; Pr\u00e9sident de l'Association des Amis de Simenon 1\/2\" src=\"https:\/\/open.spotify.com\/embed-podcast\/episode\/1yptvRsQ0JFI67PZFGfwi7\"><\/iframe>\n<\/div><\/figure>\n\n\n\n<figure class=\"wp-block-embed-spotify wp-block-embed is-type-rich is-provider-spotify wp-embed-aspect-21-9 wp-has-aspect-ratio\"><div class=\"wp-block-embed__wrapper\">\n<iframe loading=\"lazy\" width=\"100%\" height=\"232\" allowtransparency=\"true\" frameborder=\"0\" allow=\"encrypted-media\" title=\"Spotify Embed: Jean-Baptiste Baronian : Pr\u00e9sident de l'Association des Amis de Simenon 2\/2\" src=\"https:\/\/open.spotify.com\/embed-podcast\/episode\/4fPXl90dBhglsv65BNAg8e\"><\/iframe>\n<\/div><\/figure>\n\n\n\n<div style=\"height:40px\" aria-hidden=\"true\" class=\"wp-block-spacer\"><\/div>\n\n\n\n<p>Le secr\u00e9tariat de l\u2019Association est assur\u00e9 par<\/p>\n\n\n\n<p>Michel Schepens,<br>291 Beigemsesteenweg,<br>1852 Grimbergen (Beigem)<br>Belgique<\/p>\n\n\n\n<p>m.schepens@skynet.be<\/p>\n","protected":false},"excerpt":{"rendered":"<p>Rencontre avec Jean-Baptiste Baronian, Pr\u00e9sident des Amis de Georges Simenon Pr\u00e9sident de l\u2019Association des Amis de Georges Simenon, Baronian en&nbsp;[&hellip;]<\/p>\n","protected":false},"author":2,"featured_media":719,"comment_status":"closed","ping_status":"closed","sticky":false,"template":"","format":"standard","meta":{"footnotes":""},"categories":[9],"tags":[],"class_list":["post-717","post","type-post","status-publish","format-standard","has-post-thumbnail","hentry","category-entre-les-lignes","post-item clearfix"],"_links":{"self":[{"href":"https:\/\/edmondmorrel.be\/index.php?rest_route=\/wp\/v2\/posts\/717","targetHints":{"allow":["GET"]}}],"collection":[{"href":"https:\/\/edmondmorrel.be\/index.php?rest_route=\/wp\/v2\/posts"}],"about":[{"href":"https:\/\/edmondmorrel.be\/index.php?rest_route=\/wp\/v2\/types\/post"}],"author":[{"embeddable":true,"href":"https:\/\/edmondmorrel.be\/index.php?rest_route=\/wp\/v2\/users\/2"}],"replies":[{"embeddable":true,"href":"https:\/\/edmondmorrel.be\/index.php?rest_route=%2Fwp%2Fv2%2Fcomments&post=717"}],"version-history":[{"count":1,"href":"https:\/\/edmondmorrel.be\/index.php?rest_route=\/wp\/v2\/posts\/717\/revisions"}],"predecessor-version":[{"id":720,"href":"https:\/\/edmondmorrel.be\/index.php?rest_route=\/wp\/v2\/posts\/717\/revisions\/720"}],"wp:featuredmedia":[{"embeddable":true,"href":"https:\/\/edmondmorrel.be\/index.php?rest_route=\/wp\/v2\/media\/719"}],"wp:attachment":[{"href":"https:\/\/edmondmorrel.be\/index.php?rest_route=%2Fwp%2Fv2%2Fmedia&parent=717"}],"wp:term":[{"taxonomy":"category","embeddable":true,"href":"https:\/\/edmondmorrel.be\/index.php?rest_route=%2Fwp%2Fv2%2Fcategories&post=717"},{"taxonomy":"post_tag","embeddable":true,"href":"https:\/\/edmondmorrel.be\/index.php?rest_route=%2Fwp%2Fv2%2Ftags&post=717"}],"curies":[{"name":"wp","href":"https:\/\/api.w.org\/{rel}","templated":true}]}}