{"id":679,"date":"2015-01-23T12:29:29","date_gmt":"2015-01-23T11:29:29","guid":{"rendered":"http:\/\/edmondmorrel.be\/?p=679"},"modified":"2020-07-17T12:39:13","modified_gmt":"2020-07-17T10:39:13","slug":"les-mardis-de-la-philo-rencontre-avec-frank-pierobon","status":"publish","type":"post","link":"https:\/\/edmondmorrel.be\/?p=679","title":{"rendered":"\u00ab\u00a0Les mardis de la philo\u00a0\u00bb : rencontre avec Frank Pierobon"},"content":{"rendered":"\n<p>Cr\u00e9\u00e9s \u00e0 l\u2019initiative de Martine Legein et Am\u00e9lie d\u2019Oultremont, \u00ab\u00a0les Mardis de la philo\u00a0\u00bb ont entam\u00e9 leur quatri\u00e8me saison. Nous avons eu la curiosit\u00e9 d\u2019interroger un des orateurs de ce programme, le philosophe Frank Pierobon qui, avec Michel Dupuis, Nicolas Monseu et Sophie Klimis pour ce premier semestre 2015 partage sa r\u00e9flexion philosophique avec le public du Th\u00e9\u00e2tre du Vaudeville. Toutes les informations pratiques se trouvent sur le site de&nbsp;<a href=\"http:\/\/www.lesmardisdelaphilo.be\/\" rel=\"noreferrer noopener\" target=\"_blank\">l\u2019asbl Philo.be<\/a><\/p>\n\n\n\n<p>Le th\u00e8me abord\u00e9 par Frank Pierobon s\u2019intitule \u00ab\u00a0Penser le mal, avec Kant et Arendt\u00a0\u00bb. le d\u00e9tail des th\u00e8mes abord\u00e9s ainsi que les calendriers des \u00ab\u00a0mardis\u00a0\u00bb se trouve sur le site de l\u2019association .<\/p>\n\n\n\n<p><strong>Edmond Morrel, le 22 janvier 2015<\/strong><\/p>\n\n\n\n<figure class=\"wp-block-embed-spotify wp-block-embed is-type-rich is-provider-spotify wp-embed-aspect-21-9 wp-has-aspect-ratio\"><div class=\"wp-block-embed__wrapper\">\n<iframe loading=\"lazy\" width=\"100%\" height=\"232\" allowtransparency=\"true\" frameborder=\"0\" allow=\"encrypted-media\" title=\"Spotify Embed: Les mardis de la philo : rencontre avec Frank Pierobon\" src=\"https:\/\/open.spotify.com\/embed-podcast\/episode\/7rnBSb9MazfOvfKln6dbwS\"><\/iframe>\n<\/div><\/figure>\n\n\n\n<p>La liste des ouvrages publi\u00e9s par Frank Pierobon se trouve sur\u00a0<a rel=\"noreferrer noopener\" href=\"http:\/\/fr.wikipedia.org\/wiki\/Frank_Pierobon\" target=\"_blank\">Wikipedia<\/a>. Il est aussi auteur de pi\u00e8ces de th\u00e9\u00e2tre, compositeur et nouvelliste.<br>Nous l\u2019avions, bien s\u00fbr, rencontr\u00e9 dans espace-livres \u00e0 propos de son \u00ab\u00a0Salom\u00e9\u00a0\u00bb :<\/p>\n\n\n\n<figure class=\"wp-block-embed is-type-rich is-provider-contenu-embarque\"><div class=\"wp-block-embed__wrapper\">\n<blockquote class=\"wp-embedded-content\" data-secret=\"1kEtlIpSGo\"><a href=\"https:\/\/edmondmorrel.be\/?p=682\">La trag\u00e9die du regard<\/a><\/blockquote><iframe loading=\"lazy\" class=\"wp-embedded-content\" sandbox=\"allow-scripts\" security=\"restricted\" style=\"position: absolute; clip: rect(1px, 1px, 1px, 1px);\" src=\"https:\/\/edmondmorrel.be\/?p=682&#038;embed=true#?secret=1kEtlIpSGo\" data-secret=\"1kEtlIpSGo\" width=\"600\" height=\"338\" title=\"\u00ab\u00a0La trag\u00e9die du regard\u00a0\u00bb &#8212; \" frameborder=\"0\" marginwidth=\"0\" marginheight=\"0\" scrolling=\"no\"><\/iframe>\n<\/div><\/figure>\n\n\n\n<p>En voici les principaux titres de ses oeuvres philosophiques&nbsp;:<\/p>\n\n\n\n<p>Le sympt\u00f4me AVATAR, \u00c9ditions Vrin, Paris, 2012.<br>Salom\u00e9 ou la trag\u00e9die du regard, Oscar Wilde, l\u2019auteur, le personnage, \u00c9ditions de la Diff\u00e9rence, 2009.<br>L\u2019humanit\u00e9 tragique, contribution \u00e0 une ph\u00e9nom\u00e9nologie de l\u2019\u00e9criture, \u00c9ditions du Cerf, 2008.<br>Kant et les math\u00e9matiques, \u00c9ditions Vrin, Paris, 2003.<br>Syst\u00e8me et repr\u00e9sentation \u2013 \u00e9tude architectonique de la d\u00e9duction transcendantale des cat\u00e9gories dans la Critique de la raison pure d\u2019Emmanuel Kant, J\u00e9r\u00f4me Millon, 1993.<br>Kant et la fondation architectonique de la m\u00e9taphysique, J\u00e9r\u00f4me Millon, 1990.<\/p>\n\n\n\n<p><em><br><strong>Sur le site des Mardis de la Philo&nbsp;:<\/strong><\/em><\/p>\n\n\n\n<p>Pourquoi, pour qui et par qui&nbsp;?<\/p>\n\n\n\n<p>Les Mardis de la Philo.be proposent \u00e0 Bruxelles 24 matin\u00e9es de conf\u00e9rences &#8211; 8 cycles de 6 conf\u00e9rences th\u00e9matiques- qui se donnent tous les mardis matin au th\u00e9\u00e2tre du Vaudeville (dans les Galeries Royales Saint-Hubert), \u00e0 raison de 2 conf\u00e9rences par matin\u00e9e, de 10h \u00e0 13h.<br>La saison 4 commence le mardi 23 septembre 2014 et s\u2019ach\u00e8ve le 30 mars 2015.<\/p>\n\n\n\n<p><strong>Pourquoi&nbsp;?<\/strong><\/p>\n\n\n\n<p>Notre objectif est de chercher \u00e0 mieux comprendre le monde o\u00f9 nous vivons, en suscitant le plaisir de d\u00e9ranger nos certitudes et la jubilation de r\u00e9fl\u00e9chir autrement.<br>Nous invitons d\u2019\u00e9minents philosophes dont la parole claire et vivante aide \u00e0 penser.<br>Le programme se r\u00e9f\u00e8re bien s\u00fbr \u00e0 la tradition philosophique mais touche aussi, sans cesse, aux diff\u00e9rents aspects de notre vie quotidienne.<\/p>\n\n\n\n<p><strong>Pour qui&nbsp;?<\/strong><\/p>\n\n\n\n<p>C\u2019est \u00e0 un public large et divers que nous souhaitons offrir une occasion joyeuse et stimulante de r\u00e9fl\u00e9chir. Aucune formation philosophique pr\u00e9alable n\u2019est requise, mais seulement un esprit ouvert et curieux. La sp\u00e9cificit\u00e9 du projet est que chaque orateur d\u00e9veloppe son th\u00e8me en six conf\u00e9rences&nbsp;; ses auditeurs sont ainsi invit\u00e9s \u00e0 progresser avec lui dans l\u2019approfondissement de son sujet.<br>La possibilit\u00e9 est toutefois ouverte de choisir librement six, douze, dix-huit ou vingt-quatre conf\u00e9rences dans les huit cycles propos\u00e9s. Des r\u00e9sum\u00e9s des conf\u00e9rences auxquelles vous n\u2019auriez pu assister seront mis \u00e0 votre disposition.<\/p>\n\n\n\n<p><strong>Par qui&nbsp;?<\/strong><\/p>\n\n\n\n<p><em>Le projet est une initiative de l\u2019ASBL PHILO.BE (Annexes du Moniteur belge, 27 mai 2011). Cette ASBL rassemble quelques amis belges et fran\u00e7ais r\u00e9unis par un int\u00e9r\u00eat commun pour la philosophie \u2013 la philosophie pour le plaisir, tout simplement- et par le souhait de partager cet int\u00e9r\u00eat aussi largement que possible. Ils sont tous b\u00e9n\u00e9voles et sont aid\u00e9s par un employ\u00e9 \u00e0 mi-temps.<br>Les Mardis de la Philo.be sont libres de toute attache confessionnelle ou politique&nbsp;: le choix des orateurs est r\u00e9solument pluraliste.<\/em><br><\/p>\n","protected":false},"excerpt":{"rendered":"<p>Cr\u00e9\u00e9s \u00e0 l\u2019initiative de Martine Legein et Am\u00e9lie d\u2019Oultremont, \u00ab\u00a0les Mardis de la philo\u00a0\u00bb ont entam\u00e9 leur quatri\u00e8me saison. Nous&nbsp;[&hellip;]<\/p>\n","protected":false},"author":2,"featured_media":680,"comment_status":"closed","ping_status":"closed","sticky":false,"template":"","format":"standard","meta":{"footnotes":""},"categories":[9],"tags":[],"class_list":["post-679","post","type-post","status-publish","format-standard","has-post-thumbnail","hentry","category-entre-les-lignes","post-item clearfix"],"_links":{"self":[{"href":"https:\/\/edmondmorrel.be\/index.php?rest_route=\/wp\/v2\/posts\/679","targetHints":{"allow":["GET"]}}],"collection":[{"href":"https:\/\/edmondmorrel.be\/index.php?rest_route=\/wp\/v2\/posts"}],"about":[{"href":"https:\/\/edmondmorrel.be\/index.php?rest_route=\/wp\/v2\/types\/post"}],"author":[{"embeddable":true,"href":"https:\/\/edmondmorrel.be\/index.php?rest_route=\/wp\/v2\/users\/2"}],"replies":[{"embeddable":true,"href":"https:\/\/edmondmorrel.be\/index.php?rest_route=%2Fwp%2Fv2%2Fcomments&post=679"}],"version-history":[{"count":2,"href":"https:\/\/edmondmorrel.be\/index.php?rest_route=\/wp\/v2\/posts\/679\/revisions"}],"predecessor-version":[{"id":685,"href":"https:\/\/edmondmorrel.be\/index.php?rest_route=\/wp\/v2\/posts\/679\/revisions\/685"}],"wp:featuredmedia":[{"embeddable":true,"href":"https:\/\/edmondmorrel.be\/index.php?rest_route=\/wp\/v2\/media\/680"}],"wp:attachment":[{"href":"https:\/\/edmondmorrel.be\/index.php?rest_route=%2Fwp%2Fv2%2Fmedia&parent=679"}],"wp:term":[{"taxonomy":"category","embeddable":true,"href":"https:\/\/edmondmorrel.be\/index.php?rest_route=%2Fwp%2Fv2%2Fcategories&post=679"},{"taxonomy":"post_tag","embeddable":true,"href":"https:\/\/edmondmorrel.be\/index.php?rest_route=%2Fwp%2Fv2%2Ftags&post=679"}],"curies":[{"name":"wp","href":"https:\/\/api.w.org\/{rel}","templated":true}]}}