{"id":661,"date":"2014-01-16T11:35:01","date_gmt":"2014-01-16T10:35:01","guid":{"rendered":"http:\/\/edmondmorrel.be\/?p=661"},"modified":"2020-07-17T11:47:29","modified_gmt":"2020-07-17T09:47:29","slug":"lorient-mysterieux-et-autres-fadaises-un-livre-de-reference","status":"publish","type":"post","link":"https:\/\/edmondmorrel.be\/?p=661","title":{"rendered":"\u00ab\u00a0L&rsquo;Orient myst\u00e9rieux et autres fadaises\u00a0\u00bb : un livre de r\u00e9f\u00e9rence!"},"content":{"rendered":"\n<p>Voici le livre qu\u2019il faut d\u2019embl\u00e9e inscrire au programme des lectures de l\u2019honn\u00eate homme et \u00e0 celui des \u00e9coles. D\u2019une \u00e9criture aussi agr\u00e9able que l\u2019information y est compl\u00e8te et document\u00e9e, le dernier livre de Fran\u00e7ois Reynaert nous invite \u00e0 la fois \u00e0 \u00e9largir notre champ de connaissance de l\u2019Histoire et \u00e0 modifier notre point de vue pour l\u2019aborder.<\/p>\n\n\n\n<p>En nous racontant 2500 ans d\u2019histoire de l\u2019Orient, avec l\u2019\u00e9l\u00e9gance des fines intelligences, il nous fait comprendre les grands enjeux du pr\u00e9sent et les paris de l\u2019avenir. Comment&nbsp;? En nous racontant ces si\u00e8cles d\u2019Histoire que l\u2019Occident occulte parce qu\u2019il n\u2019en \u00e9tait pas le protagoniste. Sur les pas de Reynaert, en parcourant l\u2019Orient, nous revisitons les empires arabes et ottomans, les civilisations de l\u2019antiquit\u00e9 mais aussi le XX\u00e8me si\u00e8cle.<\/p>\n\n\n\n<p>Un livre passionnant, essentiel et dont on s\u2019\u00e9tonne qu\u2019 il ne nous soit pas venu plus t\u00f4t pour nous donner les instruments de compr\u00e9hension du monde. Souhaitons \u00e0 ce livre d\u2019\u00eatre lu par le plus grand nombre, d\u2019\u00eatre traduit et comment\u00e9, de devenir ce qu\u2019il est&nbsp;: une r\u00e9f\u00e9rence&nbsp;!<\/p>\n\n\n\n<p><strong>Edmond Morrel<\/strong><\/p>\n\n\n\n<figure class=\"wp-block-embed-spotify wp-block-embed is-type-rich is-provider-spotify wp-embed-aspect-21-9 wp-has-aspect-ratio\"><div class=\"wp-block-embed__wrapper\">\n<iframe loading=\"lazy\" width=\"100%\" height=\"232\" allowtransparency=\"true\" frameborder=\"0\" allow=\"encrypted-media\" title=\"Spotify Embed: &quot;L'Orient myst\u00e9rieux et autres fadaises&quot; : un livre de r\u00e9f\u00e9rence !\" src=\"https:\/\/open.spotify.com\/embed-podcast\/episode\/2spP7L6N29wHmkbfhoONO4\"><\/iframe>\n<\/div><\/figure>\n\n\n\n<p><a href=\"http:\/\/www.fayard.fr\/lorient-mysterieux-et-autres-fadaises-9782213668185\" rel=\"noreferrer noopener\" target=\"_blank\">Sur le site de Fayard<\/a><\/p>\n\n\n\n<p>L\u2019Orient myst\u00e9rieux et autres fadaises<br>De l\u2019Orient, la plupart d\u2019entre nous n\u2019ont que de vagues connaissances encombr\u00e9es par quelques clich\u00e9s&nbsp;: les Mille et Une Nuits&nbsp;; l\u2019Andalousie et ses jardins parfum\u00e9s&nbsp;; les turbans et les odalisques des toiles du XIXe si\u00e8cle. Qui sait l\u2019importance r\u00e9elle qu\u2019ont eue dans l\u2019histoire universelle Bagdad avec son million d\u2019habitants en l\u2019an 800, les conqu\u00e9rants mongols qui, au XIIIe si\u00e8cle, ont mis \u00e0 bas l\u2019empire arabe et recompos\u00e9 l\u2019ensemble de l\u2019Asie, ou encore Nasser, qui fit trembler le monde dans les ann\u00e9es 1950&nbsp;?<br>L\u2019Orient myst\u00e9rieux et autres fadaises retrace la passionnante histoire de la M\u00e9diterran\u00e9e, depuis l\u2019Antiquit\u00e9 hell\u00e9nistique jusqu\u2019aux printemps arabes. Vingt-cinq si\u00e8cles en vingt-cinq chapitres. Cette synth\u00e8se vient \u00e9clairer d\u2019un jour nouveau de nombreux \u00e9l\u00e9ments de l\u2019actualit\u00e9&nbsp;: les racines lointaines des guerres entre chiites et sunnites&nbsp;; l\u2019importance historique de l\u2019\u00c9gypte dans le monde arabe&nbsp;; le r\u00eave de puissance du Premier ministre turc\u2026 Elle invite les Europ\u00e9ens \u00e0 sortir de leur histoire pour comprendre enfin celle du monde.<br>Fran\u00e7ois Reynaert est journaliste au Nouvel Observateur. Il y tient depuis 1995 une chronique qui l\u2019a rendu c\u00e9l\u00e8bre. Nos anc\u00eatres les Gaulois et autres fadaises (Fayard, 2010), une histoire de France devenue best-seller, a montr\u00e9 son talent de conteur.<br>Dans notre longue histoire c\u2019est la partie qui manquait. D\u00e9cid\u00e9ment narcissique, l\u2019Occident croit souvent que la marche de la plan\u00e8te se confond avec la sienne. La lumi\u00e8re vient de l\u2019Ouest, pense-t-il&nbsp;: il ne voit l\u2019Orient qu\u2019\u00e0 travers les \u00e9clairages partiels d\u2019une histoire \u00e0 \u00e9clipses.\u00a0\u00bb<\/p>\n","protected":false},"excerpt":{"rendered":"<p>Voici le livre qu\u2019il faut d\u2019embl\u00e9e inscrire au programme des lectures de l\u2019honn\u00eate homme et \u00e0 celui des \u00e9coles. D\u2019une&nbsp;[&hellip;]<\/p>\n","protected":false},"author":2,"featured_media":662,"comment_status":"closed","ping_status":"closed","sticky":false,"template":"","format":"standard","meta":{"footnotes":""},"categories":[8],"tags":[],"class_list":["post-661","post","type-post","status-publish","format-standard","has-post-thumbnail","hentry","category-essais","post-item clearfix"],"_links":{"self":[{"href":"https:\/\/edmondmorrel.be\/index.php?rest_route=\/wp\/v2\/posts\/661","targetHints":{"allow":["GET"]}}],"collection":[{"href":"https:\/\/edmondmorrel.be\/index.php?rest_route=\/wp\/v2\/posts"}],"about":[{"href":"https:\/\/edmondmorrel.be\/index.php?rest_route=\/wp\/v2\/types\/post"}],"author":[{"embeddable":true,"href":"https:\/\/edmondmorrel.be\/index.php?rest_route=\/wp\/v2\/users\/2"}],"replies":[{"embeddable":true,"href":"https:\/\/edmondmorrel.be\/index.php?rest_route=%2Fwp%2Fv2%2Fcomments&post=661"}],"version-history":[{"count":2,"href":"https:\/\/edmondmorrel.be\/index.php?rest_route=\/wp\/v2\/posts\/661\/revisions"}],"predecessor-version":[{"id":667,"href":"https:\/\/edmondmorrel.be\/index.php?rest_route=\/wp\/v2\/posts\/661\/revisions\/667"}],"wp:featuredmedia":[{"embeddable":true,"href":"https:\/\/edmondmorrel.be\/index.php?rest_route=\/wp\/v2\/media\/662"}],"wp:attachment":[{"href":"https:\/\/edmondmorrel.be\/index.php?rest_route=%2Fwp%2Fv2%2Fmedia&parent=661"}],"wp:term":[{"taxonomy":"category","embeddable":true,"href":"https:\/\/edmondmorrel.be\/index.php?rest_route=%2Fwp%2Fv2%2Fcategories&post=661"},{"taxonomy":"post_tag","embeddable":true,"href":"https:\/\/edmondmorrel.be\/index.php?rest_route=%2Fwp%2Fv2%2Ftags&post=661"}],"curies":[{"name":"wp","href":"https:\/\/api.w.org\/{rel}","templated":true}]}}