{"id":647,"date":"2015-12-02T11:20:16","date_gmt":"2015-12-02T10:20:16","guid":{"rendered":"http:\/\/edmondmorrel.be\/?p=647"},"modified":"2020-07-17T12:43:36","modified_gmt":"2020-07-17T10:43:36","slug":"loeil-solaire-lallegorie-de-la-caverne-vue-par-frank-pierobon","status":"publish","type":"post","link":"https:\/\/edmondmorrel.be\/?p=647","title":{"rendered":"\u00ab\u00a0L&rsquo;Oeil solaire\u00a0\u00bb : l&rsquo;all\u00e9gorie de la Caverne vue par Frank Pierobon"},"content":{"rendered":"\n<p>Professeur de philo et animateur des \u00ab\u00a0Mardis de la philo\u00a0\u00bb, Frank Pierobon consacre son dernier ouvrage en date \u00e0 une nouvelle exploration de \u00ab\u00a0La Caverne\u00a0\u00bb de Platon. Cet \u00ab\u00a0Oeil solaire\u00a0\u00bb b\u00e9n\u00e9ficie \u00e0 n\u2019en pas douter de la double exp\u00e9rience d\u2019enseignant et de conf\u00e9rencier de l\u2019auteur, soucieux d\u2019\u00e9viter, tant que faire se peut, un langage trop \u00ab\u00a0technique\u00a0\u00bb ou abscons. Moyennant bien s\u00fbr un effort &#8211; qui fait partie du bonheur de d\u00e9chiffrer ou d\u00e9fricher la philo &#8211; le lecteur non sp\u00e9cialiste mais int\u00e9ress\u00e9 par une r\u00e9flexion sur la pens\u00e9e, le langage, le signe, l\u2019image trouvera dans cet essai mati\u00e8re \u00e0 nourrir sa curiosit\u00e9. Pierobon a voulu resituer le texte de \u00ab\u00a0La caverne\u00a0\u00bb dans le contexte historique de l\u2019\u00e9poque o\u00f9 ce texte a vu le jour. Wikipedia nous rappelle le contexte&nbsp;: \u00ab\u00a0L\u2019all\u00e9gorie de la caverne est une all\u00e9gorie expos\u00e9e par Platon dans le Livre VII de La R\u00e9publique. Elle met en sc\u00e8ne des hommes encha\u00een\u00e9s et immobilis\u00e9s dans une demeure souterraine qui tournent le dos \u00e0 l\u2019entr\u00e9e et ne voient que leurs ombres et celles projet\u00e9es d\u2019objets au loin derri\u00e8re eux. Elle expose en termes imag\u00e9s les conditions d\u2019accession de l\u2019homme \u00e0 la connaissance de la r\u00e9alit\u00e9, ainsi que la non moins difficile transmission de cette connaissance.\u00a0\u00bb<br>En allant aux origines de ce texte, en le resituant dans l\u2019environnement culturel et scientifique de l\u2019Ath\u00e8nes de Platon, Pierobon y d\u00e9c\u00e8le une ind\u00e9niable modernit\u00e9.<br><strong><br>Edmond Morrel, Bruxelles le 1 d\u00e9cembre 2015<\/strong><\/p>\n\n\n\n<figure class=\"wp-block-embed-spotify wp-block-embed is-type-rich is-provider-spotify wp-embed-aspect-21-9 wp-has-aspect-ratio\"><div class=\"wp-block-embed__wrapper\">\n<iframe loading=\"lazy\" width=\"100%\" height=\"232\" allowtransparency=\"true\" frameborder=\"0\" allow=\"encrypted-media\" title=\"Spotify Embed: &quot;L'oeil solaire&quot; : l'all\u00e9gorie de la Caverne vue par Frank Pierobon\" src=\"https:\/\/open.spotify.com\/embed-podcast\/episode\/1vfBPYoqKXKbKKqXAEf0lW\"><\/iframe>\n<\/div><\/figure>\n\n\n\n<p>Nous avions rencontr\u00e9 Frank Pierobon \u00e0 plusieurs reprises. Ces interviews sont toujours accessibles :<\/p>\n\n\n\n<figure class=\"wp-block-embed is-type-rich is-provider-contenu-embarque\"><div class=\"wp-block-embed__wrapper\">\n<blockquote class=\"wp-embedded-content\" data-secret=\"rBDBpJUONA\"><a href=\"https:\/\/edmondmorrel.be\/?p=679\">\u00ab\u00a0Les mardis de la philo\u00a0\u00bb : rencontre avec Frank Pierobon<\/a><\/blockquote><iframe loading=\"lazy\" class=\"wp-embedded-content\" sandbox=\"allow-scripts\" security=\"restricted\" style=\"position: absolute; clip: rect(1px, 1px, 1px, 1px);\" src=\"https:\/\/edmondmorrel.be\/?p=679&#038;embed=true#?secret=rBDBpJUONA\" data-secret=\"rBDBpJUONA\" width=\"600\" height=\"338\" title=\"\u00ab\u00a0\u00ab\u00a0Les mardis de la philo\u00a0\u00bb : rencontre avec Frank Pierobon\u00a0\u00bb &#8212; \" frameborder=\"0\" marginwidth=\"0\" marginheight=\"0\" scrolling=\"no\"><\/iframe>\n<\/div><\/figure>\n\n\n\n<figure class=\"wp-block-embed is-type-rich is-provider-contenu-embarque\"><div class=\"wp-block-embed__wrapper\">\n<blockquote class=\"wp-embedded-content\" data-secret=\"7n0IVfEGeb\"><a href=\"https:\/\/edmondmorrel.be\/?p=682\">La trag\u00e9die du regard<\/a><\/blockquote><iframe loading=\"lazy\" class=\"wp-embedded-content\" sandbox=\"allow-scripts\" security=\"restricted\" style=\"position: absolute; clip: rect(1px, 1px, 1px, 1px);\" src=\"https:\/\/edmondmorrel.be\/?p=682&#038;embed=true#?secret=7n0IVfEGeb\" data-secret=\"7n0IVfEGeb\" width=\"600\" height=\"338\" title=\"\u00ab\u00a0La trag\u00e9die du regard\u00a0\u00bb &#8212; \" frameborder=\"0\" marginwidth=\"0\" marginheight=\"0\" scrolling=\"no\"><\/iframe>\n<\/div><\/figure>\n\n\n\n<figure class=\"wp-block-embed is-type-rich is-provider-contenu-embarque\"><div class=\"wp-block-embed__wrapper\">\n<blockquote class=\"wp-embedded-content\" data-secret=\"ETXu2rZMcr\"><a href=\"https:\/\/edmondmorrel.be\/?p=686\">Une page se tourne au Th\u00e9\u00e2tre Po\u00e8me<\/a><\/blockquote><iframe loading=\"lazy\" class=\"wp-embedded-content\" sandbox=\"allow-scripts\" security=\"restricted\" style=\"position: absolute; clip: rect(1px, 1px, 1px, 1px);\" src=\"https:\/\/edmondmorrel.be\/?p=686&#038;embed=true#?secret=ETXu2rZMcr\" data-secret=\"ETXu2rZMcr\" width=\"600\" height=\"338\" title=\"\u00ab\u00a0Une page se tourne au Th\u00e9\u00e2tre Po\u00e8me\u00a0\u00bb &#8212; \" frameborder=\"0\" marginwidth=\"0\" marginheight=\"0\" scrolling=\"no\"><\/iframe>\n<\/div><\/figure>\n\n\n\n<p><a href=\"http:\/\/www.metispresses.ch\/shop\/l-oeil-solaire\/\" rel=\"noreferrer noopener\" target=\"_blank\">Sur le site de l\u2019\u00e9diteur&nbsp;:<\/a><\/p>\n\n\n\n<p><em>Pour les anciens Grecs, le regard est h\u00e9lioeid\u00e8s. Il \u00e9met un flux visuel de nature lumineuse qui se conjoint \u00e0 la lumi\u00e8re solaire pour rendre visibles les choses \u00e9clair\u00e9es. Il est aussi, loin de tout miroir, le moyen \u2013 gr\u00e2ce au regard d\u2019autrui recrois\u00e9 avec le sien propre \u2013 de s\u2019attester mutuellement de son existence. En tenant pleinement compte de ces conclusions, avanc\u00e9es par des sp\u00e9cialistes de l\u2019histoire de l\u2019optique et de l\u2019iconographie, Frank Pierobon propose une relecture philosophique de l\u2019All\u00e9gorie platonicienne de la Caverne dont les cons\u00e9quences, multiples, ouvrent \u00e0 une compr\u00e9hension renouvel\u00e9e du plus fameux des mythes platoniciens.<\/em><\/p>\n\n\n\n<p><em>Ce gain interpr\u00e9tatif est mis \u00e0 profit dans la seconde partie de L\u2019oeil solaire, o\u00f9 sont r\u00e9\u00e9valu\u00e9s philosophiquement le refus tr\u00e8s marqu\u00e9 d\u2019un Socrate par rapport \u00e0 l\u2019\u00e9criture et son articulation avec sa propre r\u00e9incarnation scripturale, le dialogue, forme litt\u00e9raire tout \u00e0 fait nouvelle pour l\u2019\u00e9poque. Frank Pierobon met ainsi en lumi\u00e8re la double valence de l\u2019\u00e9criture platonicienne, \u00e0 la fois testimoniale \u2013 redonnant vie \u00e0 Socrate pensant \u2013 et eid\u00e9tique \u2013 r\u00e9activant le mouvement d\u00e9bordant de la pens\u00e9e \u00e0 partir de la figure du philosophe. Il propose ainsi une r\u00e9flexion novatrice sur la pens\u00e9e selon qu\u2019elle naisse du dialogue et de la vie (o\u00f9 l\u2019\u00e9change de regards joue un r\u00f4le essentiel) ou bien de l\u2019\u00e9criture.<\/em><br><\/p>\n","protected":false},"excerpt":{"rendered":"<p>Professeur de philo et animateur des \u00ab\u00a0Mardis de la philo\u00a0\u00bb, Frank Pierobon consacre son dernier ouvrage en date \u00e0 une&nbsp;[&hellip;]<\/p>\n","protected":false},"author":2,"featured_media":648,"comment_status":"closed","ping_status":"closed","sticky":false,"template":"","format":"standard","meta":{"footnotes":""},"categories":[8],"tags":[],"class_list":["post-647","post","type-post","status-publish","format-standard","has-post-thumbnail","hentry","category-essais","post-item clearfix"],"_links":{"self":[{"href":"https:\/\/edmondmorrel.be\/index.php?rest_route=\/wp\/v2\/posts\/647","targetHints":{"allow":["GET"]}}],"collection":[{"href":"https:\/\/edmondmorrel.be\/index.php?rest_route=\/wp\/v2\/posts"}],"about":[{"href":"https:\/\/edmondmorrel.be\/index.php?rest_route=\/wp\/v2\/types\/post"}],"author":[{"embeddable":true,"href":"https:\/\/edmondmorrel.be\/index.php?rest_route=\/wp\/v2\/users\/2"}],"replies":[{"embeddable":true,"href":"https:\/\/edmondmorrel.be\/index.php?rest_route=%2Fwp%2Fv2%2Fcomments&post=647"}],"version-history":[{"count":2,"href":"https:\/\/edmondmorrel.be\/index.php?rest_route=\/wp\/v2\/posts\/647\/revisions"}],"predecessor-version":[{"id":692,"href":"https:\/\/edmondmorrel.be\/index.php?rest_route=\/wp\/v2\/posts\/647\/revisions\/692"}],"wp:featuredmedia":[{"embeddable":true,"href":"https:\/\/edmondmorrel.be\/index.php?rest_route=\/wp\/v2\/media\/648"}],"wp:attachment":[{"href":"https:\/\/edmondmorrel.be\/index.php?rest_route=%2Fwp%2Fv2%2Fmedia&parent=647"}],"wp:term":[{"taxonomy":"category","embeddable":true,"href":"https:\/\/edmondmorrel.be\/index.php?rest_route=%2Fwp%2Fv2%2Fcategories&post=647"},{"taxonomy":"post_tag","embeddable":true,"href":"https:\/\/edmondmorrel.be\/index.php?rest_route=%2Fwp%2Fv2%2Ftags&post=647"}],"curies":[{"name":"wp","href":"https:\/\/api.w.org\/{rel}","templated":true}]}}