{"id":5697,"date":"2026-04-26T08:50:48","date_gmt":"2026-04-26T06:50:48","guid":{"rendered":"https:\/\/edmondmorrel.be\/?p=5697"},"modified":"2026-04-26T08:50:48","modified_gmt":"2026-04-26T06:50:48","slug":"philippe-reynaert-lhomme-aux-lunettes-blanches-evoque-livresse-des-livres-le-film-de-philippe-reypens-adapte-du-recueil-de-nouvelles-de-jean-jauniaux","status":"publish","type":"post","link":"https:\/\/edmondmorrel.be\/?p=5697","title":{"rendered":"Philippe Reynaert, \u00ab\u00a0L&rsquo;homme aux lunettes blanches\u00a0\u00bb,  \u00e9voque \u00ab\u00a0L&rsquo;ivresse des livres\u00a0\u00bb, le film de Philippe Reypens adapt\u00e9 du recueil de nouvelles de Jean Jauniaux."},"content":{"rendered":"\n<p><em><mark style=\"background-color:rgba(0, 0, 0, 0);color:#942020\" class=\"has-inline-color\"><sub>En mai 2026 aura lieu l\u2019avant-premi\u00e8re officielle du film \u00ab\u00a0L\u2019ivresse des livres\u00a0\u00bb, un court-m\u00e9trage (30\u2019) r\u00e9alis\u00e9 par <strong>Philippe Reypens<\/strong>, adapt\u00e9 d\u2019une des nouvelles du recueil homonyme de <strong>Jean Jauniaux<\/strong>, <\/sub><\/mark><\/em><mark style=\"background-color:rgba(0, 0, 0, 0);color:#942020\" class=\"has-inline-color\"><a href=\"https:\/\/www.meo-editions.be\/product-page\/l-ivresses-des-livres-jean-jauniaux\"><sub>L\u2019ivresse des livres <\/sub><\/a><\/mark><em><a href=\"https:\/\/www.meo-editions.be\/product-page\/l-ivresses-des-livres-jean-jauniaux\"><sub><mark style=\"background-color:rgba(0, 0, 0, 0);color:#942020\" class=\"has-inline-color\">que les \u00c9ditions MEO viennent de r\u00e9-\u00e9diter.<\/mark><\/sub><\/a><mark style=\"background-color:rgba(0, 0, 0, 0);color:#942020\" class=\"has-inline-color\"><sub> A l\u2019ouverture d\u2019une des projections, organis\u00e9e par la <a href=\"https:\/\/www.bibliocharlesbertin.be\/\">Biblioth\u00e8que Charles Bertin \u00e0 Rhode Saint Gen\u00e8se<\/a>, <strong>Philippe Reynaert<\/strong> (\u00ab\u00a0L\u2019homme aux lunettes blanches\u00a0\u00bb) a \u00e9voqu\u00e9 la carri\u00e8re et la personnalit\u00e9 du r\u00e9alisateur. Il nous a autoris\u00e9 \u00e0 publier ici le texte de cette \u00e9vocation vibrante. S\u2019agissant d\u2019un court-m\u00e9trage, c\u2019est principalement dans le cadre de festivals ou de manifestations li\u00e9es au th\u00e8me abord\u00e9 dans cette fiction \u2013 une c\u00e9l\u00e9bration de la litt\u00e9rature -que le public aura l\u2019occasion de le voir et de partager l\u2019enthousiasme de Philippe Reynaert, mais aussi de l\u2019auteur de la nouvelle \u00e0 l\u2019origine de ce court-m\u00e9trage. <\/sub><\/mark><\/em><\/p>\n\n\n<div class=\"wp-block-image\">\n<figure class=\"alignleft size-large is-resized\"><img loading=\"lazy\" decoding=\"async\" width=\"1024\" height=\"768\" src=\"https:\/\/edmondmorrel.be\/wp-content\/uploads\/2026\/04\/IMG_3381-1024x768.jpeg\" alt=\"\" class=\"wp-image-5700\" style=\"width:447px;height:auto\" srcset=\"https:\/\/edmondmorrel.be\/wp-content\/uploads\/2026\/04\/IMG_3381-1024x768.jpeg 1024w, https:\/\/edmondmorrel.be\/wp-content\/uploads\/2026\/04\/IMG_3381-300x225.jpeg 300w, https:\/\/edmondmorrel.be\/wp-content\/uploads\/2026\/04\/IMG_3381-768x576.jpeg 768w, https:\/\/edmondmorrel.be\/wp-content\/uploads\/2026\/04\/IMG_3381-200x150.jpeg 200w, https:\/\/edmondmorrel.be\/wp-content\/uploads\/2026\/04\/IMG_3381-690x518.jpeg 690w, https:\/\/edmondmorrel.be\/wp-content\/uploads\/2026\/04\/IMG_3381.jpeg 1280w\" sizes=\"auto, (max-width: 1024px) 100vw, 1024px\" \/><figcaption class=\"wp-element-caption\"><sup>P. Reynaert, P. Reypens et J. Jauniaux (\u00a9 Myriam Debehault)<\/sup><\/figcaption><\/figure>\n<\/div>\n\n\n<h2 class=\"wp-block-heading\">\u00ab\u00a0Philippe Reypens: un cin\u00e9aste libre, tenace, sinc\u00e8re\u00a0\u00bb (P. Reynaert)<\/h2>\n\n\n\n<p>Ce soir, avant que les lumi\u00e8res s&rsquo;\u00e9teignent et que la magie op\u00e8re, j&rsquo;aimerais vous dire quelques mots sur l&rsquo;homme qui est au centre de cette soir\u00e9e \u2014 et qui, j&rsquo;en suis convaincu, m\u00e9rite bien plus que quelques mots. Philippe Reypens. Un nom qui devrait r\u00e9sonner bien plus fort dans le paysage culturel belge qu&rsquo;il ne le fait aujourd&rsquo;hui. Et c&rsquo;est pr\u00e9cis\u00e9ment pour cela que je suis heureux d&rsquo;\u00eatre l\u00e0 ce soir pour parler de lui et avec lui. Philippe Reypens, c&rsquo;est d&rsquo;abord un m\u00e9lomane \u00e9gar\u00e9 du bon c\u00f4t\u00e9 de la cam\u00e9ra. Ancien choriste, il a tr\u00e8s t\u00f4t compris que le cin\u00e9ma pouvait \u00eatre le prolongement naturel de sa passion pour la voix, pour la musique, pour tout ce qui vibre et qui \u00e9meut. Son premier documentaire,\u00a0<em>L&rsquo;Or des anges<\/em>, consacr\u00e9 aux ma\u00eetrises vocales en Europe, a \u00e9t\u00e9 vendu dans huit pays \u2014 du Canada au Japon. Pas mal pour quelqu&rsquo;un dont des esprits \u00e9triqu\u00e9s pr\u00e9tendaient que ses histoires \u00ab\u00a0n&rsquo;int\u00e9resseraient que des bonnes s\u0153urs et des cur\u00e9s\u00a0\u00bb\u2026<\/p>\n\n\n\n<p>Depuis, Philippe a construit une \u0153uvre coh\u00e9rente, exigeante, profond\u00e9ment humaine \u2014 une trilogie sur l&rsquo;art et la vocation, un documentaire bouleversant sur le chef de ch\u0153ur Edward Higginbottom \u00e0 Oxford\u2026 Des films qui circulent, qui touchent, qui laissent une trace.<\/p>\n\n\n\n<p>Et pourtant. Et pourtant, Philippe Reypens est aussi l&rsquo;un de ces cin\u00e9astes que notre establishment culturel a trop souvent regard\u00e9 avec m\u00e9fiance. En 28 ans de carri\u00e8re, il a essuy\u00e9 28 refus de financement. 28. C&rsquo;est un chiffre qui aurait d\u00e9courag\u00e9 n&rsquo;importe qui. Mais pas lui. Parce que Philippe a cette chose rare : il croit en ses histoires. Il y croit avec une obstination tranquille qui force le respect.<\/p>\n\n\n\n<p><em>L&rsquo;Ivresse des Livres<\/em>, son nouveau court-m\u00e9trage, s&rsquo;inspire d&rsquo;une nouvelle de Jean Jauniaux<em> <\/em>.\u00a0<\/p>\n\n\n<div class=\"wp-block-image\">\n<figure class=\"alignright size-large is-resized\"><img loading=\"lazy\" decoding=\"async\" width=\"1024\" height=\"426\" src=\"https:\/\/edmondmorrel.be\/wp-content\/uploads\/2026\/04\/Capture-decran-2026-04-26-a-08.32.07-1024x426.png\" alt=\"\" class=\"wp-image-5702\" style=\"aspect-ratio:2.403834422657952;width:490px;height:auto\" srcset=\"https:\/\/edmondmorrel.be\/wp-content\/uploads\/2026\/04\/Capture-decran-2026-04-26-a-08.32.07-1024x426.png 1024w, https:\/\/edmondmorrel.be\/wp-content\/uploads\/2026\/04\/Capture-decran-2026-04-26-a-08.32.07-300x125.png 300w, https:\/\/edmondmorrel.be\/wp-content\/uploads\/2026\/04\/Capture-decran-2026-04-26-a-08.32.07-768x319.png 768w, https:\/\/edmondmorrel.be\/wp-content\/uploads\/2026\/04\/Capture-decran-2026-04-26-a-08.32.07-1536x639.png 1536w, https:\/\/edmondmorrel.be\/wp-content\/uploads\/2026\/04\/Capture-decran-2026-04-26-a-08.32.07-200x83.png 200w, https:\/\/edmondmorrel.be\/wp-content\/uploads\/2026\/04\/Capture-decran-2026-04-26-a-08.32.07-690x287.png 690w, https:\/\/edmondmorrel.be\/wp-content\/uploads\/2026\/04\/Capture-decran-2026-04-26-a-08.32.07-1320x549.png 1320w, https:\/\/edmondmorrel.be\/wp-content\/uploads\/2026\/04\/Capture-decran-2026-04-26-a-08.32.07.png 1938w\" sizes=\"auto, (max-width: 1024px) 100vw, 1024px\" \/><\/figure>\n<\/div>\n\n\n<p>Rien que le titre dit d\u00e9j\u00e0 quelque chose de Philippe Reypens&nbsp;&nbsp;comme de Jean Jauniaux : cette id\u00e9e qu&rsquo;on peut \u00eatre ivre \u2014 transport\u00e9, d\u00e9bord\u00e9, submerg\u00e9 \u2014 par la litt\u00e9rature, par les mots, par les histoires des autres. C&rsquo;est exactement ce qu\u2019ont toujours fait l\u2019\u00e9crivain dans ses livres et Philippe Reypens dans ses films : nous offrir une ivresse douce et lucide \u00e0 la fois.<\/p>\n\n\n\n<p>Je suis attentif au travail de Philippe Reypens depuis ses d\u00e9buts mais nous nous sommes encore rapproch\u00e9s ces derniers mois quand il m\u2019a propos\u00e9 de lire le sc\u00e9nario d\u2019un long m\u00e9trage de fiction inspir\u00e9 de Stefan Zweig. S\u00e9duit par ce texte en devenir, je lui ai propos\u00e9 de le faire lire par Jean Jauniaux dont la culture litt\u00e9raire et la connaissance de l\u2019\u00e9crivain autrichien pourraient l\u2019aider. Et le premier r\u00e9sultat de leur rencontre &#8230; est le court-m\u00e9trage que nous allons d\u00e9couvrir ce soir&nbsp;!<\/p>\n\n\n<div class=\"wp-block-image\">\n<figure class=\"alignleft size-large is-resized\"><img loading=\"lazy\" decoding=\"async\" width=\"714\" height=\"1024\" src=\"https:\/\/edmondmorrel.be\/wp-content\/uploads\/2026\/04\/Capture-decran-2026-04-26-a-08.16.54-714x1024.png\" alt=\"\" class=\"wp-image-5703\" style=\"aspect-ratio:0.6972747360667813;width:159px;height:auto\" srcset=\"https:\/\/edmondmorrel.be\/wp-content\/uploads\/2026\/04\/Capture-decran-2026-04-26-a-08.16.54-714x1024.png 714w, https:\/\/edmondmorrel.be\/wp-content\/uploads\/2026\/04\/Capture-decran-2026-04-26-a-08.16.54-209x300.png 209w, https:\/\/edmondmorrel.be\/wp-content\/uploads\/2026\/04\/Capture-decran-2026-04-26-a-08.16.54-200x287.png 200w, https:\/\/edmondmorrel.be\/wp-content\/uploads\/2026\/04\/Capture-decran-2026-04-26-a-08.16.54-690x990.png 690w, https:\/\/edmondmorrel.be\/wp-content\/uploads\/2026\/04\/Capture-decran-2026-04-26-a-08.16.54.png 764w\" sizes=\"auto, (max-width: 714px) 100vw, 714px\" \/><\/figure>\n<\/div>\n\n\n<p>Je suis tr\u00e8s fier, \u00e0 vrai dire, d\u2019avoir rapproch\u00e9 ces deux talents que j\u2019admire. Et je le suis tout autant d\u2019avoir accompagn\u00e9 Philippe Reypens lors de sa premi\u00e8re rencontre avec Fabrizio Rongione, r\u00f4le principal du court m\u00e9trage qui renforce encore sa pertinence.&nbsp;<\/p>\n\n\n\n<p>Voil\u00e0, j\u2019aurais voulu parler aussi de la qualit\u00e9 de la photographie sign\u00e9e par <strong>Michel Baudour<\/strong>, saluer la fid\u00e9lit\u00e9 et la t\u00e9nacit\u00e9 du producteur <strong>Fr\u00e9d\u00e9ric Chanteux<\/strong>, mais je terminerai en vous demandant de prendre un instant pour reconna\u00eetre ce que Philippe Reypens repr\u00e9sente : un cin\u00e9aste libre, tenace, sinc\u00e8re.\u00a0<\/p>\n\n\n\n<p>Quelqu&rsquo;un qui fait des films parce qu&rsquo;il ne peut pas ne pas en faire.<\/p>\n\n\n\n<p>Philippe, merci pour cette nouvelle ivresse. Et bravo.<\/p>\n\n\n\n<p><strong>Philippe Reynaert,<\/strong><\/p>\n\n\n\n<p><strong>A propos du film <a href=\"https:\/\/www.facebook.com\/profile.php?id=61576022051350\">\u00ab\u00a0L&rsquo;ivresse des livres\u00a0\u00bb <\/a><\/strong><\/p>\n\n\n\n<p>Le film de Philippe Reypens met en sc\u00e8ne \u00ab ce que peut la litt\u00e9rature \u00bb \u00e0 travers une fable moderne qui c\u00e9l\u00e8bre le pouvoir insoup\u00e7onn\u00e9 de l\u2019invention romanesque et de la lecture.\u00a0L\u2019histoire\u00a0:Thomas est un c\u00e9libataire d&rsquo;une cinquantaine d&rsquo;ann\u00e9es. C\u2019est un solitaire qui a trouv\u00e9 son bonheur dans l\u2019amour des livres et aupr\u00e8s de ses chats B\u00e9bert et Colette. La lecture occupe sa vie. Et c\u2019est r\u00e9guli\u00e8rement qu\u2019il fait des lectures publiques pour faire partager ses coups de c\u0153ur litt\u00e9raires. Alors, lorsque Thomas apprend qu\u2019il est atteint d\u2019une r\u00e9tinite et qu\u2019il va perdre la vue, il se lance dans un projet fou : celui d\u2019enregistrer les cent livres qui ont marqu\u00e9 sa vie de lecteur et qu\u2019il pourra ainsi r\u00e9-\u00e9couter une fois devenu aveugle. En attendant, il s&rsquo;oblige \u00e0 porter un masque sur les yeux dans le but de s\u2019habituer \u00e0 son futur handicap. Mais ces r\u00e9solutions ne seront pas sans effet\u2026<\/p>\n\n\n\n<p>Le casting\u00a0: S\u00e9duit par la d\u00e9licatesse de cette histoire, c\u2019est le com\u00e9dien belge\u00a0<a href=\"https:\/\/www.allocine.fr\/personne\/fichepersonne_gen_cpersonne=29189.html\" target=\"_blank\" rel=\"noreferrer noopener\"><strong>Fabrizio Rongione<\/strong><\/a>\u00a0qui incarne le r\u00f4le de Thomas, notre passionn\u00e9 de lecture. Et c&rsquo;est\u00a0<a href=\"https:\/\/www.brunogeoris.be\/\" target=\"_blank\" rel=\"noreferrer noopener\"><strong>Bruno Georis<\/strong><\/a>\u00a0qui, v\u00eatu de sa blouse d&rsquo;ophtalmologue, aura la d\u00e9licate mission de lui apprendre la mauvaise nouvelle&#8230; Fabrizio Rongione sera entour\u00e9 par un autre com\u00e9dien belge,\u00a0<a href=\"https:\/\/www.imdb.com\/fr\/name\/nm1138758\/\" target=\"_blank\" rel=\"noreferrer noopener\"><strong>Thierry De Coster<\/strong><\/a>, l&rsquo;ami ing\u00e9nieur du son de Thomas, et par la com\u00e9dienne fran\u00e7aise\u00a0<a href=\"https:\/\/www.allocine.fr\/personne\/fichepersonne_gen_cpersonne=28264.html\" target=\"_blank\" rel=\"noreferrer noopener\"><strong>Catherine Aymerie<\/strong><\/a>\u00a0avec qui le r\u00e9alisateur a d\u00e9j\u00e0 travaill\u00e9 sur\u00a0<em>Le Songe<\/em>\u00a0et\u00a0<em>Eliot<\/em>\u00a0et \u00e0 qui ce dernier a confi\u00e9 le r\u00f4le d\u2019Albertine Simonet , et aussi par l\u2019actrice et r\u00e9alisatrice\u00a0<a href=\"https:\/\/www.psychepiras.com\/\" target=\"_blank\" rel=\"noreferrer noopener\"><strong>Psych\u00e9 Piras<\/strong><\/a>\u00a0qui a accept\u00e9 de se glisser dans la peau d&rsquo;un autre personnage f\u00e9minin, celui de Francine.<\/p>\n","protected":false},"excerpt":{"rendered":"<p>En mai 2026 aura lieu l\u2019avant-premi\u00e8re officielle du film \u00ab\u00a0L\u2019ivresse des livres\u00a0\u00bb, un court-m\u00e9trage (30\u2019) r\u00e9alis\u00e9 par Philippe Reypens, adapt\u00e9&nbsp;[&hellip;]<\/p>\n","protected":false},"author":2,"featured_media":0,"comment_status":"closed","ping_status":"closed","sticky":false,"template":"","format":"standard","meta":{"footnotes":""},"categories":[1],"tags":[],"class_list":["post-5697","post","type-post","status-publish","format-standard","hentry","category-non-classe","post-item clearfix"],"_links":{"self":[{"href":"https:\/\/edmondmorrel.be\/index.php?rest_route=\/wp\/v2\/posts\/5697","targetHints":{"allow":["GET"]}}],"collection":[{"href":"https:\/\/edmondmorrel.be\/index.php?rest_route=\/wp\/v2\/posts"}],"about":[{"href":"https:\/\/edmondmorrel.be\/index.php?rest_route=\/wp\/v2\/types\/post"}],"author":[{"embeddable":true,"href":"https:\/\/edmondmorrel.be\/index.php?rest_route=\/wp\/v2\/users\/2"}],"replies":[{"embeddable":true,"href":"https:\/\/edmondmorrel.be\/index.php?rest_route=%2Fwp%2Fv2%2Fcomments&post=5697"}],"version-history":[{"count":7,"href":"https:\/\/edmondmorrel.be\/index.php?rest_route=\/wp\/v2\/posts\/5697\/revisions"}],"predecessor-version":[{"id":5707,"href":"https:\/\/edmondmorrel.be\/index.php?rest_route=\/wp\/v2\/posts\/5697\/revisions\/5707"}],"wp:attachment":[{"href":"https:\/\/edmondmorrel.be\/index.php?rest_route=%2Fwp%2Fv2%2Fmedia&parent=5697"}],"wp:term":[{"taxonomy":"category","embeddable":true,"href":"https:\/\/edmondmorrel.be\/index.php?rest_route=%2Fwp%2Fv2%2Fcategories&post=5697"},{"taxonomy":"post_tag","embeddable":true,"href":"https:\/\/edmondmorrel.be\/index.php?rest_route=%2Fwp%2Fv2%2Ftags&post=5697"}],"curies":[{"name":"wp","href":"https:\/\/api.w.org\/{rel}","templated":true}]}}