{"id":5639,"date":"2025-10-23T11:14:53","date_gmt":"2025-10-23T09:14:53","guid":{"rendered":"https:\/\/edmondmorrel.be\/?p=5639"},"modified":"2025-10-24T07:44:42","modified_gmt":"2025-10-24T05:44:42","slug":"le-film-est-a-20-heures-lautobiographie-a-quatre-mains-deric-van-beuren-preface-de-jean-michel-ribes","status":"publish","type":"post","link":"https:\/\/edmondmorrel.be\/?p=5639","title":{"rendered":"\u00ab\u00a0Le film est \u00e0 20 heures\u00a0\u00bb : l&rsquo;autobiographie \u00e0 quatre mains d&rsquo;Eric Van Beuren. Pr\u00e9face de Jean-Michel Ribes."},"content":{"rendered":"\n<p><strong><a href=\"https:\/\/www.ederneditions.com\/page-produit\/le-film-est-a-20-heures\"><em>Le film est \u00e0 20 heures, Souvenirs amus\u00e9s d\u2019un cin\u00e9aste cynophile,&nbsp;<\/em>R\u00e9cit- Roman, \u00c9ric Van Beuren- Plateau, \u00c9ditions Asmod\u00e9e-Edern, 320 p., 25 EUROS, ISBN 978-2-39075-248-6&nbsp;<\/a><\/strong><\/p>\n\n\n\n<p>&nbsp;Lors d\u2019une rencontre litt\u00e9raire organis\u00e9e au si\u00e8ge de la Maison d\u2019\u00e9dition Asmod\u00e9e-Edern, il a \u00e9t\u00e9 question de l\u2019histoire du cin\u00e9ma belge.&nbsp;<\/p>\n\n\n<div class=\"wp-block-image\">\n<figure class=\"alignright size-large is-resized\"><img loading=\"lazy\" decoding=\"async\" width=\"650\" height=\"1024\" src=\"https:\/\/edmondmorrel.be\/wp-content\/uploads\/2025\/10\/Capture-decran-2025-10-23-a-10.45.17-650x1024.png\" alt=\"\" class=\"wp-image-5640\" style=\"width:288px;height:auto\" srcset=\"https:\/\/edmondmorrel.be\/wp-content\/uploads\/2025\/10\/Capture-decran-2025-10-23-a-10.45.17-650x1024.png 650w, https:\/\/edmondmorrel.be\/wp-content\/uploads\/2025\/10\/Capture-decran-2025-10-23-a-10.45.17-190x300.png 190w, https:\/\/edmondmorrel.be\/wp-content\/uploads\/2025\/10\/Capture-decran-2025-10-23-a-10.45.17-768x1209.png 768w, https:\/\/edmondmorrel.be\/wp-content\/uploads\/2025\/10\/Capture-decran-2025-10-23-a-10.45.17-200x315.png 200w, https:\/\/edmondmorrel.be\/wp-content\/uploads\/2025\/10\/Capture-decran-2025-10-23-a-10.45.17-690x1087.png 690w, https:\/\/edmondmorrel.be\/wp-content\/uploads\/2025\/10\/Capture-decran-2025-10-23-a-10.45.17.png 922w\" sizes=\"auto, (max-width: 650px) 100vw, 650px\" \/><\/figure>\n<\/div>\n\n\n<p>Men\u00e9 tambour battant par une des figures de proue de la promotion du septi\u00e8me art, Philippe Reynaert (oui, \u00ab&nbsp;l\u2019homme aux lunettes blanches&nbsp;\u00bb), l\u2019entretien avait pour heureux pr\u00e9texte la sortie d\u2019un livre, un \u00ab\u00a0r\u00e9cit-roman\u00a0\u00bb dont le genre en litt\u00e9rature s\u2019apparenterait au \u00ab&nbsp;docu-fiction&nbsp;\u00bb en cin\u00e9ma. L\u2019ouvrage, pr\u00e9fac\u00e9 par Jean-Michel Ribes (excusez du peu), parcourt avec brio la biographie de son auteur&nbsp;&nbsp;Eric Van Beuren, dont le lecteur d\u00e9couvrira qu\u2019il est bien davantage que le producteur de cin\u00e9ma et de t\u00e9l\u00e9vision que l\u2019on conna\u00eet (<em>T\u00e9l\u00e9chat<\/em>,&nbsp;<em>Le Renard \u00e0 l\u2019Anneau d\u2019or, Souvenir of Gibraltar,<\/em>&nbsp;<em>Marquis<\/em>,&nbsp;<em>Les ma\u00eetres de l\u2019orge<\/em>&nbsp;etc..)&nbsp;<\/p>\n\n\n\n<p>De cette autobiographie, co-\u00e9crite avec Marcel (son chien singuli\u00e8rement utile pour \u00e9voquer ce que le ma\u00eetre aurait pr\u00e9f\u00e9r\u00e9 escamoter, par pudeur ou am\u00e9nit\u00e9) le producteur de cin\u00e9ma a constitu\u00e9 un archipel de courts chapitres dont les balises sont autant d\u2019\u00e9vocations de l\u2019amiti\u00e9, sans laquelle l\u2019auteur reconna\u00eet que rien de ce qu\u2019il a entrepris n\u2019aurait pu se r\u00e9aliser.&nbsp;<\/p>\n\n\n\n<p>Van Beuren s\u2019essaie m\u00eame \u00e0 d\u00e9finir l\u2019amiti\u00e9, dont \u00ab&nbsp;certaines rel\u00e8vent du c\u00e9leste, de l\u2019apostolat&nbsp;\u00bb, dont il renonce bien vite \u00e0 en cerner la complexit\u00e9 th\u00e9orique, pour \u00e9voquer, et ce pour notre plus grand bonheur de lecteur, la mani\u00e8re concr\u00e8te dont elle s\u2019est incarn\u00e9e. En faisant appel \u00e0 Marcel (son chien narrateur) pour alterner le point de vue, et lib\u00e9rer la parole, Eric Van Beuren s\u2019arr\u00eate, de chapitre en chapitre, dans une succession d\u2019escales dont les lecteurs de sa g\u00e9n\u00e9ration et toutes les g\u00e9n\u00e9rations de cin\u00e9philes, se souviendront qu\u2019il y ont assist\u00e9\u2026 Que ce soient les actualit\u00e9s&nbsp;<em>Belgavox<\/em>, &#8211; les d\u00e9buts de la carri\u00e8re de Van Beuren, cameraman &#8211; , la cr\u00e9ation de y.c. Aligator Film \u2013 on apprendra ce que signifient les deux initiales minuscules y.c. -, la s\u00e9rie t\u00e9l\u00e9&nbsp;<em>Le Renard \u00e0 l\u2019Anneau d\u2019Or&nbsp;<\/em>adapt\u00e9 du roman de l\u2019autrice belge Nelly Kristink, le long m\u00e9trage&nbsp;<em>Souvenir of Gibraltar\u2026<\/em>et, finalement l\u2019ensemble de la filmographie de Van Beuren, chaque moment de cette vie se transforme sous la plume de l\u2019auteur ou la patte de son chien (qui \u00e9crit en italique), en \u00e9pisodes d\u2019une saga virevoltante, dr\u00f4le et grave, palpitante \u00e0 chacune des \u00e9tapes d\u2019une vie hors-normes. Les passages les plus \u00e9mouvants sont bien s\u00fbr ceux consacr\u00e9s \u00e0 cette ind\u00e9fectible amiti\u00e9 avec Henri Xhonneux et au vide que laissa son d\u00e9c\u00e8s \u00e0 49 ans, l\u2019amiti\u00e9 aussi avec Topor qui compl\u00e9tait un des trios les plus cr\u00e9atifs du cin\u00e9ma et de l\u2019audiovisuel belge francophone.<\/p>\n\n\n\n<p>Au fil du r\u00e9cit \u2013 qui d\u00e9bute tout de m\u00eame en nous r\u00e9v\u00e9lant que Van Beuren a particip\u00e9 aux J.O. de Tokyo en 1974\u00a0! \u2013 apparaissent les noms et les visages du cin\u00e9ma et de l&rsquo;audiovisuel belge contemporain du trio, les Marion H\u00e4nsel, Wajnberg, Vercruysse, Ingber, Chantal Ackerman, Henri Roanne, Louis-Philippe Capelle, Michel Baudour&#8230;. On y d\u00e9couvre les coulisses des march\u00e9s de l&rsquo;audiovisuel (MIP TV), des Festivals (Cannes, Annecy, Moscou \u2013 l\u2019occasion d\u2019une rencontre manqu\u00e9e avec Jacques Tati\u2026), celles des financements publics ou priv\u00e9s, l\u2019\u00e9volution aussi du paysage audiovisuel, transform\u00e9 du tout au tout au cours des cinq derni\u00e8res d\u00e9cennies.\u00a0<\/p>\n\n\n\n<p>Avec ce t\u00e9moignage, habilement construit pour \u00eatre lu d\u2019une traite, la biblioth\u00e8que consacr\u00e9e au cin\u00e9ma belge s\u2019enrichit d\u2019un nouveau volume. Il rejoint et compl\u00e8te les ouvrages (que nous avons d\u00e9j\u00e0 comment\u00e9 \u00e0 leurs sorties respectives) de Fr\u00e9d\u00e9ric Sojcher et Philippe Reynaerts. Il est \u00e0 remarquer que les trois t\u00e9moins (Van Beuren, Sojcher et Reynaerts) sont de plus en plus explicitement attir\u00e9s par la litt\u00e9rature de fiction. Gageons qu\u2019\u00e0 l\u2019instar du&nbsp;<em>Fac Off<\/em>&nbsp;(Fr\u00e9d\u00e9ric Sojcher) et du&nbsp;<em>1955&nbsp;<\/em>(Philippe Reynaert), le roman annonc\u00e9 de Van Beuren ne devrait plus tarder.&nbsp;<\/p>\n\n\n\n<p>Pour notre plus grand bonheur de cin\u00e9phile et de lecteur\u2026<\/p>\n\n\n\n<p><strong>Jean Jauniaux<\/strong>, le 23 octobre 2025.<\/p>\n\n\n\n<p>Pour compl\u00e9ter, voici les liens vers quelques chroniques et interviews \u00e0 propos d\u2019ouvrages consacr\u00e9s au cin\u00e9ma belge:<\/p>\n\n\n\n<p><a href=\"https:\/\/edmondmorrel.be\/?p=5583\">Philippe Reynaert,&nbsp;<em>1955,&nbsp;<\/em>Editions Lamiroy, collection \u00ab&nbsp;Cette ann\u00e9e-l\u00e0&nbsp;\u00bb<\/a><\/p>\n\n\n\n<p><a href=\"https:\/\/edmondmorrel.be\/?p=5050\">Philippe Reynaert, <em>De julien Gracq \u00e0 Andr\u00e9 Delvaux<\/em>, Editions du CEP<\/a><\/p>\n\n\n\n<p>Fr\u00e9d\u00e9ric Sojcher, <em>Anatomie du cin\u00e9ma, <\/em>Editions Nouveau Monde<\/p>\n\n\n\n<p><strong><a href=\"https:\/\/edmondmorrel.be\/?p=4127\">Fr\u00e9d\u00e9ric Sojcher, <em>Main basse sur le film <\/em>, Editions Gen\u00e8se<\/a><\/strong><\/p>\n\n\n\n<p><strong><a href=\"https:\/\/www.espace-livres.be\/spip.php?article1950\">Fr\u00e9d\u00e9ric Sojcher, <em>Le fant\u00f4me de Truffaut,<\/em> Les Impressions nouvelles<\/a><\/strong><\/p>\n\n\n\n<p><strong><a href=\"https:\/\/www.espace-livres.be\/spip.php?article1469\">Fr\u00e9d\u00e9ric Sojcher, <em>Manifeste du cin\u00e9aste, <\/em>Editions Klincksiek<\/a><\/strong><\/p>\n\n\n\n<p>Etc, Etc&#8230;<\/p>\n\n\n\n<p><strong><a href=\"https:\/\/www.ederneditions.com\/page-produit\/le-film-est-a-20-heures\">Sur le site de l&rsquo;\u00e9diteur:<\/a><\/strong><\/p>\n\n\n\n<p>Qui ne se souvient de la s\u00e9rie T\u00e9l\u00e9chat de Henri Xhonneux et Roland Topor, du sulfureux long-m\u00e9trage Marquis des m\u00eames auteurs-r\u00e9alisateurs, de la s\u00e9rie Les ma\u00eetres de l&rsquo;orge \u00e9crite par Jean Van Hamme ?<br>Eric Van Beuren en \u00e9tait le producteur. Il d\u00e9crit sa vie passionnante dans les coulisses de ces cr\u00e9ations qui l&rsquo;ont mobilis\u00e9 pendant tant d&rsquo;ann\u00e9es.<br>\u00c0 83 ans, en filigrane, il nous parle de l&rsquo;amiti\u00e9 avec un grand A, celle qui est indispensable pour r\u00e9ussir \u00e0 voyager dans ce fascinant m\u00e9tier de producteur audiovisuel.<br>Ce faisant, il retrace l&rsquo;aventure de ce jeune cin\u00e9ma belge qui a succ\u00e9d\u00e9 aux premi\u00e8res ann\u00e9es des Meyer, Storck et Delvaux, un cin\u00e9ma aujourd&rsquo;hui reconnu et admir\u00e9 dans le monde entier. Mais c&rsquo;est \u00e0 son chien, son ami noir, qu&rsquo;il a d\u00e9cid\u00e9 de confier ce qu&rsquo;il pr\u00e9f\u00e9rait taire.\u00a0\u00bb<\/p>\n","protected":false},"excerpt":{"rendered":"<p>Le film est \u00e0 20 heures, Souvenirs amus\u00e9s d\u2019un cin\u00e9aste cynophile,&nbsp;R\u00e9cit- Roman, \u00c9ric Van Beuren- Plateau, \u00c9ditions Asmod\u00e9e-Edern, 320 p.,&nbsp;[&hellip;]<\/p>\n","protected":false},"author":2,"featured_media":0,"comment_status":"closed","ping_status":"closed","sticky":false,"template":"","format":"standard","meta":{"footnotes":""},"categories":[1],"tags":[],"class_list":["post-5639","post","type-post","status-publish","format-standard","hentry","category-non-classe","post-item clearfix"],"_links":{"self":[{"href":"https:\/\/edmondmorrel.be\/index.php?rest_route=\/wp\/v2\/posts\/5639","targetHints":{"allow":["GET"]}}],"collection":[{"href":"https:\/\/edmondmorrel.be\/index.php?rest_route=\/wp\/v2\/posts"}],"about":[{"href":"https:\/\/edmondmorrel.be\/index.php?rest_route=\/wp\/v2\/types\/post"}],"author":[{"embeddable":true,"href":"https:\/\/edmondmorrel.be\/index.php?rest_route=\/wp\/v2\/users\/2"}],"replies":[{"embeddable":true,"href":"https:\/\/edmondmorrel.be\/index.php?rest_route=%2Fwp%2Fv2%2Fcomments&post=5639"}],"version-history":[{"count":2,"href":"https:\/\/edmondmorrel.be\/index.php?rest_route=\/wp\/v2\/posts\/5639\/revisions"}],"predecessor-version":[{"id":5643,"href":"https:\/\/edmondmorrel.be\/index.php?rest_route=\/wp\/v2\/posts\/5639\/revisions\/5643"}],"wp:attachment":[{"href":"https:\/\/edmondmorrel.be\/index.php?rest_route=%2Fwp%2Fv2%2Fmedia&parent=5639"}],"wp:term":[{"taxonomy":"category","embeddable":true,"href":"https:\/\/edmondmorrel.be\/index.php?rest_route=%2Fwp%2Fv2%2Fcategories&post=5639"},{"taxonomy":"post_tag","embeddable":true,"href":"https:\/\/edmondmorrel.be\/index.php?rest_route=%2Fwp%2Fv2%2Ftags&post=5639"}],"curies":[{"name":"wp","href":"https:\/\/api.w.org\/{rel}","templated":true}]}}