{"id":5459,"date":"2024-11-09T10:34:12","date_gmt":"2024-11-09T09:34:12","guid":{"rendered":"http:\/\/edmondmorrel.be\/?p=5459"},"modified":"2024-11-09T10:34:12","modified_gmt":"2024-11-09T09:34:12","slug":"maison-du-peuple-65-un-album-bd-de-baudouin-deville-dessin-berengere-marquebreucq-mise-en-lumiere-et-patrick-weber-scenario","status":"publish","type":"post","link":"https:\/\/edmondmorrel.be\/?p=5459","title":{"rendered":"\u00ab\u00a0Maison du peuple 65\u00a0\u00bb un album BD de Baudouin Deville (dessin) , B\u00e9reng\u00e8re Marquebreucq (mise en lumi\u00e8re) et Patrick Weber (sc\u00e9nario)"},"content":{"rendered":"\n<p>Vient de para\u00eetre aux <strong><a href=\"https:\/\/www.editionsanspach.com\/\">\u00c9ditions Anspach<\/a> <\/strong>un nouvel opus de la s\u00e9rie \u00e0 succ\u00e8s: l&rsquo;Histoire de Belgique racont\u00e9e \u00e0 travers des \u00e9pisodes v\u00e9cus par Kathleen la protagoniste centrale des r\u00e9cits racont\u00e9s par l\u2019historien (et romancier) Patrick Weber. De 1943 \u00e0 1967 le lecteur a pu se replonger dans des \u00e9v\u00e9nements qui ont marqu\u00e9 la m\u00e9moire collective: l&rsquo;Occupation (<em>Bruxelles 1943<\/em>), l&rsquo;exposition universelle (<em>Sourire 58<\/em>), l&rsquo;ind\u00e9pendance du Congo (<em>L\u00e9opoldville 60<\/em>), l&rsquo;incendie des grands magasins l&rsquo;Innovation (<em>Innovation 67<\/em>). Avec <em>Maison du peuple 65<\/em>, c&rsquo;est \u00e0 la fois l&rsquo;histoire de l&rsquo;Art nouveau, l&rsquo;oeuvre de Victor Horta et le saccage du patrimoine architectural \u00e0 Bruxelles qui sont racont\u00e9s \u00e0 travers un reportage que Kathleen, aujourd&rsquo;hui journaliste \u00e0 la RTB, a d\u00e9cid\u00e9 de mener \u00e0 bien.<\/p>\n\n\n<div class=\"wp-block-image\">\n<figure class=\"alignright size-full\"><img loading=\"lazy\" decoding=\"async\" width=\"367\" height=\"500\" src=\"https:\/\/edmondmorrel.be\/wp-content\/uploads\/2024\/11\/Capture-decran-2024-11-09-a-10.17.36.png\" alt=\"\" class=\"wp-image-5462\" srcset=\"https:\/\/edmondmorrel.be\/wp-content\/uploads\/2024\/11\/Capture-decran-2024-11-09-a-10.17.36.png 367w, https:\/\/edmondmorrel.be\/wp-content\/uploads\/2024\/11\/Capture-decran-2024-11-09-a-10.17.36-220x300.png 220w, https:\/\/edmondmorrel.be\/wp-content\/uploads\/2024\/11\/Capture-decran-2024-11-09-a-10.17.36-200x272.png 200w\" sizes=\"auto, (max-width: 367px) 100vw, 367px\" \/><\/figure>\n<\/div>\n\n\n<p>Am\u00e9nag\u00e9e en \u00ab\u00a0thriller\u00a0\u00bb, l&rsquo;enqu\u00eate de la journaliste devient le fil conducteur d&rsquo;une visite de Bruxelles \u00e0 la veille de la d\u00e9molition de la Maison du Peuple. Par son dessin magistralement \u00ab\u00a0mis en lumi\u00e8re\u00a0\u00bb par B\u00e9reng\u00e8re Marquebreucq, Baudouin Deville restitue une imagerie sensible et nostalgique de la capitale, en ces ann\u00e9es o\u00f9 on roulait en DAF, o\u00f9 les <em>Caravelle<\/em> de la Sabena atterrissaient sur le tarmac en b\u00e9ton de l&rsquo;a\u00e9roport national, o\u00f9 dans les bureaux de la r\u00e9daction de Flagey on fumait all\u00e8grement des cigarettes Belga ou Z\u00e9mir, avant d&rsquo;aller aux r\u00e9ceptions donn\u00e9es au sommet de la Tour Martini&#8230; <\/p>\n\n\n\n<p>Cet album synth\u00e9tise ce qui fait l&rsquo;engouement du public pour l\u2019ensemble de la s\u00e9rie: un sc\u00e9nario \u00ab\u00a0page turner\u00a0\u00bb , un dessin \u00ab\u00a0ligne claire\u00a0\u00bb parfaitement adapt\u00e9 aux d\u00e9cors et accessoires de l&rsquo;\u00e9poque, une mise en lumi\u00e8re qui sublime les atmosph\u00e8res urbaines &#8211; et dans ce volume le d\u00e9fi suppl\u00e9mentaire d&rsquo;\u00e9clairer l&rsquo;architecture Horta . Tout cela  mis au service de la transmission de moments significatifs de l&rsquo;histoire belge que la narration en BD permet de raconter au plus pr\u00e8s des souvenirs que les contemporains ont conserv\u00e9s de ces temps r\u00e9volus, mais  annonciateurs des \u00ab\u00a0progr\u00e8s\u00a0\u00bb auxquels ils ont conduit. <\/p>\n\n\n\n<p>A la s\u00e9rie des Kathleen, il convient d&rsquo;ajouter un album <em>Spa 1906<\/em> publi\u00e9 simultan\u00e9ment, avec au sc\u00e9nario Patrick Weber et au dessin Olivier Wozniak. Dans cette pure fiction, le lecteur sera plong\u00e9 dans l&rsquo;ambiance de la Belle \u00e9poque au coeur de la cit\u00e9 thermale. <\/p>\n\n\n\n<p><strong>Jean Jauniaux<\/strong> le 9 novembre 2024<\/p>\n\n\n\n<p>Nous avons rencontr\u00e9 B\u00e9reng\u00e8re Marquebreucq et Baudouin Deville. Ils \u00e9voquent la mise en lumi\u00e8re et le dessin de \u00ab\u00a0<em>Maison du peuple 65&Prime; <\/em>&#8230; A \u00e9couter sur Soundcloud :<\/p>\n\n\n\n<figure class=\"wp-block-embed is-type-rich is-provider-soundcloud wp-block-embed-soundcloud\"><div class=\"wp-block-embed__wrapper\">\n<iframe loading=\"lazy\" title=\"Rencontre avec B\u00e9reng\u00e8re Marquebreucq et Baudouin Deville by Jean Jauniaux\" width=\"1170\" height=\"400\" scrolling=\"no\" frameborder=\"no\" src=\"https:\/\/w.soundcloud.com\/player\/?visual=true&#038;url=https%3A%2F%2Fapi.soundcloud.com%2Ftracks%2F1953740547&#038;show_artwork=true&#038;maxheight=1000&#038;maxwidth=1170\"><\/iframe>\n<\/div><\/figure>\n\n\n\n<p><\/p>\n","protected":false},"excerpt":{"rendered":"<p>Vient de para\u00eetre aux \u00c9ditions Anspach un nouvel opus de la s\u00e9rie \u00e0 succ\u00e8s: l&rsquo;Histoire de Belgique racont\u00e9e \u00e0 travers&nbsp;[&hellip;]<\/p>\n","protected":false},"author":2,"featured_media":0,"comment_status":"closed","ping_status":"","sticky":false,"template":"","format":"standard","meta":{"footnotes":""},"categories":[1],"tags":[],"class_list":["post-5459","post","type-post","status-publish","format-standard","hentry","category-non-classe","post-item clearfix"],"_links":{"self":[{"href":"https:\/\/edmondmorrel.be\/index.php?rest_route=\/wp\/v2\/posts\/5459","targetHints":{"allow":["GET"]}}],"collection":[{"href":"https:\/\/edmondmorrel.be\/index.php?rest_route=\/wp\/v2\/posts"}],"about":[{"href":"https:\/\/edmondmorrel.be\/index.php?rest_route=\/wp\/v2\/types\/post"}],"author":[{"embeddable":true,"href":"https:\/\/edmondmorrel.be\/index.php?rest_route=\/wp\/v2\/users\/2"}],"replies":[{"embeddable":true,"href":"https:\/\/edmondmorrel.be\/index.php?rest_route=%2Fwp%2Fv2%2Fcomments&post=5459"}],"version-history":[{"count":4,"href":"https:\/\/edmondmorrel.be\/index.php?rest_route=\/wp\/v2\/posts\/5459\/revisions"}],"predecessor-version":[{"id":5464,"href":"https:\/\/edmondmorrel.be\/index.php?rest_route=\/wp\/v2\/posts\/5459\/revisions\/5464"}],"wp:attachment":[{"href":"https:\/\/edmondmorrel.be\/index.php?rest_route=%2Fwp%2Fv2%2Fmedia&parent=5459"}],"wp:term":[{"taxonomy":"category","embeddable":true,"href":"https:\/\/edmondmorrel.be\/index.php?rest_route=%2Fwp%2Fv2%2Fcategories&post=5459"},{"taxonomy":"post_tag","embeddable":true,"href":"https:\/\/edmondmorrel.be\/index.php?rest_route=%2Fwp%2Fv2%2Ftags&post=5459"}],"curies":[{"name":"wp","href":"https:\/\/api.w.org\/{rel}","templated":true}]}}