{"id":5442,"date":"2024-10-18T12:43:08","date_gmt":"2024-10-18T10:43:08","guid":{"rendered":"http:\/\/edmondmorrel.be\/?p=5442"},"modified":"2024-10-18T12:43:08","modified_gmt":"2024-10-18T10:43:08","slug":"compostez-moi-un-film-documentaire-exceptionnel-de-gazelle-gaignaire-produit-par-image-creation","status":"publish","type":"post","link":"https:\/\/edmondmorrel.be\/?p=5442","title":{"rendered":"\u00ab\u00a0Compostez-moi!\u00a0\u00bb , un film documentaire (exceptionnel!) de Gazelle Gaignaire produit par Image-Cr\u00e9ation"},"content":{"rendered":"\n<p>Qu\u2019est-ce qu\u2019un documentaire de cr\u00e9ation&nbsp;? Depuis la naissance du cin\u00e9ma, le film documentaire a permis de raconter le r\u00e9el en utilisant les ressources de la narration. Au contraire du \u00ab&nbsp;reportage&nbsp;\u00bb qui t\u00e9moigne d\u2019une r\u00e9alit\u00e9, le \u00ab&nbsp;documentaire&nbsp;\u00bb r\u00e9unit une s\u00e9rie d&rsquo;ingr\u00e9dients qui lui appartiennent en propre et font de ce cin\u00e9ma-l\u00e0 un genre singulier, original, authentique et indispensable.<\/p>\n\n\n\n<p><strong><a href=\"http:\/\/imagecreation.be\/\">La soci\u00e9t\u00e9 de production Imagecr\u00e9ation.com<\/a><\/strong>, bas\u00e9e \u00e0 Bruxelles, se consacre depuis pr\u00e8s de quarante ans \u00e0 la cr\u00e9ation de films documentaires. Il suffit de consulter la filmographie de la soci\u00e9t\u00e9 bruxelloise pour se rendre compte de la vari\u00e9t\u00e9 des sujets que le cin\u00e9ma documentaire aborde, en les \u00e9clairant chaque fois d\u2019un point de vue singulier. <\/p>\n\n\n<div class=\"wp-block-image\">\n<figure class=\"alignright size-large is-resized\"><img loading=\"lazy\" decoding=\"async\" width=\"848\" height=\"1024\" src=\"https:\/\/edmondmorrel.be\/wp-content\/uploads\/2024\/10\/Capture-decran-2024-10-18-a-12.34.10-848x1024.png\" alt=\"\" class=\"wp-image-5443\" style=\"width:391px;height:auto\" srcset=\"https:\/\/edmondmorrel.be\/wp-content\/uploads\/2024\/10\/Capture-decran-2024-10-18-a-12.34.10-848x1024.png 848w, https:\/\/edmondmorrel.be\/wp-content\/uploads\/2024\/10\/Capture-decran-2024-10-18-a-12.34.10-248x300.png 248w, https:\/\/edmondmorrel.be\/wp-content\/uploads\/2024\/10\/Capture-decran-2024-10-18-a-12.34.10-768x927.png 768w, https:\/\/edmondmorrel.be\/wp-content\/uploads\/2024\/10\/Capture-decran-2024-10-18-a-12.34.10-200x241.png 200w, https:\/\/edmondmorrel.be\/wp-content\/uploads\/2024\/10\/Capture-decran-2024-10-18-a-12.34.10-690x833.png 690w, https:\/\/edmondmorrel.be\/wp-content\/uploads\/2024\/10\/Capture-decran-2024-10-18-a-12.34.10.png 858w\" sizes=\"auto, (max-width: 848px) 100vw, 848px\" \/><\/figure>\n<\/div>\n\n\n<p>Le dernier film en date, \u00ab&nbsp;Compostez-moi&nbsp;!&nbsp;\u00bb apporte une nouvelle fois la d\u00e9monstration \u00e9clatante de cet art de raconter, en privil\u00e9giant un point de vue mis en situation par la proximit\u00e9 des protagonistes du r\u00e9cit, en m\u00eame temps acteurs et t\u00e9moins. A ces \u00e9l\u00e9ments, il convient d\u2019ajouter le \u00ab&nbsp;style&nbsp;\u00bb, cette vibration de l\u2019\u00e9criture cin\u00e9matographique qui fait de chaque film la source d\u2019une \u00e9motion distincte.<\/p>\n\n\n\n<p>La r\u00e9alisatrice Gazelle Gaignaire a r\u00e9uni pour son film \u00ab&nbsp;Compostez-moi&nbsp;!&nbsp;\u00bb, l\u2019ensemble de ces ingr\u00e9dients pour transformer un sujet en un formidable r\u00e9cit dont la port\u00e9e va bien au-del\u00e0 de ce qui nous est dit et montr\u00e9.<\/p>\n\n\n\n<p>Ce qui nous est dit et montr\u00e9 c&rsquo;est le combat intellectuel, \u00e9thique, et juridique qui est men\u00e9 par des hommes et femmes qui plaident pour obtenir le droit de choisir le compostage comme troisi\u00e8me mode de s\u00e9pulture (en plus de l\u2019inhumation et de la cr\u00e9mation, seuls autoris\u00e9s).<\/p>\n\n\n\n<p>La r\u00e9alisatrice a r\u00e9uni autour de son projet des t\u00e9moignages engag\u00e9s, mais sereins dans les pays o\u00f9 cette pratique a \u00e9t\u00e9 l\u00e9galis\u00e9e. Aux USA, aux Pays-Bas, en Allemagne, au Royaume -uni elle a interrog\u00e9 les intervenants\u00a0: entrepreneurs de pompes fun\u00e8bres, mais aussi famille des d\u00e9funts. Cela nous vaut, notamment, une s\u00e9quence bouleversante de r\u00e9cits donn\u00e9s par les familles \u00e9voquant ce qu\u2019a repr\u00e9sent\u00e9 pour elles le deuil v\u00e9cu apr\u00e8s une humusation.<\/p>\n\n\n\n<p>Le fil conducteur du fil est d\u00e9roul\u00e9 par une personnalit\u00e9 hors normes, attachante et vive, Cl\u00e9o Duponcheel. Voici ce qu\u2019en dit la r\u00e9alisatrice\u00a0: <em>\u00ab\u00a0Jeune, pleine de curiosit\u00e9, d\u2019\u00e9nergie et de courage, elle est la protagoniste principale du documentaire. Entrepreneure des pompes fun\u00e8bres qu\u2019elle a nomm\u00e9es \u00ab Croque-Madame \u00bb, Cl\u00e9o incarne le changement qui na\u00eet de l\u2019int\u00e9rieur du secteur fun\u00e9raire. Elle d\u00e9fend le compostage humain pour son utilit\u00e9 \u00e9cologique \u2212 le recyclage int\u00e9gral de notre mati\u00e8re organique \u2212, mais aussi pour la beaut\u00e9 de sa symbolique. \u00c0 ses yeux, la cr\u00e9ation de nouveaux narratifs et rites pourrait att\u00e9nuer nos appr\u00e9hensions face \u00e0 notre propre fin et adoucir le deuil apr\u00e8s le d\u00e9c\u00e8s d\u2019un proche. C\u2019est ce c\u00f4t\u00e9 apaisant d\u2019un retour physique et symbolique au vivant qui est mis en valeur, mais au fur et \u00e0 mesure que le documentaire progresse, on d\u00e9couvre la complexit\u00e9 du sujet et les nombreux enjeux en \u00ab iques \u00bb qu\u2019il soul\u00e8ve, notamment les questions \u00e9thiques. Mon objectif est que l\u2019innovation du compostage humain serve de tremplin vers une multitude de r\u00e9flexions sur notre approche \u00e0 la mort, sur le sens de nos rites, sur notre connexion \u00e0 la nature, qui nous unit tous, sur notre petitesse&#8230; Que cette innovation nous aide \u00e0 sortir de nos carcans, \u00e0 lib\u00e9rer la parole, \u00e0 susciter le d\u00e9bat.\u00a0\u00bb<\/em><\/p>\n\n\n\n<p>Personnalit\u00e9 fulgurante, Cl\u00e9o m\u00e8ne le r\u00e9cit \u00e0 travers son exp\u00e9rience personnelle mais aussi \u00e0 travers les rencontres auxquelles elle se pr\u00eate avec la r\u00e9alisatrice. Nous rencontrons ainsi en Belgique\u00a0: Ezio Gandin, Pierre Luxen, en Allemagne\u00a0: Pablo Metz, au royaume \u2013 Uni\u00a0: Rosie Inman-Cook, en France\u00a0: G\u00e9rard Feldzer, aux USA\u00a0: Katrina Spade. Gr\u00e2ce \u00a0\u00e0 <strong>un montage exceptionnellement r\u00e9ussi (sign\u00e9 Luc Plantier)<\/strong> de la version longue que nous avons vue en avant-premi\u00e8re, \u00a0leur exp\u00e9rience est racont\u00e9e avec une all\u00e9gresse stimulante et cette forme d\u2019espi\u00e8glerie du combattant des bonnes et justes causes qui sait qu&rsquo;il a raison et qui sait qu&rsquo;on lui donnera raison. \u00a0Derri\u00e8re leur d\u00e9marche se d\u00e9veloppe une pens\u00e9e humaniste, faite d&#8217;empathie, de respect de la personne.<\/p>\n\n\n\n<p>Voici donc un documentaire qui d\u00e9ploie tout ce qui fait d&rsquo;un documentaire de cr\u00e9ation un instrument irrempla\u00e7able de r\u00e9flexion, de questionnement \u00e0 l&rsquo;\u00e9gard d&rsquo;un sujet d\u00e9fendu avec une sinc\u00e9rit\u00e9  et une conviction qui forcent le respect.<\/p>\n\n\n\n<p>Ce documentaire nous transporte bien au-del\u00e0 d&rsquo;un questionnement \u00e0 propos d&rsquo;un nouveau mode d&rsquo; obs\u00e8ques. Il interroge ce que sont, aujourd\u2019hui, le deuil, le rapport \u00e0 la mort, la m\u00e9moire et le respect ultime de la vie que repr\u00e9sente le choix de revenir \u00e0 la terre, au sens litt\u00e9ral.<\/p>\n\n\n\n<p>Sans doute l\u2019exp\u00e9rience personnelle de la r\u00e9alisatrice au sein de M\u00e9decins Sans Fronti\u00e8re lui a-t-elle donn\u00e9 une part d\u2019inspiration pour trouver \u00ab\u00a0la fa\u00e7on de briser le tabou de la mort\u00a0\u00bb. Enfin soulignons combien ce film est passionnant de bout en bout, par le sujet abord\u00e9, par la mani\u00e8re dont il est racont\u00e9, et l\u2019\u00e9motion qu\u2019il engendre, \u00e9motion soutenue par <strong>une musique originale de toute beaut\u00e9 (sign\u00e9e Hughes Mar\u00e9chal)<\/strong><\/p>\n\n\n\n<p>Ne manquez pas ce film&nbsp;!<\/p>\n\n\n\n<p>J<strong>ean Jauniaux, le 18 octobre 2024<\/strong><\/p>\n\n\n\n<p>Sur le site de \u00ab\u00a0Image-cr\u00e9ation\u00a0\u00bb:<\/p>\n\n\n\n<p>Depuis quelques ann\u00e9es, la vision de la mort et des traditions parfois<br>mill\u00e9naires qui l\u2019accompagnent a laiss\u00e9 place \u00e0 de nouvelles r\u00e9flexions sur<br>nos modes de s\u00e9pulture. Plusieurs citoyens s\u2019interrogent sur une troisi\u00e8me<br>alternative que serait le compostage humain. Aux USA, la possibilit\u00e9 de se<br>faire composter existe d\u00e9j\u00e0 dans certains \u00e9tats. En Europe, de plus en plus de<br>personnes et d\u2019associations investiguent \u00e9galement cette voie.<br>Les arguments d\u00e9fendus par ces citoyens sont les suivants :<br>\u2022<br>Le compostage humain est le seul mode de s\u00e9pulture occidental qui<br>se pr\u00e9occupe du Vivant et qui int\u00e8gre l\u2019humain dans son cycle.<br>\u2022<br>Les gens sont de plus en plus en demande de connexion avec la<br>nature (on voit de plus en plus de personnes souffrant de d\u00e9pression<br>ou de burn-out se faire soigner dans des lieux connect\u00e9s \u00e0 la nature<br>ou partir en retraite en for\u00eat).<br>\u2022<br>Les cimeti\u00e8res vont un jour atteindre leur capacit\u00e9.<br>\u2022<br>On a besoin du sol, c\u2019est ce qui nous nourrit, nous fait vivre, donc est-<br>ce bien raisonnable ?<br><\/p>\n","protected":false},"excerpt":{"rendered":"<p>Qu\u2019est-ce qu\u2019un documentaire de cr\u00e9ation&nbsp;? Depuis la naissance du cin\u00e9ma, le film documentaire a permis de raconter le r\u00e9el en&nbsp;[&hellip;]<\/p>\n","protected":false},"author":2,"featured_media":0,"comment_status":"closed","ping_status":"","sticky":false,"template":"","format":"standard","meta":{"footnotes":""},"categories":[1],"tags":[],"class_list":["post-5442","post","type-post","status-publish","format-standard","hentry","category-non-classe","post-item clearfix"],"_links":{"self":[{"href":"https:\/\/edmondmorrel.be\/index.php?rest_route=\/wp\/v2\/posts\/5442","targetHints":{"allow":["GET"]}}],"collection":[{"href":"https:\/\/edmondmorrel.be\/index.php?rest_route=\/wp\/v2\/posts"}],"about":[{"href":"https:\/\/edmondmorrel.be\/index.php?rest_route=\/wp\/v2\/types\/post"}],"author":[{"embeddable":true,"href":"https:\/\/edmondmorrel.be\/index.php?rest_route=\/wp\/v2\/users\/2"}],"replies":[{"embeddable":true,"href":"https:\/\/edmondmorrel.be\/index.php?rest_route=%2Fwp%2Fv2%2Fcomments&post=5442"}],"version-history":[{"count":1,"href":"https:\/\/edmondmorrel.be\/index.php?rest_route=\/wp\/v2\/posts\/5442\/revisions"}],"predecessor-version":[{"id":5444,"href":"https:\/\/edmondmorrel.be\/index.php?rest_route=\/wp\/v2\/posts\/5442\/revisions\/5444"}],"wp:attachment":[{"href":"https:\/\/edmondmorrel.be\/index.php?rest_route=%2Fwp%2Fv2%2Fmedia&parent=5442"}],"wp:term":[{"taxonomy":"category","embeddable":true,"href":"https:\/\/edmondmorrel.be\/index.php?rest_route=%2Fwp%2Fv2%2Fcategories&post=5442"},{"taxonomy":"post_tag","embeddable":true,"href":"https:\/\/edmondmorrel.be\/index.php?rest_route=%2Fwp%2Fv2%2Ftags&post=5442"}],"curies":[{"name":"wp","href":"https:\/\/api.w.org\/{rel}","templated":true}]}}