{"id":5432,"date":"2024-10-02T09:21:49","date_gmt":"2024-10-02T07:21:49","guid":{"rendered":"http:\/\/edmondmorrel.be\/?p=5432"},"modified":"2024-10-02T09:21:49","modified_gmt":"2024-10-02T07:21:49","slug":"rencontre-avec-le-poete-et-editeur-eric-brogniet-ou-lon-evoque-edern-editions-jalel-el-gharbi-lecrivain-jean-tousseul-bientot-reedite","status":"publish","type":"post","link":"https:\/\/edmondmorrel.be\/?p=5432","title":{"rendered":"Rencontre avec le po\u00e8te (et \u00e9diteur) Eric Brogniet: o\u00f9 l&rsquo;on \u00e9voque Edern Editions, Jalel el Gharbi,  l&rsquo;\u00e9crivain Jean Tousseul (bient\u00f4t r\u00e9\u00e9dit\u00e9)&#8230;"},"content":{"rendered":"\n<p>Au cours de cet entretien \u00e0 b\u00e2tons rompus, le po\u00e8te et acad\u00e9micien Eric Brogniet \u00e9voque diff\u00e9rents \u00ab\u00a0chantiers litt\u00e9raires\u00a0\u00bb auxquels il se consacre. Devenu &#8211; depuis la cr\u00e9ation de <strong><a href=\"https:\/\/www.ederneditions.com\/\">la nouvelle maison d&rsquo;\u00e9dition Asmod\u00e9e Edern <\/a><\/strong>( dirig\u00e9e par Vincent Engel)-  une des \u00ab\u00a0ailes\u00a0\u00bb de l&rsquo;\u00e9quipe \u00e9ditoriale, il \u00e9voque le dernier ouvrage dont il a accompagn\u00e9 la parution: le merveilleux recueil po\u00e9tique <a href=\"https:\/\/www.librairiecorsaire.com\/librairie\/l-heure-du-limoncello\"><em>\u00ab\u00a0A l&rsquo;heure du Limoncello\u00a0\u00bb <\/em>de Jalel El Gharbi <\/a>, mais aussi les prochaines r\u00e9-\u00e9ditions des oeuvres de <a href=\"https:\/\/www.andenne.be\/jean-tousseul\/\">l&rsquo;\u00e9crivain andennois <strong>Jean Tousseul<\/strong> <\/a>(y compris un in\u00e9dit, <em>\u00ab\u00a0Nouvelles m\u00e9ditations sur la guerre\u00a0\u00bb<\/em>). Les \u00e9ditions EDERN ont en effet inscrit dans leur programme, une politique proactive de r\u00e9\u00e9ditions de textes rendus inaccessibles (une activit\u00e9 tellement indispensable dans une communaut\u00e9 litt\u00e9raire fragilis\u00e9e, que m\u00e8nent \u00e0 bien aussi les \u00c9ditions MEO) et de traduction.<\/p>\n\n\n\n<p>Ce ne sont ici que deux exemples des projets auxquels le po\u00e8te se consacre avec la g\u00e9n\u00e9rosit\u00e9 et l&rsquo;\u00e9rudition que l&rsquo;on aime \u00e0 retrouver intactes \u00e0 chacun des rendez-vous qu&rsquo;il donne \u00e0 ses lecteurs et lectrices. Il nous en parle dans un entretien accessible sur notre cha\u00eene Soundcloud:<\/p>\n\n\n\n<figure class=\"wp-block-embed is-type-rich is-provider-soundcloud wp-block-embed-soundcloud\"><div class=\"wp-block-embed__wrapper\">\n<iframe loading=\"lazy\" title=\"Rencontre avec Eric Brogniet, po\u00e8te et \u00e9diteur by Jean Jauniaux\" width=\"1170\" height=\"400\" scrolling=\"no\" frameborder=\"no\" src=\"https:\/\/w.soundcloud.com\/player\/?visual=true&#038;url=https%3A%2F%2Fapi.soundcloud.com%2Ftracks%2F1927408418&#038;show_artwork=true&#038;maxheight=1000&#038;maxwidth=1170\"><\/iframe>\n<\/div><\/figure>\n\n\n\n<p><strong>Jean Jauniaux. 2 octobre 2024<\/strong><br><a href=\"https:\/\/www.librairiecorsaire.com\/librairie\/l-heure-du-limoncello\">Sur le site d&rsquo;Edern Editions, \u00e0 propos de Jalel El Gharbi:<\/a><br>\u00ab\u00a0Jalel El Gharbi est un po\u00e8te \u00e0 la fois savant et sensible, qui a compris que le r\u00f4le de l&rsquo;a\u00e8de n&rsquo;est plus de d\u00e9crire seulement les figures de la r\u00e9alit\u00e9 mais d&rsquo;en toucher la v\u00e9rit\u00e9 profonde \u00e0 travers une subtile transfiguration, atteignant ainsi \u00e0 l&rsquo;essence m\u00eame du r\u00e9el.<\/p>\n\n\n\n<p>Philologue de langue arabe et grand connaisseur des deux cultures des rives de la M\u00e9dit\u00e9rran\u00e9e, El Gharbi nous propose dans cet ensemble po\u00e9tique en langue fran\u00e7aise une somme po\u00e9tique originale en deux mouvements compl\u00e9mentaires : \u00c0 l&rsquo;heure du limoncello, ensemble \u00e9l\u00e9giaque ax\u00e9 sur l&rsquo;amour profane suivi des Dialogues du Ma\u00eetre soufi, m\u00e9ditation philosophique sur la mystique de l&rsquo;amour et sur l&rsquo;amour mystique.\u00a0\u00bb<\/p>\n","protected":false},"excerpt":{"rendered":"<p>Au cours de cet entretien \u00e0 b\u00e2tons rompus, le po\u00e8te et acad\u00e9micien Eric Brogniet \u00e9voque diff\u00e9rents \u00ab\u00a0chantiers litt\u00e9raires\u00a0\u00bb auxquels il&nbsp;[&hellip;]<\/p>\n","protected":false},"author":2,"featured_media":0,"comment_status":"closed","ping_status":"","sticky":false,"template":"","format":"standard","meta":{"footnotes":""},"categories":[1],"tags":[],"class_list":["post-5432","post","type-post","status-publish","format-standard","hentry","category-non-classe","post-item clearfix"],"_links":{"self":[{"href":"https:\/\/edmondmorrel.be\/index.php?rest_route=\/wp\/v2\/posts\/5432","targetHints":{"allow":["GET"]}}],"collection":[{"href":"https:\/\/edmondmorrel.be\/index.php?rest_route=\/wp\/v2\/posts"}],"about":[{"href":"https:\/\/edmondmorrel.be\/index.php?rest_route=\/wp\/v2\/types\/post"}],"author":[{"embeddable":true,"href":"https:\/\/edmondmorrel.be\/index.php?rest_route=\/wp\/v2\/users\/2"}],"replies":[{"embeddable":true,"href":"https:\/\/edmondmorrel.be\/index.php?rest_route=%2Fwp%2Fv2%2Fcomments&post=5432"}],"version-history":[{"count":1,"href":"https:\/\/edmondmorrel.be\/index.php?rest_route=\/wp\/v2\/posts\/5432\/revisions"}],"predecessor-version":[{"id":5433,"href":"https:\/\/edmondmorrel.be\/index.php?rest_route=\/wp\/v2\/posts\/5432\/revisions\/5433"}],"wp:attachment":[{"href":"https:\/\/edmondmorrel.be\/index.php?rest_route=%2Fwp%2Fv2%2Fmedia&parent=5432"}],"wp:term":[{"taxonomy":"category","embeddable":true,"href":"https:\/\/edmondmorrel.be\/index.php?rest_route=%2Fwp%2Fv2%2Fcategories&post=5432"},{"taxonomy":"post_tag","embeddable":true,"href":"https:\/\/edmondmorrel.be\/index.php?rest_route=%2Fwp%2Fv2%2Ftags&post=5432"}],"curies":[{"name":"wp","href":"https:\/\/api.w.org\/{rel}","templated":true}]}}