{"id":5356,"date":"2024-04-24T08:01:45","date_gmt":"2024-04-24T06:01:45","guid":{"rendered":"http:\/\/edmondmorrel.be\/?p=5356"},"modified":"2024-04-24T09:36:50","modified_gmt":"2024-04-24T07:36:50","slug":"pax-de-gregoire-polet-gallimard-le-roman-total-dun-des-ecrivains-les-plus-stimulants-de-la-litterature-francophone-contemporaine","status":"publish","type":"post","link":"https:\/\/edmondmorrel.be\/?p=5356","title":{"rendered":"PAX de Gr\u00e9goire Polet (Gallimard). Le roman total d\u2019un des \u00e9crivains les plus stimulants de la litt\u00e9rature francophone contemporaine."},"content":{"rendered":"\n<p><strong><mark style=\"background-color:rgba(0, 0, 0, 0);color:#870e0e\" class=\"has-inline-color\">PAX, Gr\u00e9goire Polet, roman, Gallimard, 2024, 433p., 23,50 Euros<\/mark><\/strong><\/p>\n\n\n\n<p>Gr\u00e9goire Polet&nbsp; fut remarqu\u00e9 et publi\u00e9 par les \u00c9ditions Gallimard d\u00e8s son premier roman <em>Madrid ne dort pas<\/em> (2005). Il avait 27 ans. Depuis cette date, il ne cesse de surprendre, d\u2019enchanter, d\u2019hypnotiser le public et la critique. En t\u00e9moigne la s\u00e9rie impressionnantes de prix litt\u00e9raires saluant l\u2019originalit\u00e9 et l\u2019invention sans cesse renouvel\u00e9e de l\u2019auteur de <em>Leurs vies \u00e9clatantes <\/em>( Prix F\u00e9n\u00e9on, 2007), <em>Chucho <\/em>(Prix Sander Pierron de l\u2019Acad\u00e9mie royale de langue et litt\u00e9rature fran\u00e7aises de Belgique, 2009), <em>Barcelona <\/em>( Prix Amerigo Vespucci, 2015).<\/p>\n\n\n\n<p>Raconteur d\u2019histoires, il est aussi un explorateur de l\u2019Histoire dont il est un infatigable narrateur. On se souviendra de sa participation en 2014 au recueil <em>Armistice<\/em> (Gallimard, 2018), mais aussi du recueil <em>Petit \u00e9loge de la Belgique, <\/em>(Folio 2022)  ainsi que du collectif, <em>La bataille du rail <\/em>(Ed. Don Quichotte, 2018). C\u2019est dans ces ouvrages qu\u2019il faut chercher la gen\u00e8se de la singularit\u00e9 dans le r\u00e9cit de l\u2019Histoire tel que Polet le met en oeuvre. L\u2019\u00e9crivain est aussi le r\u00e9alisateur de deux documentaires de cr\u00e9ation, l\u2019un consacr\u00e9 au Trait\u00e9 de Rome, l\u2019autre aux <em>Mis\u00e9rables <\/em>de Victor Hugo. Les documentaires, le montage d\u2019archives, l\u2019entrelacement d\u2019images du r\u00e9el et de fiction nourrissent \u00e0 n\u2019en pas douter l\u2019all\u00e9gresse de son \u00e9criture.<\/p>\n\n\n<div class=\"wp-block-image\">\n<figure class=\"alignright size-large is-resized\"><img loading=\"lazy\" decoding=\"async\" width=\"696\" height=\"1024\" src=\"https:\/\/edmondmorrel.be\/wp-content\/uploads\/2024\/04\/Capture-decran-2024-04-24-a-07.57.56-696x1024.png\" alt=\"\" class=\"wp-image-5358\" style=\"width:295px;height:auto\" srcset=\"https:\/\/edmondmorrel.be\/wp-content\/uploads\/2024\/04\/Capture-decran-2024-04-24-a-07.57.56-696x1024.png 696w, https:\/\/edmondmorrel.be\/wp-content\/uploads\/2024\/04\/Capture-decran-2024-04-24-a-07.57.56-204x300.png 204w, https:\/\/edmondmorrel.be\/wp-content\/uploads\/2024\/04\/Capture-decran-2024-04-24-a-07.57.56-768x1131.png 768w, https:\/\/edmondmorrel.be\/wp-content\/uploads\/2024\/04\/Capture-decran-2024-04-24-a-07.57.56-200x294.png 200w, https:\/\/edmondmorrel.be\/wp-content\/uploads\/2024\/04\/Capture-decran-2024-04-24-a-07.57.56-690x1016.png 690w, https:\/\/edmondmorrel.be\/wp-content\/uploads\/2024\/04\/Capture-decran-2024-04-24-a-07.57.56.png 809w\" sizes=\"auto, (max-width: 696px) 100vw, 696px\" \/><\/figure>\n<\/div>\n\n\n<p>S\u2019il fallait en une ligne d\u00e9crire le dernier roman de Gr\u00e9goire Polet, il suffirait d\u2019indiquer la date centrale autour de laquelle s\u2019articule le r\u00e9cit&nbsp;: 1919. Et d\u2019y ajouter&nbsp;: ann\u00e9e de la signature du Trait\u00e9 de Versailles le 28 juin.<\/p>\n\n\n\n<p>Le romancier d\u2019embl\u00e9e se lib\u00e8re de toutes les contraintes, que pourrait s\u2019imposer un historien, un dramaturge, un documentariste ou m\u00eame un romancier, pour : \u00ab&nbsp;traiter la mati\u00e8re historique comme du souvenir personnel, vivant, o\u00f9 tout est intimement li\u00e9, tress\u00e9, aussi \u00e9loign\u00e9s que les \u00e9v\u00e9nements ou les personnages puissent para\u00eetre\u2026&nbsp;\u00bb , nous dit l\u2019\u00e9crivain avec malice. Malgr\u00e9 cette apparente d\u00e9sinvolture, le roman ouvre des chemins dont la cartographie appara\u00eet une fois le livre achev\u00e9. Polet annonce la couleur&nbsp;: \u00ab&nbsp;Tout dans le livre que l\u2019on va lire est soigneusement historique. La seule chose qu\u2019on ait \u00f4t\u00e9e, peut-\u00eatre, c\u2019est la mort et l\u2019irr\u00e9m\u00e9diable temps lin\u00e9aire.&nbsp;\u00bb<\/p>\n\n\n\n<p>Au fil de quinze \u00ab&nbsp;Chants&nbsp;\u00bb qui partagent le roman en autant d\u2019\u00e9tapes, \u2013 en autant de \u00ab&nbsp;petits trajets \u00e9lectriques dans le cerveau du temps&nbsp;\u00bb pour reprendre la belle expression de l\u2019auteur -, le lecteur litt\u00e9ralement hypnotis\u00e9 par le \u00ab&nbsp;tressage de vies&nbsp;\u00bb auquel il se livre, accompagne le narrateur passe-murailles&nbsp; dans ses rencontres avec d\u2019aussi improbables interlocuteurs que Goya et Victor Hugo, Marcel Proust (vertigineusement compar\u00e9 \u00e0 Eddy Merckx) et Gaston Gallimard, Da Ponte et Mozart\u2026 Bien s\u00fbr, l\u2019exercice de haute voltige litt\u00e9raire revient r\u00e9guli\u00e8rement au d\u00e9roulement de l\u2019Histoire et en particulier de celle qui donne son titre au r\u00e9cit, la <em>Pax<\/em>, qui se traite \u00e0 Paris un an apr\u00e8s l\u2019armistice de la Grande Guerre. On y retrouve les protagonistes venus du monde entier (sauf d\u2019Allemagne bien s\u00fbr)&nbsp;: Wilson, Cl\u00e9menceau, Lou\u2026 L\u2019occasion est donn\u00e9e \u00e0 l\u2019\u00e9crivain belge d\u2019\u00e9voquer quelques (illustres ou non) compatriotes&nbsp;: Paul Hymans, repr\u00e9sentant la Belgique \u00e0 la table des n\u00e9gociations du Trait\u00e9 de paix, les fr\u00e8res Thiry (dont la participation \u00e0 l\u2019exp\u00e9dition des auto-canons mitrailleurs avait d\u00e9j\u00e0 \u00e9t\u00e9 \u00e9voqu\u00e9e dans <em>Armistices <\/em>et <em>Petit \u00e9loge de la Belgique<\/em>), la chanteuse Berthe Bovy, l\u2019architecte Van de Velde (avec Zweig au Coq), le grand-p\u00e8re du romancier, Herg\u00e9\u2026 Tout est permis ici, mais au bout du compte rien n\u2019est gratuit. Le narrateur \u2013 sans cesse interrompu dans l\u2019\u00e9criture du roman par ses enfants&nbsp;! &#8211; semble tirer les fils du r\u00e9cit au hasard de la pelote inextricable de l\u2019histoire dont il a choisi de ne dire que ce qui survient au moment de l\u2019\u00e9criture, \u00ab&nbsp;pour fondre l\u2019objectivit\u00e9 du temps historique dans la subjectivit\u00e9 du po\u00e8te\u2026&nbsp;\u00bb.<\/p>\n\n\n\n<p>En choisissant un point de vue d\u00e9multipli\u00e9, l\u2019auteur b\u00e2tit une coh\u00e9rence inattendue, celle-l\u00e0 m\u00eame du chaos cr\u00e9\u00e9 par les \u00e9v\u00e9nements, surgissant de partout, de l\u2019espace et du temps. Ils ont constitu\u00e9 cet instant de la <em>PAX<\/em> \u00e0 partir d\u2019une infinit\u00e9 de pass\u00e9 et ont provoqu\u00e9 une infinit\u00e9 de possibles pour l\u2019avenir. Quel autre point de vue adopter pour raconter cela si ce n\u2019est celui d\u2019une libert\u00e9 \u00e9bouriffante que se donne l\u2019\u00e9crivain (\u00ab&nbsp;Nous ici depuis l\u2019avenir&nbsp;\u00bb), tout est permis (\u00ab&nbsp;Et si ce ne fut pas ainsi, ce fut pareil&nbsp;\u00bb). Le narrateur est \u00e0 la fois \u00ab&nbsp;bon g\u00e9nie&nbsp;\u00bb, \u00ab&nbsp;esprit follet&nbsp;\u00bb, \u00ab&nbsp;ombre furtive&nbsp;\u00bb et va l\u00e0 o\u00f9 la fantaisie (apparente) le pousse, jusque dans la bouche d\u2019une cantatrice ou dans la chambre de Marcel (\u00ab&nbsp;Proust griffonne et relit parfois une phrase \u00e0 haute voix, mes enfants vont de nouveau d\u00e9bouler et on ira attraper le bus scolaire&nbsp;\u00bb )<\/p>\n\n\n\n<p>On pourrait \u00e0 l\u2019infini citer les anecdotes, les d\u00e9tails, auxquels s\u2019attache la curiosit\u00e9 insatiable du narrateur, nourrie d\u2019une recherche exceptionnelle dans les archives et de r\u00e9f\u00e9rences historiques que le romancier a l\u2019\u00e9l\u00e9gance d\u2019escamoter, comme on enl\u00e8ve un \u00e9chafaudage une fois l\u2019ouvrage d\u00e9voil\u00e9 au public.<\/p>\n\n\n\n<p>L\u2019essentiel ici est de lire \u00e0 la fois un roman et le r\u00e9cit de son \u00e9criture \u00e9bouriffante, d\u00e9ploy\u00e9e depuis les plus profondes racines jusqu\u2019aux branches les plus hautes. Et puis, et cela n\u2019enl\u00e8ve rien \u00e0 la coh\u00e9rence de l\u2019ensemble, chaque page nous invite \u00e0 tirer sur le fil et d\u2019aller, \u00e0 notre tour, explorer les coulisses du Trait\u00e9 de Versailles, de la Soci\u00e9t\u00e9 des Nations, de l\u2019Union europ\u00e9enne et de partager avec Gr\u00e9goire Polet, cet&nbsp;\u00ab&nbsp;\u00e9trange sentiment de r\u00e9conciliation&nbsp;\u00bb. Il ajoute&nbsp;: \u00ab&nbsp;J\u2019\u00e9crivais, j\u2019\u00e9crivais et je voyais la ligne du temps se nouer comme une cocarde ou une rosace, comme on fait avec les rubans pour emballer les cadeaux. Je voyais les d\u00e9sastres de l\u2019Histoire et la l\u00e9g\u00e8ret\u00e9 joyeuse des rubans de lettre. Et mon c\u0153ur d\u2019enfant avait envie de dire que c\u2019\u00e9tait cela finalement, cette rose, la paix.&nbsp;\u00bb<\/p>\n\n\n\n<p>Voici un roman qui r\u00e9invente l\u2019\u00e9criture romanesque, lui redonne avec la libert\u00e9 absolue, la fantaisie grave n\u00e9cessaire pour explorer autant la complexit\u00e9 des \u00eatres que celle de l\u2019Histoire. Miroir \u00e9clat\u00e9 du r\u00e9el, l\u2019\u00e9criture de Polet ricoche sur chaque \u00e9clat et retire de chaque \u00e9v\u00e9nement cette lumi\u00e8re qui nous aide \u00e0 en prendre la mesure. En 2012, le regrett\u00e9 Jacques De Decker observait ce qui, de livre en livre, ne cessera de se confirmer&nbsp;: \u00ab&nbsp;(\u2026) Gr\u00e9goire Polet se pla\u00eet \u00e0 tresser des r\u00e9cits composites, o\u00f9 diff\u00e9rents fils narratifs s\u2019entrelacent pour finir par proposer une sorte de fresque tourbillonnante dont l\u2019all\u00e8gre brio enivre la lecture.&nbsp;\u00bb<\/p>\n\n\n\n<p>Avec <em>PAX<\/em>, Gr\u00e9goire Polet nous donne un roman \u00ab\u00a0total\u00a0\u00bb, organisme vivant, constitu\u00e9 comme une conscience humaine, du pass\u00e9 et de l\u2019avenir, de l\u2019espace et du temps, de la m\u00e9moire personnelle et de l\u2019Histoire collective. En refermant le livre, vibrant encore du feu d\u2019artifice de sa lecture, l\u2019\u00e9pigraphe de Proust qui ouvre l\u2019ouvrage en \u00e9claire la coh\u00e9rence et nous en d\u00e9montre la similitude avec la condition humaine, incarn\u00e9e par le narrateur de <em>La Recherche<\/em>\u00a0: \u00ab\u00a0Situ\u00e9 hors du temps, que pourrait-il craindre de l\u2019avenir\u00a0?\u00a0\u00bb<\/p>\n\n\n\n<p>On r\u00eaverait qu&rsquo;une cha\u00eene ou une plateforme de documentaires de cr\u00e9ation, adapte le roman en une s\u00e9rie, compl\u00e9tant ainsi cette libert\u00e9 \u00e0 laquelle invite le livre&#8230;<\/p>\n\n\n\n<p>J<strong>ean Jauniaux, le 16 avril 2024<\/strong><\/p>\n\n\n\n<p>Nous avons rencontr\u00e9 Gr\u00e9goire Polet et \u00e9voqu\u00e9 avec lui l\u2019\u00e9criture de <em>PAX<\/em>. Son interview est accessible sur <a href=\"https:\/\/edmondmorrel.be\/\" data-type=\"page\" data-id=\"16\">la cha\u00eene You Tube du site <\/a>.<\/p>\n\n\n\n<figure class=\"wp-block-embed is-type-video is-provider-youtube wp-block-embed-youtube wp-embed-aspect-16-9 wp-has-aspect-ratio\"><div class=\"wp-block-embed__wrapper\">\n<iframe loading=\"lazy\" title=\"&quot;PAX&quot;: rencontre avec le romancier Gr\u00e9goire Polet\" width=\"1170\" height=\"658\" src=\"https:\/\/www.youtube.com\/embed\/erjDJ-D0OnU?feature=oembed\" frameborder=\"0\" allow=\"accelerometer; autoplay; clipboard-write; encrypted-media; gyroscope; picture-in-picture; web-share\" referrerpolicy=\"strict-origin-when-cross-origin\" allowfullscreen><\/iframe>\n<\/div><\/figure>\n","protected":false},"excerpt":{"rendered":"<p>PAX, Gr\u00e9goire Polet, roman, Gallimard, 2024, 433p., 23,50 Euros Gr\u00e9goire Polet&nbsp; fut remarqu\u00e9 et publi\u00e9 par les \u00c9ditions Gallimard d\u00e8s&nbsp;[&hellip;]<\/p>\n","protected":false},"author":2,"featured_media":0,"comment_status":"closed","ping_status":"","sticky":false,"template":"","format":"standard","meta":{"footnotes":""},"categories":[1],"tags":[],"class_list":["post-5356","post","type-post","status-publish","format-standard","hentry","category-non-classe","post-item clearfix"],"_links":{"self":[{"href":"https:\/\/edmondmorrel.be\/index.php?rest_route=\/wp\/v2\/posts\/5356","targetHints":{"allow":["GET"]}}],"collection":[{"href":"https:\/\/edmondmorrel.be\/index.php?rest_route=\/wp\/v2\/posts"}],"about":[{"href":"https:\/\/edmondmorrel.be\/index.php?rest_route=\/wp\/v2\/types\/post"}],"author":[{"embeddable":true,"href":"https:\/\/edmondmorrel.be\/index.php?rest_route=\/wp\/v2\/users\/2"}],"replies":[{"embeddable":true,"href":"https:\/\/edmondmorrel.be\/index.php?rest_route=%2Fwp%2Fv2%2Fcomments&post=5356"}],"version-history":[{"count":6,"href":"https:\/\/edmondmorrel.be\/index.php?rest_route=\/wp\/v2\/posts\/5356\/revisions"}],"predecessor-version":[{"id":5363,"href":"https:\/\/edmondmorrel.be\/index.php?rest_route=\/wp\/v2\/posts\/5356\/revisions\/5363"}],"wp:attachment":[{"href":"https:\/\/edmondmorrel.be\/index.php?rest_route=%2Fwp%2Fv2%2Fmedia&parent=5356"}],"wp:term":[{"taxonomy":"category","embeddable":true,"href":"https:\/\/edmondmorrel.be\/index.php?rest_route=%2Fwp%2Fv2%2Fcategories&post=5356"},{"taxonomy":"post_tag","embeddable":true,"href":"https:\/\/edmondmorrel.be\/index.php?rest_route=%2Fwp%2Fv2%2Ftags&post=5356"}],"curies":[{"name":"wp","href":"https:\/\/api.w.org\/{rel}","templated":true}]}}