{"id":53,"date":"2015-11-13T18:21:04","date_gmt":"2015-11-13T17:21:04","guid":{"rendered":"http:\/\/edmondmorrel.be\/?p=53"},"modified":"2020-10-28T15:01:57","modified_gmt":"2020-10-28T14:01:57","slug":"53","status":"publish","type":"post","link":"https:\/\/edmondmorrel.be\/?p=53","title":{"rendered":"\u00ab\u00a0L&rsquo;ann\u00e9e derni\u00e8re \u00e0 Saint-Idesbald\u00a0\u00bb de Jean Jauniaux"},"content":{"rendered":"\n<p>Recueil de nouvelles paru&nbsp;<a rel=\"noreferrer noopener\" href=\"http:\/\/weyrich-edition.be\/annee-derniere-a-saint-idesbald#.Vgjj8HjVtHI\" target=\"_blank\">aux editions weyrich<\/a>dans la collection de litt\u00e9rature g\u00e9n\u00e9rale \u00ab\u00a0les plumes du coq\u00a0\u00bb<\/p>\n\n\n\n<p>Enregistrement de la rencontre qui s\u2019est d\u00e9roul\u00e9e \u00e0 la Biblioth\u00e8que des Riches Claires \u00e0 Bruxelles le 15 mars 2013.<\/p>\n\n\n\n<figure class=\"wp-block-embed-spotify wp-block-embed is-type-rich is-provider-spotify wp-embed-aspect-21-9 wp-has-aspect-ratio\"><div class=\"wp-block-embed__wrapper\">\n<iframe loading=\"lazy\" width=\"100%\" height=\"232\" allowtransparency=\"true\" frameborder=\"0\" allow=\"encrypted-media\" title=\"Spotify Embed: L'ann\u00e9e derni\u00e8re \u00e0 Saint-Idesbald de Jean Jauniaux\" src=\"https:\/\/open.spotify.com\/embed-podcast\/episode\/7g6IuY0wwM34y7CfUDpdlF\"><\/iframe>\n<\/div><\/figure>\n\n\n\n<p>A l\u2019occasion de la parution de son dernier livre, Jacques De Decker avait propos\u00e9 \u00e0 Jean Jauniaux d\u2019\u00eatre son invit\u00e9 aux \u00ab\u00a0Coups de Midi\u00a0\u00bb qu\u2019il y anime chaque mois.<\/p>\n\n\n\n<p><strong>Edmond Morrel<\/strong><\/p>\n\n\n\n<p>PS&nbsp;: Jean Jauniaux est l\u2019auteur de deux recueils de nouvelles (\u00ab\u00a0<a href=\"http:\/\/www.wilquin.com\/2006\/01\/jean-jauniaux-le-pavillon-des-douanes\/\" rel=\"noreferrer noopener\" target=\"_blank\">Le Pavillon des Douanes<\/a>\u00a0\u00bb et \u00ab\u00a0<a href=\"http:\/\/www.wilquin.com\/2007\/01\/jean-jauniaux-les-maraudeurs-de-lobscur\/\" rel=\"noreferrer noopener\" target=\"_blank\">Les Maraudeurs de l\u2019obscur<\/a>\u00ab\u00a0) ainsi que d\u2019un roman (\u00ab\u00a0<a href=\"http:\/\/www.wilquin.com\/2008\/03\/jean-jauniaux-les-mots-de-maud\/\" rel=\"noreferrer noopener\" target=\"_blank\">Les Mots de Maud<\/a>\u00ab\u00a0) parus aux&nbsp;<a href=\"http:\/\/www.wilquin.com\/tag\/jauniaux-jean\/\" rel=\"noreferrer noopener\" target=\"_blank\">Editions Luce Wilquin<\/a>.<\/p>\n\n\n\n<p><strong>Quatri\u00e8me de couverture&nbsp;:<\/strong><\/p>\n\n\n\n<p><em>Idesbald est clochard \u00e0 Bruxelles. Il s\u2019abrite souvent dans une biblioth\u00e8que o\u00f9, gr\u00e2ce \u00e0 la bonne volont\u00e9 d\u2019un employ\u00e9 accueillant, il cr\u00e9e un blog et y \u00e9crit des histoires entendues ou invent\u00e9es lors de ses errances. On y rencontre des protagonistes aussi inattendus que le roi des Belges, un grand-p\u00e8re survivant de la Grande Guerre, un petit gar\u00e7on perdu dans l\u2019Exposition universelle de 1958, une r\u00e9fugi\u00e9e rom sur les traces de Rimbaud \u2026 Les vraies gens, quoi&nbsp;!<br>Jean Jauniaux porte un regard ironique et tendre sur ses personnages, qu\u2019il fait vivre dans le \u00ab&nbsp;petit royaume&nbsp;\u00bb de Belgique, c\u00f4t\u00e9 Capitale et c\u00f4t\u00e9 C\u00f4te\u2026 Avec une pr\u00e9f\u00e9rence pour son cher Saint-Idesbald&nbsp;!<\/em><\/p>\n\n\n\n<p><strong>A propos de l\u2019auteur et du livre&#8230;<br><\/strong><\/p>\n\n\n\n<p><em>\u00ab&nbsp;Je trouve vos nouvelles saisissantes. L\u2019humour \u00e9quilibre vos textes, nous d\u00e9tourne d\u2019un exc\u00e9dent de gravit\u00e9, nous fait entendre un autre son.&nbsp;\u00bb (<strong>Jean-Marie Le Cl\u00e9zio<\/strong>, \u00e0 propos du \u00ab&nbsp;Pavillon des Douanes&nbsp;\u00bb)<\/em><\/p>\n\n\n\n<p><em>\u00ab&nbsp;Saint-Idesbald&nbsp;: voil\u00e0 un nom qui a d\u00e9sormais sa place dans l\u2019Atlas des lettres. L\u2019une des perles de (\u2026)la c\u00f4te belge a augment\u00e9 de quelques crans son potentiel l\u00e9gendaire. Un auteur wallon, venu d\u2019\u00c9caussinnes, lui d\u00e9cerne ses lettres de noblesse litt\u00e9raire.&nbsp;\u00bb (<strong>Jacques De Decker<\/strong>, pr\u00e9face de \u00ab\u00a0L\u2019Ann\u00e9e derni\u00e8re \u00e0 Saint-Idesbald\u00a0\u00bb)<\/em><\/p>\n\n\n\n<p><strong>L\u2019auteur&nbsp;:<\/strong><\/p>\n\n\n\n<p>Auteur d\u2019un roman et de deux recueils de nouvelles, Jean Jauniaux ancre ses fictions dans le \u00ab&nbsp;Petit-Royaume&nbsp;\u00bb de Belgique et dans les m\u00e9andres de l\u2019Europe, avec une pr\u00e9dilection pour Bruxelles et Saint-Idesbald. Deux de ses livres ont \u00e9t\u00e9 traduits en roumain et une de ses nouvelles a \u00e9t\u00e9 adapt\u00e9e au th\u00e9\u00e2tre, en versions fran\u00e7aise et n\u00e9erlandaise.<\/p>\n","protected":false},"excerpt":{"rendered":"<p>Recueil de nouvelles paru&nbsp;aux editions weyrichdans la collection de litt\u00e9rature g\u00e9n\u00e9rale \u00ab\u00a0les plumes du coq\u00a0\u00bb Enregistrement de la rencontre qui&nbsp;[&hellip;]<\/p>\n","protected":false},"author":2,"featured_media":66,"comment_status":"open","ping_status":"open","sticky":false,"template":"","format":"standard","meta":{"footnotes":""},"categories":[3,5],"tags":[],"class_list":["post-53","post","type-post","status-publish","format-standard","has-post-thumbnail","hentry","category-litterature-dici","category-marges-et-contre-marge","post-item clearfix"],"_links":{"self":[{"href":"https:\/\/edmondmorrel.be\/index.php?rest_route=\/wp\/v2\/posts\/53","targetHints":{"allow":["GET"]}}],"collection":[{"href":"https:\/\/edmondmorrel.be\/index.php?rest_route=\/wp\/v2\/posts"}],"about":[{"href":"https:\/\/edmondmorrel.be\/index.php?rest_route=\/wp\/v2\/types\/post"}],"author":[{"embeddable":true,"href":"https:\/\/edmondmorrel.be\/index.php?rest_route=\/wp\/v2\/users\/2"}],"replies":[{"embeddable":true,"href":"https:\/\/edmondmorrel.be\/index.php?rest_route=%2Fwp%2Fv2%2Fcomments&post=53"}],"version-history":[{"count":5,"href":"https:\/\/edmondmorrel.be\/index.php?rest_route=\/wp\/v2\/posts\/53\/revisions"}],"predecessor-version":[{"id":168,"href":"https:\/\/edmondmorrel.be\/index.php?rest_route=\/wp\/v2\/posts\/53\/revisions\/168"}],"wp:featuredmedia":[{"embeddable":true,"href":"https:\/\/edmondmorrel.be\/index.php?rest_route=\/wp\/v2\/media\/66"}],"wp:attachment":[{"href":"https:\/\/edmondmorrel.be\/index.php?rest_route=%2Fwp%2Fv2%2Fmedia&parent=53"}],"wp:term":[{"taxonomy":"category","embeddable":true,"href":"https:\/\/edmondmorrel.be\/index.php?rest_route=%2Fwp%2Fv2%2Fcategories&post=53"},{"taxonomy":"post_tag","embeddable":true,"href":"https:\/\/edmondmorrel.be\/index.php?rest_route=%2Fwp%2Fv2%2Ftags&post=53"}],"curies":[{"name":"wp","href":"https:\/\/api.w.org\/{rel}","templated":true}]}}