{"id":5256,"date":"2023-11-20T11:16:58","date_gmt":"2023-11-20T10:16:58","guid":{"rendered":"http:\/\/edmondmorrel.be\/?p=5256"},"modified":"2023-11-20T15:38:30","modified_gmt":"2023-11-20T14:38:30","slug":"au-salon-du-livre-de-wallonie-mons-et-a-la-maison-de-la-francite-bruxelles-avec-rencontres-des-auteurs-francophones-un-reseau-international-voue-a-la-mise-en-valeur-de-la-litterature-francoph","status":"publish","type":"post","link":"https:\/\/edmondmorrel.be\/?p=5256","title":{"rendered":"Au Salon du livre de Wallonie (Mons) et \u00e0 la Maison de la Francit\u00e9 (Bruxelles) avec \u00ab\u00a0Rencontres des auteurs francophones\u00a0\u00bb: un r\u00e9seau international vou\u00e9 \u00e0 la mise en valeur de la litt\u00e9rature francophone, r\u00e9unissant pr\u00e8s de 350 autrices et auteurs originaires de 50 pays&#8230;Et ce n&rsquo;est qu&rsquo;un d\u00e9but!"},"content":{"rendered":"\n<p>R\u00e9unissant six partenaires dans le monde des lettres et de la promotion de la culture francophones, l&rsquo;association <strong><mark style=\"background-color:rgba(0, 0, 0, 0);color:#6b3030\" class=\"has-inline-color\">\u00ab\u00a0Rencontre des auteurs francophones\u00a0\u00bb<\/mark><\/strong> a \u00e9t\u00e9 cr\u00e9\u00e9e en 2020 prenant pr\u00e9texte du cinquantenaire  de la Francophonie par  l&rsquo;\u00e9crivain  <strong><a href=\"http:\/\/www.sandrinemehrezkukurudz.com\/\">Sandrine Mehrez Kukurudz<\/a>&nbsp;<\/strong>. Elle propose plusieurs rendez-vous en Belgique dans les prochaines semaines. Le premier d&rsquo;entre eux se tiendra lors du <strong>Salon du livre de Wallonie (Mons), le second \u00e0 la Maison de la Francit\u00e9 (Bruxelles).<\/strong> <\/p>\n\n\n\n<figure class=\"wp-block-image size-large\"><img loading=\"lazy\" decoding=\"async\" width=\"1024\" height=\"303\" src=\"https:\/\/edmondmorrel.be\/wp-content\/uploads\/2023\/11\/Capture-decran-2023-11-20-a-09.39.06-1024x303.png\" alt=\"\" class=\"wp-image-5258\" srcset=\"https:\/\/edmondmorrel.be\/wp-content\/uploads\/2023\/11\/Capture-decran-2023-11-20-a-09.39.06-1024x303.png 1024w, https:\/\/edmondmorrel.be\/wp-content\/uploads\/2023\/11\/Capture-decran-2023-11-20-a-09.39.06-300x89.png 300w, https:\/\/edmondmorrel.be\/wp-content\/uploads\/2023\/11\/Capture-decran-2023-11-20-a-09.39.06-768x227.png 768w, https:\/\/edmondmorrel.be\/wp-content\/uploads\/2023\/11\/Capture-decran-2023-11-20-a-09.39.06-1536x454.png 1536w, https:\/\/edmondmorrel.be\/wp-content\/uploads\/2023\/11\/Capture-decran-2023-11-20-a-09.39.06-200x59.png 200w, https:\/\/edmondmorrel.be\/wp-content\/uploads\/2023\/11\/Capture-decran-2023-11-20-a-09.39.06-690x204.png 690w, https:\/\/edmondmorrel.be\/wp-content\/uploads\/2023\/11\/Capture-decran-2023-11-20-a-09.39.06-1320x390.png 1320w, https:\/\/edmondmorrel.be\/wp-content\/uploads\/2023\/11\/Capture-decran-2023-11-20-a-09.39.06.png 1570w\" sizes=\"auto, (max-width: 1024px) 100vw, 1024px\" \/><\/figure>\n\n\n\n<p><mark style=\"background-color:rgba(0, 0, 0, 0);color:#662020\" class=\"has-inline-color\"><strong>\u00ab\u00a0L&rsquo;ivresse des livres\u00a0\u00bb, partenaire de l&rsquo;Association, rendra compte des ces \u00e9v\u00e9nements au cours des prochains jours par le biais de portraits, interviews, chroniques, recensions de livres. Ces \u00e9v\u00e9nements belges sont coordonn\u00e9s et pr\u00e9par\u00e9s par <a href=\"https:\/\/edmondmorrel.be\/?p=5150\">Magali Vilain<\/a> la directrice de  l&rsquo;antenne belge \u00ab\u00a0Rencontre Des auteurs francophones\u00a0\u00bb .<\/strong><\/mark><\/p>\n\n\n\n<p><strong><a href=\"https:\/\/www.rencontredesauteursfrancophones.com\/\">Sur le site <\/a><\/strong> de <strong><mark style=\"background-color:rgba(0, 0, 0, 0);color:#763434\" class=\"has-inline-color\">Rencontre des auteurs francophones<\/mark><\/strong> on peut d\u00e9couvrir l\u2019ensemble des r\u00e9alisations mises sur pied \u00e0 ce jour (<strong>festivals litt\u00e9raires, maison d&rsquo;\u00e9dition, blogs, caf\u00e9s litt\u00e9raires, cha\u00eene youtube, librairie en ligne, et bien d&rsquo;autres<\/strong>!!) destin\u00e9es \u00e0 faire conna\u00eetre les auteurs membres du r\u00e9seau, mais aussi des classiques de le litt\u00e9rature francophone comme Marguerite Yourcenar, Albert Camus, au Saint-Exup\u00e9ry&#8230;. Ils sont 350 venus de 50 pays de la francophonie!<\/p>\n\n\n\n<p class=\"has-text-align-center\"><strong><mark style=\"background-color:rgba(0, 0, 0, 0);color:#703d3d\" class=\"has-inline-color\">Les prochains rendez-vous?<\/mark><\/strong><\/p>\n\n\n\n<p class=\"has-text-align-center\"><strong>MONS (Belgique)<\/strong><\/p>\n\n\n\n<p><strong><a href=\"https:\/\/www.rencontredesauteursfrancophones.com\/about-9-9\">Le Salon du livre de Wallonie (du 24 au 26 novembre) <\/a><\/strong> La onzi\u00e8me \u00e9dition de cette manifestation d\u00e9sormais incontournable dans l&rsquo;actualit\u00e9 des lettres &#8211; cr\u00e9\u00e9e par Catherine Hoquet &#8211; accueillera sur le stand de \u00ab\u00a0Rencontre des auteurs francophones\u00a0\u00bb <a href=\"https:\/\/www.rencontredesauteursfrancophones.com\/about-1-3\">des \u00e9crivains du r\u00e9seau issus de diff\u00e9rents pays de la francophonie <\/a>(dont la Belgique bien s\u00fbr). A titre d&rsquo;exemples: Tangi Colombel de Miami, H\u00e9l\u00e8ne Drummond de New York ou Don Moukassa de Djibouti. Parmi les premiers livres publi\u00e9s aux Editions Rencontre des Auteurs francophones figure le livre collaboratif <strong><a href=\"https:\/\/www.rencontredesauteursfrancophones.com\/product-page\/hommage-%C3%A0-albert-camus-cr%C3%A9er-c-est-vivre-deux-fois-version-collection?utm_campaign=074cc326-e042-4250-a6c1-31dab8c74b95&amp;utm_source=so&amp;utm_medium=mail&amp;cid=f01ebdeb-9a7d-4cd6-9eff-87570fe5007b\">\u00ab\u00a0Hommage \u00e0 Albert Camus\u00a0\u00bb., <em>Cr\u00e9er c&rsquo;est vivre deux fois<\/em><\/a><\/strong><em>.<\/em> Il sera pr\u00e9sent\u00e9 lors d&rsquo;une rencontre anim\u00e9e par Sandrine Mehrez Kukurudz, avec Vincent Engel et la sp\u00e9cialiste de Camus directrice scientifique de l&rsquo;ouvrage, Mona Azzam lors du Salon du livre de Wallonie. On doit notamment \u00e0 Mona Azzam, <a href=\"https:\/\/www.rencontredesauteursfrancophones.com\/product-page\/camus-l-espoir-du-monde-mona-azzam?utm_campaign=074cc326-e042-4250-a6c1-31dab8c74b95&amp;utm_source=so&amp;utm_medium=mail&amp;cid=f01ebdeb-9a7d-4cd6-9eff-87570fe5007b\">un  essai aussi inattendu que passionnant \u00ab\u00a0<em>Camus, l&rsquo;espoir du monde<\/em>\u00ab\u00a0<\/a>Sur le site de \u00ab\u00a0L&rsquo;ivresse des livres\u00a0\u00bb <\/p>\n\n\n\n<p class=\"has-text-align-center\"><strong><mark style=\"background-color:rgba(0, 0, 0, 0);color:#9a4b4b\" class=\"has-inline-color\">Une maison d&rsquo;\u00e9dition&#8230;<\/mark><\/strong><\/p>\n\n\n<div class=\"wp-block-image\">\n<figure class=\"alignleft size-large is-resized\"><img loading=\"lazy\" decoding=\"async\" width=\"569\" height=\"1024\" src=\"https:\/\/edmondmorrel.be\/wp-content\/uploads\/2023\/11\/Capture-decran-2023-11-20-a-10.32.12-1-569x1024.png\" alt=\"\" class=\"wp-image-5262\" style=\"width:237px;height:auto\" srcset=\"https:\/\/edmondmorrel.be\/wp-content\/uploads\/2023\/11\/Capture-decran-2023-11-20-a-10.32.12-1-569x1024.png 569w, https:\/\/edmondmorrel.be\/wp-content\/uploads\/2023\/11\/Capture-decran-2023-11-20-a-10.32.12-1-167x300.png 167w, https:\/\/edmondmorrel.be\/wp-content\/uploads\/2023\/11\/Capture-decran-2023-11-20-a-10.32.12-1-200x360.png 200w, https:\/\/edmondmorrel.be\/wp-content\/uploads\/2023\/11\/Capture-decran-2023-11-20-a-10.32.12-1-690x1241.png 690w, https:\/\/edmondmorrel.be\/wp-content\/uploads\/2023\/11\/Capture-decran-2023-11-20-a-10.32.12-1.png 726w\" sizes=\"auto, (max-width: 569px) 100vw, 569px\" \/><\/figure>\n<\/div>\n\n<div class=\"wp-block-image\">\n<figure class=\"alignright size-large is-resized\"><img loading=\"lazy\" decoding=\"async\" width=\"648\" height=\"1024\" src=\"https:\/\/edmondmorrel.be\/wp-content\/uploads\/2023\/11\/Capture-decran-2023-11-20-a-10.23.22-648x1024.png\" alt=\"\" class=\"wp-image-5259\" style=\"width:198px;height:auto\" srcset=\"https:\/\/edmondmorrel.be\/wp-content\/uploads\/2023\/11\/Capture-decran-2023-11-20-a-10.23.22-648x1024.png 648w, https:\/\/edmondmorrel.be\/wp-content\/uploads\/2023\/11\/Capture-decran-2023-11-20-a-10.23.22-190x300.png 190w, https:\/\/edmondmorrel.be\/wp-content\/uploads\/2023\/11\/Capture-decran-2023-11-20-a-10.23.22-768x1213.png 768w, https:\/\/edmondmorrel.be\/wp-content\/uploads\/2023\/11\/Capture-decran-2023-11-20-a-10.23.22-200x316.png 200w, https:\/\/edmondmorrel.be\/wp-content\/uploads\/2023\/11\/Capture-decran-2023-11-20-a-10.23.22-690x1090.png 690w, https:\/\/edmondmorrel.be\/wp-content\/uploads\/2023\/11\/Capture-decran-2023-11-20-a-10.23.22.png 956w\" sizes=\"auto, (max-width: 648px) 100vw, 648px\" \/><\/figure>\n<\/div>\n\n\n<p>Bas\u00e9e aux Etats Unis, une maison d&rsquo;\u00e9dition compl\u00e8te l&rsquo;in\u00e9puisable panoplie des ressources du r\u00e9seau. Plac\u00e9e sous la  Direction \u00e9ditoriale&nbsp;de la photographe et autrice belge <a href=\"https:\/\/fr.wikipedia.org\/wiki\/Anna_Alexis_Michel\"><strong>Anna Alexis Michel <\/strong><\/a>(\u00c9tats-Unis) et sous la Direction artistique de&nbsp;Sandra Encaoua Berrih, la collection a d\u00e9j\u00e0 inscrit \u00e0 son catalogue trois ouvrages: \u00ab\u00a0Marguerite Yourcenar, la premi\u00e8re immortelle\u00a0\u00bb, \u00ab\u00a0Les 80 ans du Patit Prince\u00a0\u00bb, \u00ab\u00a0Camus, Cr\u00e9er c&rsquo;est vivre deux fois\u00a0\u00bb et (\u00e0 para\u00eetre en 2024) \u00ab\u00a0Le livre de nos m\u00e8res\u00a0\u00bb.<\/p>\n\n\n\n<p><\/p>\n\n\n\n<p class=\"has-text-align-center\"><a href=\"https:\/\/www.maisondelafrancite.be\/?s=0000&amp;p=474\"><strong>Journ\u00e9e Yourcenar \u00e0 la Maison de la Francit\u00e9 (Bruxelles)<\/strong> le 3 d\u00e9cembre 2024<\/a><\/p>\n\n\n\n<p class=\"has-text-align-center\">Le premier en date de ces ouvrages, <em>Marguerite Yourcenar, la premi\u00e8re \u00e9ternelle<\/em> fera l&rsquo;objet d&rsquo;une journ\u00e9e de pr\u00e9sentation \u00e0 la Maison de la Francit\u00e9 (Bruxelles) le 3 d\u00e9cembre. Nous reviendrons sur le programme de c<strong>ette journ\u00e9e exceptionnelle<\/strong>, en pr\u00e9sence de <strong>Marie-Christine Barrault<\/strong> qui est narratrice du documentaire de Fran\u00e7oise L\u00e9vie, sur un sc\u00e9nario de Luc Jabon : <strong><em>Z\u00e9non l&rsquo;insoumis&#8230;<\/em><\/strong><\/p>\n\n\n\n<ul class=\"wp-block-list\">\n<li><strong>De 12h \u00e0 18h : rencontres et d\u00e9dicaces avec des auteurs ayant particip\u00e9 au livre hommage<\/strong> \u00e0 Marguerite Yourcenar. Parmi eux : Jean Jauniaux (Belgique) &#8211; Annie Preaux (Belgique) &#8211; Mariem Ra\u00efss (Maroc) &#8211; Olivier Coutier-Delgosha (\u00c9tats-Unis), Sophie Turco (France) &#8211; Frederique de Ligni\u00e8res (France) &#8211; Sandrine Mehrez Kukurudz (\u00c9tats-Unis)<\/li>\n<\/ul>\n\n\n\n<p><strong><a href=\"https:\/\/www.tropismes.com\/\">La librairie Tropismes<\/a><\/strong> vous proposera sa meilleure s\u00e9lection de livres de Marguerite Yourcenar, ainsi que le dernier livre de Marie Christine Barrault : <strong><a href=\"https:\/\/www.editions-stock.fr\/livre\/si-tu-savais-cest-merveilleux-9782234094734\/\">SI TU SAVAIS, C&rsquo;EST MERVEILLEUX<\/a><\/strong>. <\/p>\n\n\n<div class=\"wp-block-image\">\n<figure class=\"alignright size-full is-resized\"><img loading=\"lazy\" decoding=\"async\" width=\"594\" height=\"966\" src=\"https:\/\/edmondmorrel.be\/wp-content\/uploads\/2023\/11\/Capture-decran-2023-11-20-a-11.06.02.png\" alt=\"\" class=\"wp-image-5264\" style=\"width:256px;height:auto\" srcset=\"https:\/\/edmondmorrel.be\/wp-content\/uploads\/2023\/11\/Capture-decran-2023-11-20-a-11.06.02.png 594w, https:\/\/edmondmorrel.be\/wp-content\/uploads\/2023\/11\/Capture-decran-2023-11-20-a-11.06.02-184x300.png 184w, https:\/\/edmondmorrel.be\/wp-content\/uploads\/2023\/11\/Capture-decran-2023-11-20-a-11.06.02-200x325.png 200w\" sizes=\"auto, (max-width: 594px) 100vw, 594px\" \/><\/figure>\n<\/div>\n\n\n<p>Le livre hommage \u00e0 Marguerite Yourcenar des \u00c9ditions Rencontre des Auteurs Francophones vous sera \u00e9galement d\u00e9dicac\u00e9 par les auteurs.<\/p>\n\n\n<div class=\"wp-block-image\">\n<figure class=\"alignleft size-large is-resized\"><img loading=\"lazy\" decoding=\"async\" width=\"555\" height=\"1024\" src=\"https:\/\/edmondmorrel.be\/wp-content\/uploads\/2023\/11\/Capture-decran-2023-11-20-a-10.32.23-555x1024.png\" alt=\"\" class=\"wp-image-5261\" style=\"width:191px;height:auto\" srcset=\"https:\/\/edmondmorrel.be\/wp-content\/uploads\/2023\/11\/Capture-decran-2023-11-20-a-10.32.23-555x1024.png 555w, https:\/\/edmondmorrel.be\/wp-content\/uploads\/2023\/11\/Capture-decran-2023-11-20-a-10.32.23-163x300.png 163w, https:\/\/edmondmorrel.be\/wp-content\/uploads\/2023\/11\/Capture-decran-2023-11-20-a-10.32.23-200x369.png 200w, https:\/\/edmondmorrel.be\/wp-content\/uploads\/2023\/11\/Capture-decran-2023-11-20-a-10.32.23-690x1274.png 690w, https:\/\/edmondmorrel.be\/wp-content\/uploads\/2023\/11\/Capture-decran-2023-11-20-a-10.32.23.png 700w\" sizes=\"auto, (max-width: 555px) 100vw, 555px\" \/><\/figure>\n<\/div>\n\n\n<ul class=\"wp-block-list\">\n<li><strong>14h : conf\u00e9rence du Professeur Tanguy de Wilde (UCLouvain) : Marguerite Yourcenar, auteure pour le XXIe si\u00e8cle ?&nbsp;<\/strong><\/li>\n<\/ul>\n\n\n\n<p>En quoi l\u2019\u0153uvre et la pens\u00e9e de Marguerite Yourcenar sont-elles des balises pertinentes pour affronter le vingt-et-uni\u00e8me si\u00e8cle ? Qu\u2019a-t-elle brillamment anticip\u00e9 ? Quels sont \u00e0 l\u2019inverse les angles morts de sa pens\u00e9e ? Quels sont les d\u00e9fis qu\u2019elle pressentait ? Comment l\u2019\u00e9tude du pass\u00e9 peut-elle \u00e9clairer le pr\u00e9sent et baliser l\u2019avenir ?<\/p>\n\n\n\n<ul class=\"wp-block-list\">\n<li>15h : rencontres libres et conviviales autour du bar de la Maison de la Francit\u00e9<\/li>\n\n\n\n<li>15h30 : lectures de textes extraits du livre hommage \u00e0 Marguerite Yourcenar par les auteurs du r\u00e9seau.<\/li>\n\n\n\n<li><strong>16h45 : grande lecture par Marie Christine Barrault sur la correspondance et textes choisis de Marguerite Yourcenar et s\u00e9ance de d\u00e9dicaces de son dernier livre \u00ab\u00a0Si tu savais, c&rsquo;est merveilleux\u00a0\u00bb.<\/strong><\/li>\n\n\n\n<li>17h15 : rencontres libres et conviviales autour du bar de la Maison de la Francit\u00e9<\/li>\n\n\n\n<li>18h : Accueil vid\u00e9o de Philippe Reynaert, journaliste cin\u00e9ma (Xanadu.movie) et du film de 20 minutes de Fran\u00e7oise Levie sur les traces de Marguerite Yourcenar dans le Maine avec Marie-Christine Barrault (\u00c9tats-Unis).<\/li>\n<\/ul>\n\n\n\n<p>\u00c0 l&rsquo;issue de la projection, discussion avec Marie-Christine Barrault, Fran\u00e7oise Levie et Martine Barb\u00e9 sur cette visite \u00e9mouvante et le film qui va suivre et questions avec le public.<\/p>\n\n\n\n<p><strong><a href=\"http:\/\/espacelivresedmondmorrel.blogspot.com\/2019\/11\/zenon-linsoumis-de-francoise-levie.html\">\u00ab\u00a0L&rsquo;ivresse des livres\u00a0\u00bb avait, \u00e0 la sortie du film, publi\u00e9 une interview \u00e0 son propos de Jacques De Decker et de Marie-Christine Barrault au micro de Jean Jauniaux pour \u00ab\u00a0L&rsquo;ivresse des livres\u00a0\u00bb . Ces entretiens sont bien s\u00fbr  toujours accessibles sur le site<\/a><\/strong> <\/p>\n\n\n\n<p><strong>et sur la cha\u00eene soundcloud :<\/strong> <\/p>\n\n\n\n<figure class=\"wp-block-embed is-type-rich is-provider-soundcloud wp-block-embed-soundcloud\"><div class=\"wp-block-embed__wrapper\">\n<iframe loading=\"lazy\" title=\"&quot;Z\u00e9non, l&#039;insoumis&quot; \u00e9voqu\u00e9 par Jacques De Decker by Jean Jauniaux\" width=\"1170\" height=\"400\" scrolling=\"no\" frameborder=\"no\" src=\"https:\/\/w.soundcloud.com\/player\/?visual=true&#038;url=https%3A%2F%2Fapi.soundcloud.com%2Ftracks%2F719191714&#038;show_artwork=true&#038;maxheight=1000&#038;maxwidth=1170\"><\/iframe>\n<\/div><\/figure>\n\n\n\n<figure class=\"wp-block-embed is-type-rich is-provider-soundcloud wp-block-embed-soundcloud\"><div class=\"wp-block-embed__wrapper\">\n<iframe loading=\"lazy\" title=\"Marie-Christine Barrault au micro de Jean Jauniaux by Jean Jauniaux\" width=\"1170\" height=\"400\" scrolling=\"no\" frameborder=\"no\" src=\"https:\/\/w.soundcloud.com\/player\/?visual=true&#038;url=https%3A%2F%2Fapi.soundcloud.com%2Ftracks%2F720196747&#038;show_artwork=true&#038;maxheight=1000&#038;maxwidth=1170\"><\/iframe>\n<\/div><\/figure>\n\n\n\n<ul class=\"wp-block-list\">\n<li>19h30 : Projection du<strong> film \u00ab\u00a0Zenon, l&rsquo;insoumis,<\/strong> entre Marguerite Yourcenar et Andr\u00e9 Delvaux\u00a0\u00bb (Image creation.com). Voici le lien vers la bande annonce du film:<\/li>\n<\/ul>\n\n\n\n<figure class=\"wp-block-embed is-type-video is-provider-youtube wp-block-embed-youtube wp-embed-aspect-16-9 wp-has-aspect-ratio\"><div class=\"wp-block-embed__wrapper\">\n<iframe loading=\"lazy\" title=\"Z\u00e9non l&#039;insoumis\" width=\"1170\" height=\"658\" src=\"https:\/\/www.youtube.com\/embed\/jJ7WEJKW4CA?feature=oembed\" frameborder=\"0\" allow=\"accelerometer; autoplay; clipboard-write; encrypted-media; gyroscope; picture-in-picture; web-share\" allowfullscreen><\/iframe>\n<\/div><\/figure>\n","protected":false},"excerpt":{"rendered":"<p>R\u00e9unissant six partenaires dans le monde des lettres et de la promotion de la culture francophones, l&rsquo;association \u00ab\u00a0Rencontre des auteurs&nbsp;[&hellip;]<\/p>\n","protected":false},"author":2,"featured_media":0,"comment_status":"closed","ping_status":"closed","sticky":false,"template":"","format":"standard","meta":{"footnotes":""},"categories":[1],"tags":[],"class_list":["post-5256","post","type-post","status-publish","format-standard","hentry","category-non-classe","post-item clearfix"],"_links":{"self":[{"href":"https:\/\/edmondmorrel.be\/index.php?rest_route=\/wp\/v2\/posts\/5256","targetHints":{"allow":["GET"]}}],"collection":[{"href":"https:\/\/edmondmorrel.be\/index.php?rest_route=\/wp\/v2\/posts"}],"about":[{"href":"https:\/\/edmondmorrel.be\/index.php?rest_route=\/wp\/v2\/types\/post"}],"author":[{"embeddable":true,"href":"https:\/\/edmondmorrel.be\/index.php?rest_route=\/wp\/v2\/users\/2"}],"replies":[{"embeddable":true,"href":"https:\/\/edmondmorrel.be\/index.php?rest_route=%2Fwp%2Fv2%2Fcomments&post=5256"}],"version-history":[{"count":4,"href":"https:\/\/edmondmorrel.be\/index.php?rest_route=\/wp\/v2\/posts\/5256\/revisions"}],"predecessor-version":[{"id":5268,"href":"https:\/\/edmondmorrel.be\/index.php?rest_route=\/wp\/v2\/posts\/5256\/revisions\/5268"}],"wp:attachment":[{"href":"https:\/\/edmondmorrel.be\/index.php?rest_route=%2Fwp%2Fv2%2Fmedia&parent=5256"}],"wp:term":[{"taxonomy":"category","embeddable":true,"href":"https:\/\/edmondmorrel.be\/index.php?rest_route=%2Fwp%2Fv2%2Fcategories&post=5256"},{"taxonomy":"post_tag","embeddable":true,"href":"https:\/\/edmondmorrel.be\/index.php?rest_route=%2Fwp%2Fv2%2Ftags&post=5256"}],"curies":[{"name":"wp","href":"https:\/\/api.w.org\/{rel}","templated":true}]}}