{"id":5215,"date":"2023-11-02T13:00:09","date_gmt":"2023-11-02T12:00:09","guid":{"rendered":"http:\/\/edmondmorrel.be\/?p=5215"},"modified":"2023-11-02T13:00:10","modified_gmt":"2023-11-02T12:00:10","slug":"marie-desaulles-expose-a-lespace-art-gallery-une-occasion-a-ne-pas-manquer","status":"publish","type":"post","link":"https:\/\/edmondmorrel.be\/?p=5215","title":{"rendered":"Marie Desaulles expose \u00e0 l&rsquo;Espace Art Gallery. Une occasion \u00e0 ne pas manquer !"},"content":{"rendered":"\n<blockquote class=\"wp-block-quote is-layout-flow wp-block-quote-is-layout-flow\">\n<p>L&rsquo;<strong><a href=\"https:\/\/www.espaceartgallery.eu\/espace-art-gallery-vous-presente-son-prochain-vernissage-du-02-11-2023-et-son-agenda-culturel\/\">Espace Art Gallery<\/a><\/strong> accueille dans une exposition collective une artiste, Marie Desaulles, que nous avions eu l&rsquo;occasion de rencontrer \u00e0 diff\u00e9rentes reprises dans son atelier p\u00e9rigourdin. Elle y organise des stages de peinture dont elle pr\u00e9sente les intuitions et les lignes de force dans un livre \u00a0<em><a href=\"https:\/\/edmondmorrel.be\">L\u2019\u00e9toile te parle, les toiles te regardent\u00a0<\/a><\/em>. Nous avions rencontr\u00e9 Marie Desaulles \u00e0 cette occasion et \u00e9voqu\u00e9 avec elle son travail, ses sources d&rsquo;inspiration et sa passion de transmettre sa pratique.<\/p>\n\n\n<div class=\"wp-block-image\">\n<figure class=\"alignright size-full\"><img loading=\"lazy\" decoding=\"async\" width=\"488\" height=\"693\" src=\"https:\/\/edmondmorrel.be\/wp-content\/uploads\/2023\/11\/Capture-decran-2023-11-02-a-12.22.55.png\" alt=\"\" class=\"wp-image-5216\" srcset=\"https:\/\/edmondmorrel.be\/wp-content\/uploads\/2023\/11\/Capture-decran-2023-11-02-a-12.22.55.png 488w, https:\/\/edmondmorrel.be\/wp-content\/uploads\/2023\/11\/Capture-decran-2023-11-02-a-12.22.55-211x300.png 211w, https:\/\/edmondmorrel.be\/wp-content\/uploads\/2023\/11\/Capture-decran-2023-11-02-a-12.22.55-200x284.png 200w\" sizes=\"auto, (max-width: 488px) 100vw, 488px\" \/><\/figure>\n<\/div>\n\n\n<p>Voici ce que nous \u00e9crivions \u00e0 la sortie du livre:<\/p>\n\n\n\n<p><em>(&#8230; voici) un livre de partage, partage des \u00e9motions suscit\u00e9es par la cr\u00e9ation au quotidien, partage des perp\u00e9tuels changements que lui donne \u00e0 voir \u00ab\u00a0la Vie\u00a0\u00bb, partage aussi des mots entrelac\u00e9s aux images de quelques unes des toiles dont les reproductions ornent le texte. Partage enfin de quelques pistes parcourues \u00e0 travers l\u2019art, chemins de traverse qui sillonnent la toile en autant d\u2019\u00e9nigmes qu\u2019il s\u2019agit d\u2019apprivoiser\u2026A moins que ce ne soit l\u2019inverse et que le processus de cr\u00e9ation ne soit ce qui nous apprivoise, artistes ou simples spectateurs de l\u2019oeuvre. Marie Dessaules invite le lecteur \u00e0 poser le livre sur la table de chevet, pour y revenir au gr\u00e9 des soirs, y chercher un \u00e9cho aux questions que l\u2019existence pose \u00e0 chacun. L\u2019autrice \u00ab\u00a0tente de souligner ce que l\u2019aspect simple et banal des textes et images cache de profondeur et de sens subtil\u00a0\u00bb. Elle nous invite ainsi, au-del\u00e0 des mots et des tableaux, \u00e0 chercher dans notre quotidien, dans notre contact avec la nature, avec l\u2019autre, avec le temps, avec l\u2019espace ce qui nous appartient et qu\u2019elle nous aide \u00e0 d\u00e9voiler. L\u2019artiste s\u2019interroge sur le lien entre elle , \u00ab\u00a0l\u2019artiste peintre cr\u00e9atrice et sculptrice de mots\u00a0\u00bb et le \u00ab\u00a0lecteur, le regardeur\u00a0\u00bb, mais surtout sur \u00ab\u00a0la rencontre avec un texte ou une image\u00a0\u00bb.<\/em><\/p>\n\n\n\n<p><em>Le livre est une autobiographie artistique, un autoportrait \u00e9motionnel. Jouant sur l\u2019allit\u00e9ration nouant \u00ab\u00a0L\u2019\u00c9toile\u00a0\u00bb \u00e0 \u00ab\u00a0La toile\u00a0\u00bb, Desaulles nous tend aussi un miroir. Elle est peintre, mais pas seulement. La vocation de transmettre est omnipr\u00e9sente dans son oeuvre, mais aussi, bien s\u00fbr, dans les ateliers o\u00f9 elle pose \u00e0 ses stagiaires les questions qui la portent: \u00ab\u00a0De l\u2019imagination \u00e0 la cr\u00e9ation\u00a0\u00bb, \u00ab\u00a0L\u2019\u00e9lan\u00a0\u00bb, \u00ab\u00a0L\u2019Oeuvre d\u2019Art\u00a0\u00bb, et surtout \u00ab\u00a0Le beau, source de joie\u00a0\u00bb. Elle invite le lecteur \u00e0 se \u00ab\u00a0laisser voguer avec l\u2019innocence de la d\u00e9couverte\u00a0\u00bb, cette innocence qui seule permet \u00ab\u00a0d\u2019observer les signes offerts par l\u2019invisible\u00a0\u00bb.<\/em><\/p>\n\n\n\n<p><strong><mark style=\"background-color:rgba(0, 0, 0, 0)\" class=\"has-inline-color has-vivid-red-color\">L&rsquo;exposition d\u00e9bute le 02\/11\u2026 (vernissage \u00e0 partir de 18h30 jusque 21h30) L&rsquo;adresse : Rue de Laeken, 83 \u00e0\u00a0B 1000 Bruxelles <\/mark><\/strong><\/p>\n\n\n\n<p>Les artistes \u00a0pr\u00e9sents pour cet \u00e9v\u00e9nement: Marie Desaulles (Fr) peintures cosmiques,\u00a0Fabienne Platteborze &amp; Toro Maurizio dit Courandart (Be) peintures &amp; sculptures,\u00a0Diane Castellet dit Di Cast Art (Fr) peintures et\u00a0Marie M. (Fr) sculptures.Et une pr\u00e9sentation exceptionnelle d&rsquo;\u00e9dition d&rsquo;Art de l\u2019artiste\u00a0<strong>Bellor<\/strong>\u00a0\u2020 (1911 &#8211; 2000) en partenariat avec le\u00a0<strong>Comit\u00e9 Bellor\u00a0<\/strong>!Ainsi que les sacs \u00e0 main de\u00a0<strong>Th\u00e9odora<\/strong>\u00a0(Gr) dans les vitrines et du mobilier de l\u2019artiste styliste d\u2019ameublement Jeanne\u00a0<strong>Julien<\/strong> Art (Fr).\u00a0<\/p>\n<\/blockquote>\n\n\n\n<p><strong>Jean Jauniaux, le 2 novembre 2023<\/strong><\/p>\n\n\n\n<blockquote class=\"wp-block-quote is-layout-flow wp-block-quote-is-layout-flow\">\n<p><mark style=\"background-color:rgba(0, 0, 0, 0)\" class=\"has-inline-color has-vivid-red-color\"><strong>Vernissage le jeudi 02 novembre de 18h 30 \u00e0 21h 30.<\/strong> <strong>Finissage les 25 &amp; 26 novembre de 11h 30 \u00e0 18h 30.<\/strong><\/mark><\/p>\n<\/blockquote>\n","protected":false},"excerpt":{"rendered":"<p>Jean Jauniaux, le 2 novembre 2023 Vernissage le jeudi 02 novembre de 18h 30 \u00e0 21h 30. Finissage les 25&nbsp;[&hellip;]<\/p>\n","protected":false},"author":2,"featured_media":0,"comment_status":"closed","ping_status":"closed","sticky":false,"template":"","format":"standard","meta":{"footnotes":""},"categories":[1],"tags":[],"class_list":["post-5215","post","type-post","status-publish","format-standard","hentry","category-non-classe","post-item clearfix"],"_links":{"self":[{"href":"https:\/\/edmondmorrel.be\/index.php?rest_route=\/wp\/v2\/posts\/5215","targetHints":{"allow":["GET"]}}],"collection":[{"href":"https:\/\/edmondmorrel.be\/index.php?rest_route=\/wp\/v2\/posts"}],"about":[{"href":"https:\/\/edmondmorrel.be\/index.php?rest_route=\/wp\/v2\/types\/post"}],"author":[{"embeddable":true,"href":"https:\/\/edmondmorrel.be\/index.php?rest_route=\/wp\/v2\/users\/2"}],"replies":[{"embeddable":true,"href":"https:\/\/edmondmorrel.be\/index.php?rest_route=%2Fwp%2Fv2%2Fcomments&post=5215"}],"version-history":[{"count":1,"href":"https:\/\/edmondmorrel.be\/index.php?rest_route=\/wp\/v2\/posts\/5215\/revisions"}],"predecessor-version":[{"id":5217,"href":"https:\/\/edmondmorrel.be\/index.php?rest_route=\/wp\/v2\/posts\/5215\/revisions\/5217"}],"wp:attachment":[{"href":"https:\/\/edmondmorrel.be\/index.php?rest_route=%2Fwp%2Fv2%2Fmedia&parent=5215"}],"wp:term":[{"taxonomy":"category","embeddable":true,"href":"https:\/\/edmondmorrel.be\/index.php?rest_route=%2Fwp%2Fv2%2Fcategories&post=5215"},{"taxonomy":"post_tag","embeddable":true,"href":"https:\/\/edmondmorrel.be\/index.php?rest_route=%2Fwp%2Fv2%2Ftags&post=5215"}],"curies":[{"name":"wp","href":"https:\/\/api.w.org\/{rel}","templated":true}]}}