{"id":5209,"date":"2023-11-02T11:46:38","date_gmt":"2023-11-02T10:46:38","guid":{"rendered":"http:\/\/edmondmorrel.be\/?p=5209"},"modified":"2023-11-02T11:46:38","modified_gmt":"2023-11-02T10:46:38","slug":"miles-hyman-une-adaptation-magistrale-du-roman-de-musso-la-vie-secrete-des-ecrivains","status":"publish","type":"post","link":"https:\/\/edmondmorrel.be\/?p=5209","title":{"rendered":"Miles Hyman: une adaptation magistrale du roman de Musso, \u00ab\u00a0La vie secr\u00e8te des \u00e9crivains\u00a0\u00bb"},"content":{"rendered":"\n<p>L&rsquo;artiste v\u00e9ritable est celui qui cr\u00e9e, d&rsquo;oeuvre en oeuvre, un univers qui lui est propre, reconnaissable entre tous par la gr\u00e2ce singuli\u00e8re de la lumi\u00e8re dont il irradie. Que ce soit en musique, en peinture, en po\u00e9sie ou en litt\u00e9rature, la magie op\u00e8re. <strong><a href=\"https:\/\/www.mileshyman.com\/\">Miles Hyman<\/a><\/strong> appartient \u00e0 ceux-l\u00e0 dont on reconna\u00eet l&rsquo;originalit\u00e9 du trait, la justesse de la composition, le bonheur de la narration dans chacun de ses tableaux, dans chacune de ses illustrations et, last but not least, dans chacun de ses romans graphiques. <\/p>\n\n\n\n<p>Nous avons eu \u00e0 plusieurs reprises l&rsquo;occasion d&rsquo;\u00e9changer avec le peintre franco-am\u00e9ricain \u00e0 propos de ces entrelacements entre les genres, peinture-bande dessin\u00e9e, mais aussi, \u00e0 propos des romans graphiques, de l&rsquo;approche picturale du dessin, de cette mani\u00e8re de sublimer le r\u00e9cit par ce que chaque s\u00e9quence nous en montre. Il y a \u00e0 la fois, combin\u00e9s dans un seul geste et un seul regard, tous les ressorts cr\u00e9atifs de la fiction illustr\u00e9e. On pourrait comparer ce travail \u00e0 celui d&rsquo;une \u00e9quipe de cin\u00e9ma qui r\u00e9unit, sur la feuille (ou l&rsquo;\u00e9cran de la tablette), tous les m\u00e9tiers: direction d&rsquo;acteur, casting, directeur de la photo, d\u00e9corateur, accessoiriste&#8230; Rien ne peut \u00eatre laiss\u00e9 au hasard.<\/p>\n\n\n<div class=\"wp-block-image\">\n<figure class=\"alignright size-full is-resized\"><img loading=\"lazy\" decoding=\"async\" width=\"639\" height=\"820\" src=\"https:\/\/edmondmorrel.be\/wp-content\/uploads\/2023\/11\/Capture-decran-2023-11-02-a-11.42.14.png\" alt=\"\" class=\"wp-image-5213\" style=\"aspect-ratio:0.7792682926829269;width:328px;height:auto\" srcset=\"https:\/\/edmondmorrel.be\/wp-content\/uploads\/2023\/11\/Capture-decran-2023-11-02-a-11.42.14.png 639w, https:\/\/edmondmorrel.be\/wp-content\/uploads\/2023\/11\/Capture-decran-2023-11-02-a-11.42.14-234x300.png 234w, https:\/\/edmondmorrel.be\/wp-content\/uploads\/2023\/11\/Capture-decran-2023-11-02-a-11.42.14-200x257.png 200w\" sizes=\"auto, (max-width: 639px) 100vw, 639px\" \/><\/figure>\n<\/div>\n\n\n<p>Dans ce dernier album en date, Miles Hyman d\u00e9montre une nouvelle fois combien il ma\u00eetrise le sens du r\u00e9cit, en mettant cette ma\u00eetrise au service d&rsquo;un romancier comme il fit, parmi d&rsquo;autres, avec celle de <a href=\"http:\/\/www.espace-livres.be\/spip.php?article1968\">James Ellroy (<em>Le dahlia noir<\/em>)<\/a> . Mais le r\u00e9cit pour Hymans ne se restreint pas \u00e0 ce qu&rsquo;en \u00e9crivent les romanciers. Pour lui, un lieu, un espace, une silhouette, une lumi\u00e8re sont autant de r\u00e9cits qui enchantent notre regard. Souvenons-nous de son <em><a href=\"http:\/\/www.espace-livres.be\/spip.php?article821\">New-York <\/a><\/em>, mais aussi de <em><a href=\"http:\/\/www.espace-livres.be\/spip.php?article979\">Images interdites<\/a><\/em> o\u00f9 le peintre explore la puissance narrative d&rsquo;images dont chacune est un tableau. N&rsquo;expose-t-il pas r\u00e9guli\u00e8rement certaines des vignettes composant un album d\u00e9montrant ainsi l&rsquo;intensit\u00e9 de chacune des cases? Ne cr\u00e9e-t-il pas des affiches dont le format et l&rsquo;exposition  promeuvent dans l&rsquo;espace public de grandes manifestations comme le festival <em>Etonnants voyageurs <\/em>(Saint-Malo, 2022) ou des salons du livre? <\/p>\n\n\n\n<p>La parution de <em>La vie secr\u00e8te des \u00e9crivains<\/em> en roman graphique \u00e9tait une occasion \u00e0 ne pas manquer pour retrouver Miles Hyman et l&rsquo;interroger sur son art&#8230;<\/p>\n\n\n\n<p>Il \u00e9voque au micro de \u00ab\u00a0L&rsquo;ivresse des livres\u00a0\u00bb le roman graphique \u00ab\u00a0La vie secr\u00e8te des \u00e9crivains\u00a0\u00bb qu&rsquo;il vient d&rsquo;adapter du roman \u00e9ponyme de Guillaume Musso (l&rsquo;album et le roman tous deux parus chez Calmann-L\u00e9vy) . Quelle est la place du roman graphique dans l&rsquo;oeuvre du peintre? Comment se partagent les deux types de cr\u00e9ation? Comment est n\u00e9 ce projet d&rsquo;adapter le best-seller de Guillaume Musso? <\/p>\n\n\n\n<figure class=\"wp-block-embed alignright is-type-rich is-provider-soundcloud wp-block-embed-soundcloud\"><div class=\"wp-block-embed__wrapper\">\n<iframe loading=\"lazy\" title=\"Rencontre avec Miles Hyman by Jean Jauniaux\" width=\"1170\" height=\"400\" scrolling=\"no\" frameborder=\"no\" src=\"https:\/\/w.soundcloud.com\/player\/?visual=true&#038;url=https%3A%2F%2Fapi.soundcloud.com%2Ftracks%2F1646191815&#038;show_artwork=true&#038;maxheight=1000&#038;maxwidth=1170\"><\/iframe>\n<\/div><\/figure>\n\n\n\n<p>Autant de questions qui constituent <a href=\"https:\/\/soundcloud.com\/user-352723019\/rencontre-avec-miles-hyman?si=8dd87efe0696475fa48391b0c549c603&amp;utm_source=clipboard&amp;utm_medium=text&amp;utm_campaign=social_sharing\">une visite guid\u00e9e sonore de l&rsquo;atelier de Miles Hyman<\/a>, un artiste qui fait de chaque roman graphique dont il est l&rsquo;auteur, une v\u00e9ritable oeuvre d&rsquo;art. Parmi les nombreuses adaptations de romans ou nouvelles, il \u00e9voque volontiers un de ses albums majeurs, <strong>\u00ab\u00a0La loterie\u00a0\u00bb<\/strong> adapt\u00e9 d&rsquo;une nouvelle de sa grand-m\u00e8re l&rsquo;\u00e9crivain am\u00e9ricaine <strong>Shirley Jackson <\/strong>(Ed. Casterman). <\/p>\n\n\n\n<figure class=\"wp-block-image size-full\"><img loading=\"lazy\" decoding=\"async\" width=\"331\" height=\"446\" src=\"https:\/\/edmondmorrel.be\/wp-content\/uploads\/2023\/11\/Capture-decran-2023-11-02-a-11.40.53.png\" alt=\"\" class=\"wp-image-5212\" srcset=\"https:\/\/edmondmorrel.be\/wp-content\/uploads\/2023\/11\/Capture-decran-2023-11-02-a-11.40.53.png 331w, https:\/\/edmondmorrel.be\/wp-content\/uploads\/2023\/11\/Capture-decran-2023-11-02-a-11.40.53-223x300.png 223w, https:\/\/edmondmorrel.be\/wp-content\/uploads\/2023\/11\/Capture-decran-2023-11-02-a-11.40.53-200x269.png 200w\" sizes=\"auto, (max-width: 331px) 100vw, 331px\" \/><\/figure>\n\n\n\n<p><strong>Jean Jauniaux, le 21 octobre 2023.<\/strong><\/p>\n","protected":false},"excerpt":{"rendered":"<p>L&rsquo;artiste v\u00e9ritable est celui qui cr\u00e9e, d&rsquo;oeuvre en oeuvre, un univers qui lui est propre, reconnaissable entre tous par la&nbsp;[&hellip;]<\/p>\n","protected":false},"author":2,"featured_media":0,"comment_status":"closed","ping_status":"closed","sticky":false,"template":"","format":"standard","meta":{"footnotes":""},"categories":[1],"tags":[],"class_list":["post-5209","post","type-post","status-publish","format-standard","hentry","category-non-classe","post-item clearfix"],"_links":{"self":[{"href":"https:\/\/edmondmorrel.be\/index.php?rest_route=\/wp\/v2\/posts\/5209","targetHints":{"allow":["GET"]}}],"collection":[{"href":"https:\/\/edmondmorrel.be\/index.php?rest_route=\/wp\/v2\/posts"}],"about":[{"href":"https:\/\/edmondmorrel.be\/index.php?rest_route=\/wp\/v2\/types\/post"}],"author":[{"embeddable":true,"href":"https:\/\/edmondmorrel.be\/index.php?rest_route=\/wp\/v2\/users\/2"}],"replies":[{"embeddable":true,"href":"https:\/\/edmondmorrel.be\/index.php?rest_route=%2Fwp%2Fv2%2Fcomments&post=5209"}],"version-history":[{"count":1,"href":"https:\/\/edmondmorrel.be\/index.php?rest_route=\/wp\/v2\/posts\/5209\/revisions"}],"predecessor-version":[{"id":5214,"href":"https:\/\/edmondmorrel.be\/index.php?rest_route=\/wp\/v2\/posts\/5209\/revisions\/5214"}],"wp:attachment":[{"href":"https:\/\/edmondmorrel.be\/index.php?rest_route=%2Fwp%2Fv2%2Fmedia&parent=5209"}],"wp:term":[{"taxonomy":"category","embeddable":true,"href":"https:\/\/edmondmorrel.be\/index.php?rest_route=%2Fwp%2Fv2%2Fcategories&post=5209"},{"taxonomy":"post_tag","embeddable":true,"href":"https:\/\/edmondmorrel.be\/index.php?rest_route=%2Fwp%2Fv2%2Ftags&post=5209"}],"curies":[{"name":"wp","href":"https:\/\/api.w.org\/{rel}","templated":true}]}}