{"id":5168,"date":"2023-07-08T09:00:38","date_gmt":"2023-07-08T07:00:38","guid":{"rendered":"http:\/\/edmondmorrel.be\/?p=5168"},"modified":"2023-07-08T09:00:39","modified_gmt":"2023-07-08T07:00:39","slug":"le-livre-de-daniel-le-destin-tragique-de-daniel-maroy-84-ans-assassine-dans-sa-ferme-du-hainaut-raconte-par-son-neveu-lecrivain-chris-de-stoop-bouleversant","status":"publish","type":"post","link":"https:\/\/edmondmorrel.be\/?p=5168","title":{"rendered":"\u00ab\u00a0Le livre de Daniel\u00a0\u00bb : le destin tragique de Daniel Maroy, 84 ans,  assassin\u00e9 dans sa ferme du Hainaut &#8230;racont\u00e9 par son neveu, l&rsquo;\u00e9crivain Chris de Stoop. Bouleversant."},"content":{"rendered":"\n<p><strong>Le Livre de Daniel<\/strong><em> (Het boek Daniel) de <strong>Chris de Stoop<\/strong>, traduit du n\u00e9erlandais (Belgique) par Anne-Laure Vignaux, Globe, 282p., 22,00 \u20ac, <\/em><\/p>\n\n\n\n<p>Daniel Maroy vivait seul dans la ferme familiale de Saint-L\u00e9ger (Hainaut). Au fil des ann\u00e9es, les terres de son exploitation ont \u00e9t\u00e9 vendues parcelle par parcelle pour payer les dettes. A 84 ans, Oncle Daniel s\u2019occupait des quatre vaches qui lui restaient. \u00ab\u00a0<em>Il se soignait moins bien qu\u2019il ne soignait ses b\u00eates<\/em>\u00a0\u00bb disait-on du <em>clochard <\/em>au supermarch\u00e9. Chaque semaine, il y r\u00e9glait ses achats avec de l\u2019argent liquide. Cela lui sera fatal. Un soir de mars 2014, des jeunes paum\u00e9s, connus pour la violence et l\u2019impunit\u00e9 de leurs incivilit\u00e9s, d\u00e9cident de voler le pactole qu\u2019ils soup\u00e7onnent le \u00ab\u00a0<em>vieux crasseux<\/em>\u00a0\u00bb de cacher. Ils entrent dans la ferme, frappent le vieillard, le d\u00e9pouillent de quelques milliers d\u2019euros. Ils reviendront plus tard l\u2019achever \u00e0 coup de fourche et incendier la ferme.<\/p>\n\n\n<div class=\"wp-block-image\">\n<figure class=\"alignright size-full is-resized\"><img loading=\"lazy\" decoding=\"async\" src=\"https:\/\/edmondmorrel.be\/wp-content\/uploads\/2023\/07\/Capture-decran-2023-07-08-a-08.53.10.png\" alt=\"\" class=\"wp-image-5169\" width=\"257\" height=\"344\" srcset=\"https:\/\/edmondmorrel.be\/wp-content\/uploads\/2023\/07\/Capture-decran-2023-07-08-a-08.53.10.png 411w, https:\/\/edmondmorrel.be\/wp-content\/uploads\/2023\/07\/Capture-decran-2023-07-08-a-08.53.10-224x300.png 224w, https:\/\/edmondmorrel.be\/wp-content\/uploads\/2023\/07\/Capture-decran-2023-07-08-a-08.53.10-200x268.png 200w\" sizes=\"auto, (max-width: 257px) 100vw, 257px\" \/><\/figure>\n<\/div>\n\n\n<p>En 2019, Christian de Stoop, accepte de devenir &nbsp;partie civile au proc\u00e8s des assassins de son oncle maternel. L\u2019\u00e9crivain, c\u00e9l\u00e9br\u00e9 pour ses grands reportages aux quatre coins du monde rencontre tous les protagonistes pour reconstituer le destin tragique de Daniel, les raisons de son \u00e9loignement progressif de toute vie sociale, la d\u00e9tresse \u00e9conomique de la r\u00e9gion, la violence des jeunes et l\u2019indiff\u00e9rence du voisinage.<\/p>\n\n\n\n<p>Au fil du r\u00e9cit, l\u2019\u00e9motion \u00e9treint l\u2019\u00e9criture s\u00e8che, sobre, factuelle de Chris de Stoop. Avec ce livre, il \u00e9rige une bouleversante s\u00e9pulture litt\u00e9raire \u00e0 la m\u00e9moire de Daniel qui ne faisait\u00a0\u00ab\u00a0<em>qu\u2019un avec sa ferme, ses b\u00eates, la nature, la terre sous ses pieds et le ciel au-dessus de sa t\u00eate\u00a0<\/em>\u00bb. Il lui restitue un visage, une vie, une histoire, une humanit\u00e9 mais aussi l\u2019empathie dont tous l\u2019ont priv\u00e9. Elle est sans doute le mot-cl\u00e9 du <em>Livre de Daniel. <\/em><\/p>\n\n\n\n<p><strong>Jean Jauniaux, l<\/strong>e 8 juillet 2023<\/p>\n\n\n\n<p><strong><a href=\"https:\/\/editions-globe.com\/le-livre-de-daniel\/\">Sur le site de l&rsquo;\u00e9diteur:<\/a><\/strong><\/p>\n\n\n\n<p><em>Le Livre de Daniel<\/em>, c\u2019est l\u2019histoire tragique d\u2019un homme de quatre-vingt-quatre ans assassin\u00e9 \u00e0 coups de fourche dans sa ferme isol\u00e9e, par des jeunes paum\u00e9s de Roubaix qui veulent de l\u2019argent, le filment avec leurs t\u00e9l\u00e9phones portables et font circuler la vid\u00e9o de sa mise \u00e0 mort sans aucune empathie.<\/p>\n\n\n\n<p><em>Le Livre de Daniel<\/em>, c\u2019est aussi l\u2019histoire de Chris de Stoop, le neveu de Daniel, qui, apr\u00e8s avoir enqu\u00eat\u00e9 dans le village de son oncle, en Belgique, d\u00e9cide de se porter partie civile au proc\u00e8s des bourreaux de son oncle. Il ne cherche pas r\u00e9paration\u2009; ce qu\u2019il cherche, c\u2019est \u00e0 comprendre ce qui a men\u00e9 cinq jeunes d\u00e9s\u0153uvr\u00e9s au meurtre.<\/p>\n\n\n\n<p>Avec ce quatorzi\u00e8me livre devenu un best-seller aux Pays-Bas et en Belgique, Chris de Stoop, ma\u00eetre du journalisme litt\u00e9raire incontest\u00e9 et multiprim\u00e9, signe un chef-d\u2019\u0153uvre de non-fiction dans la lign\u00e9e de <em>De sang-froid<\/em> de Truman Capote.<\/p>\n","protected":false},"excerpt":{"rendered":"<p>Le Livre de Daniel (Het boek Daniel) de Chris de Stoop, traduit du n\u00e9erlandais (Belgique) par Anne-Laure Vignaux, Globe, 282p.,&nbsp;[&hellip;]<\/p>\n","protected":false},"author":2,"featured_media":0,"comment_status":"closed","ping_status":"closed","sticky":false,"template":"","format":"standard","meta":{"footnotes":""},"categories":[1],"tags":[],"class_list":["post-5168","post","type-post","status-publish","format-standard","hentry","category-non-classe","post-item clearfix"],"_links":{"self":[{"href":"https:\/\/edmondmorrel.be\/index.php?rest_route=\/wp\/v2\/posts\/5168","targetHints":{"allow":["GET"]}}],"collection":[{"href":"https:\/\/edmondmorrel.be\/index.php?rest_route=\/wp\/v2\/posts"}],"about":[{"href":"https:\/\/edmondmorrel.be\/index.php?rest_route=\/wp\/v2\/types\/post"}],"author":[{"embeddable":true,"href":"https:\/\/edmondmorrel.be\/index.php?rest_route=\/wp\/v2\/users\/2"}],"replies":[{"embeddable":true,"href":"https:\/\/edmondmorrel.be\/index.php?rest_route=%2Fwp%2Fv2%2Fcomments&post=5168"}],"version-history":[{"count":1,"href":"https:\/\/edmondmorrel.be\/index.php?rest_route=\/wp\/v2\/posts\/5168\/revisions"}],"predecessor-version":[{"id":5170,"href":"https:\/\/edmondmorrel.be\/index.php?rest_route=\/wp\/v2\/posts\/5168\/revisions\/5170"}],"wp:attachment":[{"href":"https:\/\/edmondmorrel.be\/index.php?rest_route=%2Fwp%2Fv2%2Fmedia&parent=5168"}],"wp:term":[{"taxonomy":"category","embeddable":true,"href":"https:\/\/edmondmorrel.be\/index.php?rest_route=%2Fwp%2Fv2%2Fcategories&post=5168"},{"taxonomy":"post_tag","embeddable":true,"href":"https:\/\/edmondmorrel.be\/index.php?rest_route=%2Fwp%2Fv2%2Ftags&post=5168"}],"curies":[{"name":"wp","href":"https:\/\/api.w.org\/{rel}","templated":true}]}}