{"id":5153,"date":"2023-06-24T08:59:49","date_gmt":"2023-06-24T06:59:49","guid":{"rendered":"http:\/\/edmondmorrel.be\/?p=5153"},"modified":"2023-06-24T08:59:50","modified_gmt":"2023-06-24T06:59:50","slug":"famine-rouge-la-guerre-de-staline-en-ukraine-de-anne-applebaum-gallimard-folio-histoire-2022","status":"publish","type":"post","link":"https:\/\/edmondmorrel.be\/?p=5153","title":{"rendered":"\u00ab\u00a0Famine rouge, la guerre de Staline en Ukraine\u00a0\u00bb, de Anne Applebaum, Gallimard\/Folio Histoire (2022)"},"content":{"rendered":"\n<p>La lecture de cet essai consacr\u00e9 \u00e0 la famine provoqu\u00e9e en 1932-1933, dont on estime le nombre de victimes ukrainiennes \u00e0 3,9 millions (!), vous laisse sans voix. D\u00e9montrant, si besoin en \u00e9tait, l&rsquo;importance cruciale du travail des historien.ne.s, Anne Applebaum d\u00e9crit ici depuis ses origines (la r\u00e9volution ukrainienne de 1917 et du mouvement national qu&rsquo;elle inspira)  d'\u00a0\u00bbun des chapitres les moins explor\u00e9s de l&rsquo;Histoire sovi\u00e9tique\u00a0\u00bb:  l&rsquo;extermination d\u00e9lib\u00e9r\u00e9e d&rsquo;un peuple par la famine. <\/p>\n\n\n<div class=\"wp-block-image\">\n<figure class=\"alignright size-full is-resized\"><img loading=\"lazy\" decoding=\"async\" src=\"https:\/\/edmondmorrel.be\/wp-content\/uploads\/2023\/06\/Capture-decran-2023-06-24-a-08.53.35.png\" alt=\"\" class=\"wp-image-5154\" width=\"264\" height=\"439\" srcset=\"https:\/\/edmondmorrel.be\/wp-content\/uploads\/2023\/06\/Capture-decran-2023-06-24-a-08.53.35.png 376w, https:\/\/edmondmorrel.be\/wp-content\/uploads\/2023\/06\/Capture-decran-2023-06-24-a-08.53.35-180x300.png 180w, https:\/\/edmondmorrel.be\/wp-content\/uploads\/2023\/06\/Capture-decran-2023-06-24-a-08.53.35-200x332.png 200w\" sizes=\"auto, (max-width: 264px) 100vw, 264px\" \/><\/figure>\n<\/div>\n\n\n<p>Quatri\u00e8me de couverture: <em>\u00a0\u00bb La famine meurtri\u00e8re qui frappa l\u2019Ukraine au d\u00e9but des ann\u00e9es 1930 reste un des chapitres les moins explor\u00e9s de l\u2019Histoire sovi\u00e9tique. Anne Applebaum impressionne par la somme des connaissances rassembl\u00e9es sur cette v\u00e9ritable extermination de tout un peuple organis\u00e9e par le Parti communiste sovi\u00e9tique sous Staline, mais aussi par son talent d\u2019\u00e9crivaine. Son r\u00e9cit des faits d\u00e9bute par l\u2019histoire de la r\u00e9volution ukrainienne en 1917 et celle du mouvement national qui en est issu, puis se poursuit avec les premi\u00e8res d\u00e9cisions du Politburo sur la politique agricole \u00e0 mener dans cette province si fertile de l\u2019Union sovi\u00e9tique, jusqu\u2019\u00e0 la pers\u00e9cution syst\u00e9matique de l\u2019\u00e9lite ukrainienne. La famine \u00ab\u00a0organis\u00e9e\u00a0\u00bb fit plus de 5 millions de victimes \u2013 dont 3,9 millions d\u2019Ukrainiens \u2013 et l\u2019h\u00e9ritage de cette m\u00e9moire, que l\u2019URSS a tent\u00e9 d\u2019\u00e9radiquer, joue un r\u00f4le consid\u00e9rable dans les relations russo-ukrainiennes.<\/em><br><\/p>\n\n\n\n<p>Journaliste, romanci\u00e8re et historienne, Anne Applebaum entrelace ces trois exp\u00e9riences et ces trois comp\u00e9tences pour donner au lecteur 600 pages qui se lisent d&rsquo;une traite, qui informent et sid\u00e8rent en m\u00eame temps. L&rsquo;appareil de notes et la bibliographie, mais aussi les nombreux  extraits d&rsquo;archives, compl\u00e8tent cette plong\u00e9e dans l&rsquo;Histoire et font de cet ouvrage un livre indispensable pour mieux comprendre la r\u00e9alit\u00e9 politique actuelle de cette r\u00e9gion et la mettre en perspective.<\/p>\n\n\n\n<p>Anne Applebaum, qui a \u00e9t\u00e9 en 2004 laur\u00e9ate du prestigieux Prix Pullitzer pour son livre consacr\u00e9 au goulag (<em>Goulag, une histoire<\/em>, Grasset, 2003, traduction de Pierre Emmanuel Dauzat), est \u00e9ditorialiste au Washngton Post. <\/p>\n\n\n\n<p><strong>Jean Jauniaux, 24 juin 2023<\/strong><\/p>\n\n\n\n<p>La guerre de Staline en Ukraine, [Red Famine], Trad. de l&rsquo;anglais (\u00c9tats-Unis) par <a href=\"https:\/\/www.gallimard.fr\/searchinternet\/advanced?all_authors_id=24886&amp;SearchAction=OK\">Pierre-Emmanuel Dauzat<\/a> et <a href=\"https:\/\/www.gallimard.fr\/searchinternet\/advanced?all_authors_id=158372&amp;SearchAction=OK\">Aude de Saint-Loup<\/a>, Collection <a href=\"https:\/\/www.gallimard.fr\/Catalogue\/GALLIMARD\/Folio\/Folio-histoire\">Folio histoire<\/a> (n\u00b0\u00a0327), Gallimard<\/p>\n\n\n\n<p><\/p>\n","protected":false},"excerpt":{"rendered":"<p>La lecture de cet essai consacr\u00e9 \u00e0 la famine provoqu\u00e9e en 1932-1933, dont on estime le nombre de victimes ukrainiennes&nbsp;[&hellip;]<\/p>\n","protected":false},"author":2,"featured_media":0,"comment_status":"closed","ping_status":"closed","sticky":false,"template":"","format":"standard","meta":{"footnotes":""},"categories":[8],"tags":[],"class_list":["post-5153","post","type-post","status-publish","format-standard","hentry","category-essais","post-item clearfix"],"_links":{"self":[{"href":"https:\/\/edmondmorrel.be\/index.php?rest_route=\/wp\/v2\/posts\/5153","targetHints":{"allow":["GET"]}}],"collection":[{"href":"https:\/\/edmondmorrel.be\/index.php?rest_route=\/wp\/v2\/posts"}],"about":[{"href":"https:\/\/edmondmorrel.be\/index.php?rest_route=\/wp\/v2\/types\/post"}],"author":[{"embeddable":true,"href":"https:\/\/edmondmorrel.be\/index.php?rest_route=\/wp\/v2\/users\/2"}],"replies":[{"embeddable":true,"href":"https:\/\/edmondmorrel.be\/index.php?rest_route=%2Fwp%2Fv2%2Fcomments&post=5153"}],"version-history":[{"count":1,"href":"https:\/\/edmondmorrel.be\/index.php?rest_route=\/wp\/v2\/posts\/5153\/revisions"}],"predecessor-version":[{"id":5155,"href":"https:\/\/edmondmorrel.be\/index.php?rest_route=\/wp\/v2\/posts\/5153\/revisions\/5155"}],"wp:attachment":[{"href":"https:\/\/edmondmorrel.be\/index.php?rest_route=%2Fwp%2Fv2%2Fmedia&parent=5153"}],"wp:term":[{"taxonomy":"category","embeddable":true,"href":"https:\/\/edmondmorrel.be\/index.php?rest_route=%2Fwp%2Fv2%2Fcategories&post=5153"},{"taxonomy":"post_tag","embeddable":true,"href":"https:\/\/edmondmorrel.be\/index.php?rest_route=%2Fwp%2Fv2%2Ftags&post=5153"}],"curies":[{"name":"wp","href":"https:\/\/api.w.org\/{rel}","templated":true}]}}