{"id":5116,"date":"2023-06-08T11:53:35","date_gmt":"2023-06-08T09:53:35","guid":{"rendered":"http:\/\/edmondmorrel.be\/?p=5116"},"modified":"2023-06-09T09:45:42","modified_gmt":"2023-06-09T07:45:42","slug":"le-cent-vingtieme-anniversaire-de-la-naissance-de-marguerite-yourcenar-commemore-dans-un-ouvrage-collectif-paru-a-new-york","status":"publish","type":"post","link":"https:\/\/edmondmorrel.be\/?p=5116","title":{"rendered":"Le cent-vingti\u00e8me anniversaire de la naissance de Marguerite Yourcenar comm\u00e9mor\u00e9 dans un ouvrage collectif paru \u00e0 New-York sous l&rsquo;\u00e9gide du r\u00e9seau \u00ab\u00a0Rencontre des auteurs francophones\u00a0\u00bb."},"content":{"rendered":"<div class=\"wp-block-image\">\n<figure class=\"aligncenter size-full\"><img loading=\"lazy\" decoding=\"async\" width=\"501\" height=\"234\" src=\"https:\/\/edmondmorrel.be\/wp-content\/uploads\/2023\/06\/Capture-decran-2023-06-08-a-11.51.29.png\" alt=\"\" class=\"wp-image-5119\" srcset=\"https:\/\/edmondmorrel.be\/wp-content\/uploads\/2023\/06\/Capture-decran-2023-06-08-a-11.51.29.png 501w, https:\/\/edmondmorrel.be\/wp-content\/uploads\/2023\/06\/Capture-decran-2023-06-08-a-11.51.29-300x140.png 300w, https:\/\/edmondmorrel.be\/wp-content\/uploads\/2023\/06\/Capture-decran-2023-06-08-a-11.51.29-200x93.png 200w\" sizes=\"auto, (max-width: 501px) 100vw, 501px\" \/><\/figure>\n<\/div>\n\n\n<p>Le site \u00ab\u00a0L&rsquo;ivresse des livres\u00a0\u00bb , partenaire du r\u00e9seau international <strong>RENCONTRE DES AUTEURS FRANCOPHONES<\/strong>, se devait d&rsquo;annoncer la sortie ce 8 juin 2023 de l&rsquo;ouvrage collectif r\u00e9unissant nouvelles, po\u00e8mes, r\u00e9cits, t\u00e9moignages, illustrations \u00e9voquant la femme de lettres, premi\u00e8re \u00ab\u00a0immortelle\u00a0\u00bb \u00e9lue \u00e0 l&rsquo;Acad\u00e9mie fran\u00e7aise (sans y avoir \u00e9t\u00e9 candidate&#8230;ce qui est aussi une \u00ab\u00a0premi\u00e8re\u00a0\u00bb )<\/p>\n\n\n<div class=\"wp-block-image\">\n<figure class=\"aligncenter size-full is-resized\"><img loading=\"lazy\" decoding=\"async\" src=\"https:\/\/edmondmorrel.be\/wp-content\/uploads\/2023\/06\/Capture-decran-2023-06-09-a-09.44.25.png\" alt=\"\" class=\"wp-image-5123\" width=\"449\" height=\"678\" srcset=\"https:\/\/edmondmorrel.be\/wp-content\/uploads\/2023\/06\/Capture-decran-2023-06-09-a-09.44.25.png 654w, https:\/\/edmondmorrel.be\/wp-content\/uploads\/2023\/06\/Capture-decran-2023-06-09-a-09.44.25-199x300.png 199w, https:\/\/edmondmorrel.be\/wp-content\/uploads\/2023\/06\/Capture-decran-2023-06-09-a-09.44.25-200x302.png 200w\" sizes=\"auto, (max-width: 449px) 100vw, 449px\" \/><\/figure>\n<\/div>\n\n\n<p>Tous renseignements concernant cet ouvrage sont disponibles <strong><a href=\"https:\/\/www.rencontredesauteursfrancophones.com\/so\/41OYBOvpD?languageTag=en&amp;cid=f01ebdeb-9a7d-4cd6-9eff-87570fe5007b\">sur le site du r\u00e9seau des \u00e9crivains francophones<\/a><\/strong>.<\/p>\n\n\n\n<p>Ils sont 25 \u00e0 avoir contribu\u00e9 \u00e0 cet hommage multiple c\u00e9l\u00e9brant Marguerite Yourcenar. R\u00e9unis sous la  couverture orn\u00e9e d&rsquo;une touchante aquarelle de Sandra Encaoua Berrih, ils et elles viennent de tous les horizons de la francophonie, pour r\u00e9pondre \u00e0 l\u2019invitation du r\u00e9seau francophone litt\u00e9raire \u00ab\u00a0Rencontre des auteurs francophones\u00a0\u00bb. Ce r\u00e9seau, cr\u00e9\u00e9 \u00e0 l\u2019initiative de\u00a0 Sandrine Mehrez Kukurudz, a mis sur pied une maison d\u2019\u00e9dition \u00e9ponyme o\u00f9 para\u00eet ce premier recueil. D\u2019autres suivront dont in hommage \u00e0 Saint Exup\u00e9ry et un autre \u00e0 Albert Camus.<\/p>\n\n\n<div class=\"wp-block-image\">\n<figure class=\"alignright size-full is-resized\"><img loading=\"lazy\" decoding=\"async\" src=\"https:\/\/edmondmorrel.be\/wp-content\/uploads\/2023\/06\/Capture-decran-2023-06-09-a-09.32.05.png\" alt=\"\" class=\"wp-image-5122\" width=\"359\" height=\"128\" srcset=\"https:\/\/edmondmorrel.be\/wp-content\/uploads\/2023\/06\/Capture-decran-2023-06-09-a-09.32.05.png 547w, https:\/\/edmondmorrel.be\/wp-content\/uploads\/2023\/06\/Capture-decran-2023-06-09-a-09.32.05-300x107.png 300w, https:\/\/edmondmorrel.be\/wp-content\/uploads\/2023\/06\/Capture-decran-2023-06-09-a-09.32.05-200x71.png 200w\" sizes=\"auto, (max-width: 359px) 100vw, 359px\" \/><\/figure>\n<\/div>\n\n\n<p>Plac\u00e9 sous la direction \u00e9ditoriale d&rsquo;Anna Alexis Michel et la direction artistique de Sandra Encaoua Berrih, l\u2019ouvrage( que nous n\u2019avons pas encore lu au moment d&rsquo;\u00e9crire ces lignes: nous y reviendrons) r\u00e9sonne des accents venus de pays aussi divers que  la Belgique (o\u00f9 est n\u00e9e Marguerite Yourcenar), la France, Ha\u00efti, l\u2019Alg\u00e9rie, la Nouvelle Cal\u00e9donie, la Roumanie, le Congo, le Maroc et les USA.<\/p>\n\n\n\n<p>Ainsi, Anna Alexis Michel, Marie-Claire Baucer\u00e9 Dehaene, Agn\u00e8s Castera, Olivier Coutier-Delgosha, Laurent Desvoux-D\u2019Yrek, \u00c9milie Dh\u00e9rin,Sandrine-Jeanne Ferron, Jean-Michel Guiart, Martine L. Jacquot, Jean Jauniaux, Florence Jouniaux, Michel Lob\u00e9 Etam\u00e9, Anamaria Lupan, Meziane Mahmoudia, V.Maroah, Sandrine Mehrez Kukurudz, Carole Y.Naggar, Billy Nzalampangi Ngituka, R\u00e9my Poignault, Annie Pr\u00e9aux, Aude Prieur, Mariem Ra\u00efss, Marie-Am\u00e9lie Rigal, Claire Rio Petit, \u00c9lisabeth Simon-Bo\u00efdo, Sophie Turco contribuent \u00e0 cet ouvrage.<\/p>\n\n\n\n<p><\/p>\n\n\n\n<p><a href=\"http:\/\/www.RencontreDesAuteursFrancophones.com\">Rencontre des Auteurs Francophones, fond\u00e9e \u00e0 New York en 2020, regroupe pr\u00e8s de 400 auteurs de 50 pays et territoires du monde. <\/a><\/p>\n\n\n\n<p><strong>Jean Jauniaux, le 8 juin 2023 <\/strong><\/p>\n\n\n\n<pre class=\"wp-block-preformatted\"><\/pre>\n","protected":false},"excerpt":{"rendered":"<p>Le site \u00ab\u00a0L&rsquo;ivresse des livres\u00a0\u00bb , partenaire du r\u00e9seau international RENCONTRE DES AUTEURS FRANCOPHONES, se devait d&rsquo;annoncer la sortie ce&nbsp;[&hellip;]<\/p>\n","protected":false},"author":2,"featured_media":0,"comment_status":"closed","ping_status":"closed","sticky":false,"template":"","format":"standard","meta":{"footnotes":""},"categories":[1],"tags":[],"class_list":["post-5116","post","type-post","status-publish","format-standard","hentry","category-non-classe","post-item clearfix"],"_links":{"self":[{"href":"https:\/\/edmondmorrel.be\/index.php?rest_route=\/wp\/v2\/posts\/5116","targetHints":{"allow":["GET"]}}],"collection":[{"href":"https:\/\/edmondmorrel.be\/index.php?rest_route=\/wp\/v2\/posts"}],"about":[{"href":"https:\/\/edmondmorrel.be\/index.php?rest_route=\/wp\/v2\/types\/post"}],"author":[{"embeddable":true,"href":"https:\/\/edmondmorrel.be\/index.php?rest_route=\/wp\/v2\/users\/2"}],"replies":[{"embeddable":true,"href":"https:\/\/edmondmorrel.be\/index.php?rest_route=%2Fwp%2Fv2%2Fcomments&post=5116"}],"version-history":[{"count":3,"href":"https:\/\/edmondmorrel.be\/index.php?rest_route=\/wp\/v2\/posts\/5116\/revisions"}],"predecessor-version":[{"id":5124,"href":"https:\/\/edmondmorrel.be\/index.php?rest_route=\/wp\/v2\/posts\/5116\/revisions\/5124"}],"wp:attachment":[{"href":"https:\/\/edmondmorrel.be\/index.php?rest_route=%2Fwp%2Fv2%2Fmedia&parent=5116"}],"wp:term":[{"taxonomy":"category","embeddable":true,"href":"https:\/\/edmondmorrel.be\/index.php?rest_route=%2Fwp%2Fv2%2Fcategories&post=5116"},{"taxonomy":"post_tag","embeddable":true,"href":"https:\/\/edmondmorrel.be\/index.php?rest_route=%2Fwp%2Fv2%2Ftags&post=5116"}],"curies":[{"name":"wp","href":"https:\/\/api.w.org\/{rel}","templated":true}]}}