{"id":5084,"date":"2023-04-23T10:16:26","date_gmt":"2023-04-23T08:16:26","guid":{"rendered":"http:\/\/edmondmorrel.be\/?p=5084"},"modified":"2023-04-23T10:16:26","modified_gmt":"2023-04-23T08:16:26","slug":"une-nouvelle-de-jean-jauniaux-adaptee-au-cinema-room-service-devient-monsieur-william-un-film-25-de-maelle-grand-bossi","status":"publish","type":"post","link":"https:\/\/edmondmorrel.be\/?p=5084","title":{"rendered":"Une nouvelle de Jean Jauniaux adapt\u00e9e au cin\u00e9ma: \u00ab\u00a0Room Service\u00a0\u00bb devient \u00ab\u00a0Monsieur William\u00a0\u00bb, un film (25&prime;) de Maelle Grand-Bossi"},"content":{"rendered":"\n<p>Adapt\u00e9 de la nouvelle de Jean Jauniaux, <strong><em>ROOM SERVICE<\/em><\/strong>, (parue dans le recueil de nouvelles <strong><em>L\u2019ann\u00e9e derni\u00e8re \u00e0 Saint Idesbald<\/em><\/strong>,) le film <strong><em>Monsieur William<\/em><\/strong> r\u00e9alis\u00e9 par Maelle Grand-Bossi a \u00e9t\u00e9 <strong>s\u00e9lectionn\u00e9 au Brussels Short Film Festival.<\/strong><\/p>\n\n\n\n<p><a href=\"https:\/\/www.weyrich-edition.be\/produit\/annee-derniere-st-idesbald-l\">Le livre est toujours disponible dans les librairies et sur le site des <strong>Editions Weyrich<\/strong>\u00a0:<\/a><\/p>\n\n\n\n<p>Extrait de la pr\u00e9face de Jacques De Decker au recueil <em>L\u2019ann\u00e9e derni\u00e8re \u00e0 Saint Idesbald<\/em>:<\/p>\n\n\n\n<p>\u00ab\u00a0Nimb\u00e9es de m\u00e9lancolie, ces histoires le sont d\u2019\u00e9vidence.Des blessures premi\u00e8res demeurent latentes. Mais ce qui les dote d\u2019\u00e9nergie, c\u2019est le don de r\u00e9silience dont elles sont \u00e9quip\u00e9es, comme de kits de survie. Une force les habite, qui a un \u00e9trange pouvoir de contamination. C\u2019est pourquoi le lecteur, de page en page, de chapitre en chapitre, se sent comme requinqu\u00e9. Il est rencontr\u00e9 en tout cas, n\u2019est pas pri\u00e9 de se prosterner devant l\u2019artiste, c\u2019est lui le monsieur \u00e0 qui le discours s\u2019adresse.\u00a0\u00bb <\/p>\n\n\n<div class=\"wp-block-image\">\n<figure class=\"aligncenter size-full is-resized\"><img loading=\"lazy\" decoding=\"async\" src=\"https:\/\/edmondmorrel.be\/wp-content\/uploads\/2023\/04\/Weyrich-couverture-anneederniere-saint-idesbald-copie-ecran.jpg\" alt=\"\" class=\"wp-image-5086\" width=\"216\" height=\"393\" srcset=\"https:\/\/edmondmorrel.be\/wp-content\/uploads\/2023\/04\/Weyrich-couverture-anneederniere-saint-idesbald-copie-ecran.jpg 471w, https:\/\/edmondmorrel.be\/wp-content\/uploads\/2023\/04\/Weyrich-couverture-anneederniere-saint-idesbald-copie-ecran-165x300.jpg 165w, https:\/\/edmondmorrel.be\/wp-content\/uploads\/2023\/04\/Weyrich-couverture-anneederniere-saint-idesbald-copie-ecran-200x364.jpg 200w\" sizes=\"auto, (max-width: 216px) 100vw, 216px\" \/><\/figure>\n<\/div>\n\n\n<p>Le film, produit par <a href=\"https:\/\/www.velvetfilms.be\/home\/en\">Velvet Films <\/a>vient d&rsquo;\u00eatre s\u00e9lectionn\u00e9 <strong><a href=\"https:\/\/bsff.be\/programme\/edition-2023\/competition-nationale\/competition-nationale-1\/\">en comp\u00e9tition officielle parmi 300 films candidats au prochain Brussels Short Film Festival<\/a><\/strong> <\/p>\n\n\n\n<p>Le pitch du film\u00a0: \u00a0<em>William fait le pique-assiette dans des r\u00e9ceptions et s\u2019efforce de sauver les apparences\u2026 jusqu\u2019\u00e0 sa rencontre avec Anne-Claire, une cadre au bord du burnout. Le temps d\u2019une soir\u00e9e, William l\u2019entra\u00eene dans son monde, quitte \u00e0 mettre \u00e0 nu ses d\u00e9sirs et ses faiblesses.<\/em><\/p>\n\n\n\n<p>Pays Belgique \/Genre Fiction\/<strong>2023 &#8211; 25&prime; &#8211; Couleur &#8211; Sous-titres: VO FR ST EN\/NL<\/strong><\/p>\n\n\n\n<p> <\/p>\n\n\n<div class=\"wp-block-image\">\n<figure class=\"aligncenter size-full is-resized\"><img loading=\"lazy\" decoding=\"async\" src=\"https:\/\/edmondmorrel.be\/wp-content\/uploads\/2023\/04\/film-maelle-affiche-.jpg\" alt=\"\" class=\"wp-image-5087\" width=\"429\" height=\"429\" srcset=\"https:\/\/edmondmorrel.be\/wp-content\/uploads\/2023\/04\/film-maelle-affiche-.jpg 480w, https:\/\/edmondmorrel.be\/wp-content\/uploads\/2023\/04\/film-maelle-affiche--300x300.jpg 300w, https:\/\/edmondmorrel.be\/wp-content\/uploads\/2023\/04\/film-maelle-affiche--150x150.jpg 150w, https:\/\/edmondmorrel.be\/wp-content\/uploads\/2023\/04\/film-maelle-affiche--200x200.jpg 200w, https:\/\/edmondmorrel.be\/wp-content\/uploads\/2023\/04\/film-maelle-affiche--280x280.jpg 280w\" sizes=\"auto, (max-width: 429px) 100vw, 429px\" \/><\/figure>\n<\/div>","protected":false},"excerpt":{"rendered":"<p>Adapt\u00e9 de la nouvelle de Jean Jauniaux, ROOM SERVICE, (parue dans le recueil de nouvelles L\u2019ann\u00e9e derni\u00e8re \u00e0 Saint Idesbald,)&nbsp;[&hellip;]<\/p>\n","protected":false},"author":2,"featured_media":0,"comment_status":"closed","ping_status":"closed","sticky":false,"template":"","format":"standard","meta":{"footnotes":""},"categories":[1],"tags":[],"class_list":["post-5084","post","type-post","status-publish","format-standard","hentry","category-non-classe","post-item clearfix"],"_links":{"self":[{"href":"https:\/\/edmondmorrel.be\/index.php?rest_route=\/wp\/v2\/posts\/5084","targetHints":{"allow":["GET"]}}],"collection":[{"href":"https:\/\/edmondmorrel.be\/index.php?rest_route=\/wp\/v2\/posts"}],"about":[{"href":"https:\/\/edmondmorrel.be\/index.php?rest_route=\/wp\/v2\/types\/post"}],"author":[{"embeddable":true,"href":"https:\/\/edmondmorrel.be\/index.php?rest_route=\/wp\/v2\/users\/2"}],"replies":[{"embeddable":true,"href":"https:\/\/edmondmorrel.be\/index.php?rest_route=%2Fwp%2Fv2%2Fcomments&post=5084"}],"version-history":[{"count":3,"href":"https:\/\/edmondmorrel.be\/index.php?rest_route=\/wp\/v2\/posts\/5084\/revisions"}],"predecessor-version":[{"id":5090,"href":"https:\/\/edmondmorrel.be\/index.php?rest_route=\/wp\/v2\/posts\/5084\/revisions\/5090"}],"wp:attachment":[{"href":"https:\/\/edmondmorrel.be\/index.php?rest_route=%2Fwp%2Fv2%2Fmedia&parent=5084"}],"wp:term":[{"taxonomy":"category","embeddable":true,"href":"https:\/\/edmondmorrel.be\/index.php?rest_route=%2Fwp%2Fv2%2Fcategories&post=5084"},{"taxonomy":"post_tag","embeddable":true,"href":"https:\/\/edmondmorrel.be\/index.php?rest_route=%2Fwp%2Fv2%2Ftags&post=5084"}],"curies":[{"name":"wp","href":"https:\/\/api.w.org\/{rel}","templated":true}]}}