{"id":5047,"date":"2023-03-20T10:15:55","date_gmt":"2023-03-20T09:15:55","guid":{"rendered":"http:\/\/edmondmorrel.be\/?p=5047"},"modified":"2023-03-20T10:15:56","modified_gmt":"2023-03-20T09:15:56","slug":"roger-beeckmans-un-grand-nom-de-la-television-et-du-cinema-documentaire-belges-sest-eteint-ma-camera-est-devenue-plume-bien-plus-legere-a-porter","status":"publish","type":"post","link":"https:\/\/edmondmorrel.be\/?p=5047","title":{"rendered":"Roger Beeckmans: un grand nom de la t\u00e9l\u00e9vision et du cin\u00e9ma documentaire belges s&rsquo;est \u00e9teint. \u00ab\u00a0Ma cam\u00e9ra est devenue plume, bien plus l\u00e9g\u00e8re \u00e0 porter\u00a0\u00bb"},"content":{"rendered":"\n<p>Le 17 mars 2023 Roger Beeckmans s&rsquo;est \u00e9teint. Il a \u00e9t\u00e9 cameraman, grand reporter de t\u00e9l\u00e9vision (son nom est notamment associ\u00e9 \u00e0 celui de Raoul Goulard et \u00e0 l\u2019\u00e9mission \u00ab\u00a09 millions\u00a0\u00bb ) , professeur \u00e0 l&rsquo;INSAS, mais aussi r\u00e9alisateur et&#8230;\u00e9crivain. Il \u00e9crivait en pr\u00e9face d&rsquo;un de ses livres de \u00ab\u00a0nouvelles\u00a0\u00bb, <em>Des \u00e9coles dans le vent<\/em> : \u00ab\u00a0<em>J&rsquo;\u00e9tais un reporter d&rsquo;images. La vie a fait de moi un heureux grand-p\u00e8re. Entre ma propre grand-m\u00e8re illettr\u00e9e et une petite-fille exigeant de moi des histoires vraies, je n&rsquo;ai trouv\u00e9 d&rsquo;autre solution pour satisfaire sa curiosit\u00e9 que de traduire en mots les images que j&rsquo;avais ramen\u00e9es de mes lointains voyages. Ces r\u00e9cits sont les derniers avatars d&rsquo;une s\u00e9rie de portraits d&rsquo;enfants en danger que j&rsquo;ai r\u00e9alis\u00e9s pour la t\u00e9l\u00e9vision belge avec l&rsquo;aide de l&rsquo;Unicef et de la Direction g\u00e9n\u00e9rale \u00e0 la coop\u00e9ration internationale. Ma cam\u00e9ra est devenue plume, bien plus l\u00e9g\u00e8re \u00e0 porter.<\/em>\u00ab\u00a0<em> <\/em>\u00ab\u00a0<\/p>\n\n\n\n<p>Nous avions eu l&rsquo;occasion de l&rsquo;interviewer \u00e0 diff\u00e9rentes reprises pour \u00e9voquer les longs m\u00e9trages documentaires qu&rsquo;il r\u00e9alisait avec la productrice Martine Barb\u00e9. <\/p>\n\n\n\n<p>En guise d&rsquo;hommage, voici les liens vers deux de ces entretiens avant que nous ne revenions plus longuement sur l&rsquo;\u00e9vocation de la carri\u00e8re et de l&rsquo;engagement d&rsquo;un \u00ab\u00a0grand\u00a0\u00bb de la t\u00e9l\u00e9vision de service public et de l&rsquo;engagement.<\/p>\n\n\n\n<p>Jean Jauniaux<\/p>\n\n\n<div class=\"wp-block-image\">\n<figure class=\"aligncenter size-full is-resized\"><img loading=\"lazy\" decoding=\"async\" src=\"https:\/\/edmondmorrel.be\/wp-content\/uploads\/2023\/03\/Capture-decran-2023-03-20-a-10.00.11.png\" alt=\"\" class=\"wp-image-5048\" width=\"186\" height=\"307\" srcset=\"https:\/\/edmondmorrel.be\/wp-content\/uploads\/2023\/03\/Capture-decran-2023-03-20-a-10.00.11.png 291w, https:\/\/edmondmorrel.be\/wp-content\/uploads\/2023\/03\/Capture-decran-2023-03-20-a-10.00.11-181x300.png 181w, https:\/\/edmondmorrel.be\/wp-content\/uploads\/2023\/03\/Capture-decran-2023-03-20-a-10.00.11-200x331.png 200w\" sizes=\"auto, (max-width: 186px) 100vw, 186px\" \/><\/figure>\n<\/div>\n\n\n<p><strong>A propos du film \u00ab\u00a0Une si longue histoire\u00a0\u00bb :<\/strong><\/p>\n\n\n\n<h3 class=\"wp-block-heading\"><a href=\"http:\/\/www.espace-livres.be\/Une-si-longue-histoire-le-film-de\">Interview:<\/a> <\/h3>\n\n\n\n<p>Roger Beeckmans est cin\u00e9aste. il appartient \u00e0 l\u2019\u00e9cole du \u00ab\u00a0cin\u00e9ma v\u00e9rit\u00e9\u00a0\u00bb,il est de la famille des Rouch, Wiseman et autres t\u00e9moins qui, camera au poing, ne manquent jamais une occasion de jeter un regard empathique et humaniste sur les d\u00e9tresses et les injustices. Pour Beeckmans, la retraite n\u2019existe pas. Il ne cessera jamais d\u2019aller \u00e0 la rencontre de ceux qu\u2019il \u00e9coute et filme avec tant d\u2019humanit\u00e9\u00a0: les enfants des rues (il leur a r\u00e9alis\u00e9 une s\u00e9rie bouleversante \u00e0 travers le monde), les immigr\u00e9s, les \u00ab\u00a0hors-syst\u00e8me\u00a0\u00bb. Dans ce film il s\u2019est int\u00e9ress\u00e9 au sort r\u00e9serv\u00e9 en Belgique aux MENA\u00a0: des enfants arriv\u00e9s seuls un jour sur le territoire belge et dont, une fois l\u2019\u00e2ge de la majorit\u00e9 atteint, il faut d\u00e9cider du sort&#8230; Un documentaire \u00e0 voir. Il vient d^\u00eatre \u00e9dit\u00e9 en DVD et est disponible notamment \u00e0 la <a rel=\"noreferrer noopener\" href=\"http:\/\/www.cinematheque.cfwb.be\" target=\"_blank\">Cin\u00e9math\u00e8que de la F\u00e9d\u00e9ration Wallonie Bruxelles<\/a>de Belgique, en attendant qu\u2019il soit, peut-\u00eatre, un jour diffus\u00e9 en prime time sur une cha\u00eene \u00ab\u00a0publique\u00a0\u00bb, ce mot qui se trouve aussi dans l\u2019expression \u00ab\u00a0service public\u00a0\u00bb&#8230;<\/p>\n\n\n\n<p><strong>A propos du film \u00ab\u00a0Une \u00e9cole en terre d&rsquo;accueil\u00a0\u00bb<\/strong><\/p>\n\n\n\n<p><strong><a href=\"http:\/\/www.espace-livres.be\/Une-ecole-en-terre-d-accueil\">Interview de Roger Beeckmans<\/a><\/strong><\/p>\n\n\n\n<p>Entrer dans un film de Roger Beeckmans repr\u00e9sente toujours un apprentissage humaniste, une le\u00e7on de tol\u00e9rance (c\u2019\u00e9tait d\u2019ailleurs le titre d\u2019un pr\u00e9c\u00e9dent film du cin\u00e9aste) et un enrichissement de l\u2019intelligence et du coeur. Ce film-ci ne fait pas exception \u00e0 la r\u00e8gle. Le g\u00e9n\u00e9rique s\u2019ouvre sur des images de la mer du Nord. Du moins est-ce celle-l\u00e0 que je vois, spectateur belge. Mais l\u2019image est aussi m\u00e9taphore. Celle du recommencement indispensable exig\u00e9 par chaque nouveau venu dans l\u2019\u00e9cole que filme Roger Beeckmans. Celle de l\u2019acharnement aussi malgr\u00e9 les temp\u00eates et les al\u00e9as. Celle enfin, s\u2019il s\u2019agit de la mer du Nord, des exils interrompus vers l\u2019Angleterre. Nous avons tous pr\u00e9sents \u00e0 l\u2019esprit ces t\u00e9moignages provenant de Sangatte, de la \u00ab\u00a0Jungle\u00a0\u00bb nettoy\u00e9e par les forces de l\u2019ordre, du Centre d\u2019Accueil ferm\u00e9 trois ans plus t\u00f4t sur ce m\u00eame lambeau de sable d\u2019o\u00f9 on voit les falaises de craie du Royaume Uni. S\u2019il ne s\u2019agit pas de la mer du Nord, surgiront les images anciennes des Boat People du Vietnam, des paysans Albanais sur des coquilles de noix chavirant au large des c\u00f4tes d\u2019Italie, des jeunes Marocains naufrag\u00e9s \u00e0 l\u2019approche de Gibraltar&#8230;<\/p>\n\n\n\n<p>Roger Beeckmans n\u2019a peut-\u00eatre pas song\u00e9 \u00e0 ces images-l\u00e0 que j\u2019invente et qui m\u2019envahissaient lorsque j\u2019assistai \u00e0 la projection dans une des salles de l\u2019\u00e9cole o\u00f9 il avait plant\u00e9 sa cam\u00e9ra pendant un an. La formulation est inappropri\u00e9e s\u2019agissant de Beeckmans\u00a0: il ne \u00ab\u00a0plante\u00a0\u00bb pas sa cam\u00e9ra, il l\u2019offre comme on donne la parole. Dans ce film, il s\u2019est mis aux aguets de ce que l\u2019\u00e9cole peut offrir \u00e0 ces jeunes gens venus de cultures et d\u2019horizons que l\u2019on dit \u00ab\u00a0\u00e9trangers\u00a0\u00bb. Il \u00e9coute, il suscite, il encourage les t\u00e9moignages de ces jeunes gens dont l\u2019\u00e9cole est devenue le premier instrument d\u2019int\u00e9gration dans un environnement dont certains ignoraient la langue lorsqu\u2019ils y sont arriv\u00e9s. La plupart sont des enfants de la seconde g\u00e9n\u00e9ration, ceux n\u00e9s des immigr\u00e9s venus en Europe dans les ann\u00e9es soixante, ann\u00e9es de prosp\u00e9rit\u00e9, de progr\u00e8s, de d\u00e9veloppement industriel et \u00e9conomique. (On se souviendra de ce qu\u2019\u00e9crivait Tahar ben Jelloun par exemple pour \u00e9voquer la condition de cette immigration-l\u00e0. Aujourd\u2019hui, dans son dernier roman, \u00ab\u00a0Au pays\u00a0\u00bb il nous dit, par la fiction romanesque, ce qu\u2019ils sont devenus, ces ouvriers livr\u00e9s \u00e0 la retraite et souvent au d\u00e9racinement irr\u00e9m\u00e9diable ici et l\u00e0-bas.)<\/p>\n\n\n\n<p>Dans le film de Beeckmans, on \u00e9coute ces jeunes femmes et ces jeunes hommes d\u00e9m\u00ealer les attaches dont ils sont faits, chercher une voie m\u00e9diane qui r\u00e9concilierait les forces contraires, celles de leur origine, celle de leur pr\u00e9sent\u00a0: la tradition familiale, la culture du pays d\u2019origine, le regard sur la position de la femme si \u00e9loign\u00e9e ici de ce qu\u2019elle est souvent l\u00e0-bas. On les \u00e9coute et on s\u2019aper\u00e7oit que c\u2019est la premi\u00e8re fois que cela nous arrive. Et c\u2019est cela sans doute la fonction essentielle du cin\u00e9ma comme le pratique Roger Beeckmans, il nous donne \u00e0 voir, \u00e0 entendre, mais surtout \u00e0 penser. Il nous invite sans nous y forcer \u00e0 repenser notre appr\u00e9hension de l\u2019autre, \u00e0 modifier le regard que nous portons sur lui, \u00e0 prendre en compte son histoire et sa personnalit\u00e9.<\/p>\n\n\n\n<p>Mais Beeckmans n\u2019est pas candide. Il n\u2019escamote pas la complexit\u00e9 des choses. C\u2019est sans doute cela qui rend son film particuli\u00e8rement pertinent et opportun dans notre \u00e9poque o\u00f9 l\u2019on pr\u00e9f\u00e8re l\u2019amalgame \u00e0 la diversit\u00e9, et d\u00e9signer le bouc \u00e9missaire plut\u00f4t que d\u2019identifier le faisceau des responsabilit\u00e9s. En nous invitant \u00e0 emprunter ce chemin-l\u00e0 qui m\u00eale le coeur, le regard et l\u2019\u00e9coute, Roger Beeckmans fait oeuvre de citoyen du monde autant que de cin\u00e9aste. Et il excelle dans chacune des ces vocations.<\/p>\n\n\n\n<p><strong>Edmond Morrel<\/strong><\/p>\n\n\n\n<p> <\/p>\n","protected":false},"excerpt":{"rendered":"<p>Le 17 mars 2023 Roger Beeckmans s&rsquo;est \u00e9teint. Il a \u00e9t\u00e9 cameraman, grand reporter de t\u00e9l\u00e9vision (son nom est notamment&nbsp;[&hellip;]<\/p>\n","protected":false},"author":2,"featured_media":0,"comment_status":"closed","ping_status":"closed","sticky":false,"template":"","format":"standard","meta":{"footnotes":""},"categories":[1],"tags":[],"class_list":["post-5047","post","type-post","status-publish","format-standard","hentry","category-non-classe","post-item clearfix"],"_links":{"self":[{"href":"https:\/\/edmondmorrel.be\/index.php?rest_route=\/wp\/v2\/posts\/5047","targetHints":{"allow":["GET"]}}],"collection":[{"href":"https:\/\/edmondmorrel.be\/index.php?rest_route=\/wp\/v2\/posts"}],"about":[{"href":"https:\/\/edmondmorrel.be\/index.php?rest_route=\/wp\/v2\/types\/post"}],"author":[{"embeddable":true,"href":"https:\/\/edmondmorrel.be\/index.php?rest_route=\/wp\/v2\/users\/2"}],"replies":[{"embeddable":true,"href":"https:\/\/edmondmorrel.be\/index.php?rest_route=%2Fwp%2Fv2%2Fcomments&post=5047"}],"version-history":[{"count":1,"href":"https:\/\/edmondmorrel.be\/index.php?rest_route=\/wp\/v2\/posts\/5047\/revisions"}],"predecessor-version":[{"id":5049,"href":"https:\/\/edmondmorrel.be\/index.php?rest_route=\/wp\/v2\/posts\/5047\/revisions\/5049"}],"wp:attachment":[{"href":"https:\/\/edmondmorrel.be\/index.php?rest_route=%2Fwp%2Fv2%2Fmedia&parent=5047"}],"wp:term":[{"taxonomy":"category","embeddable":true,"href":"https:\/\/edmondmorrel.be\/index.php?rest_route=%2Fwp%2Fv2%2Fcategories&post=5047"},{"taxonomy":"post_tag","embeddable":true,"href":"https:\/\/edmondmorrel.be\/index.php?rest_route=%2Fwp%2Fv2%2Ftags&post=5047"}],"curies":[{"name":"wp","href":"https:\/\/api.w.org\/{rel}","templated":true}]}}