{"id":5044,"date":"2023-03-20T09:52:16","date_gmt":"2023-03-20T08:52:16","guid":{"rendered":"http:\/\/edmondmorrel.be\/?p=5044"},"modified":"2023-03-20T09:52:17","modified_gmt":"2023-03-20T08:52:17","slug":"latelier-des-lettres-darmel-job-une-master-class-et-levocation-de-herge","status":"publish","type":"post","link":"https:\/\/edmondmorrel.be\/?p=5044","title":{"rendered":"\u00ab\u00a0L&rsquo;atelier des lettres\u00a0\u00bb d&rsquo;Armel Job. Une Master Class et l&rsquo;\u00e9vocation de Herg\u00e9"},"content":{"rendered":"\n<p><strong>L\u2019atelier des lettres<\/strong>? Une \u00e9mission litt\u00e9raire bimensuelle d\u2019<strong>Edmond Morrel<\/strong> diffus\u00e9e et podcast\u00e9e sur RCF (Bruxelles) sur la cha\u00eene \u00ab soundcloud \u00bb de L\u2019ivresse des livres et mise \u00e0 disposition des <strong>Archives et Mus\u00e9e de la litt\u00e9rature<\/strong>.<\/p>\n\n\n\n<p>Au cours de cette rencontre, Armel Job \u00e9voque son \u00ab\u00a0atelier\u00a0\u00bb de cr\u00e9ation romanesque et ce que lui inspire l&rsquo;oeuvre de Herg\u00e9&#8230;l&rsquo;\u00e9crivain \u00ab\u00a0patrimonial\u00a0\u00bb qu&rsquo;il a choisi de pr\u00e9senter en deuxi\u00e8me partie de cette \u00e9mission que l&rsquo;on peut \u00e9couter aussi sur <a href=\"https:\/\/soundcloud.com\/user-352723019\/armel-job-evoque-son-metier-decrivain-et-herge?si=77cdfde4d15941b38dc033b7f6646dc5&amp;utm_source=clipboard&amp;utm_medium=text&amp;utm_campaign=social_sharing\">soundcloud&#8230;<\/a><\/p>\n\n\n\n<p>Jean Jauniaux, le 20 mars 2023 <\/p>\n\n\n\n<figure class=\"wp-block-embed is-type-rich is-provider-soundcloud wp-block-embed-soundcloud\"><div class=\"wp-block-embed__wrapper\">\n<iframe loading=\"lazy\" title=\"Armel Job \u00e9voque son m\u00e9tier d&#039;\u00e9crivain et Herg\u00e9 by Jean Jauniaux\" width=\"1170\" height=\"400\" scrolling=\"no\" frameborder=\"no\" src=\"https:\/\/w.soundcloud.com\/player\/?visual=true&#038;url=https%3A%2F%2Fapi.soundcloud.com%2Ftracks%2F1472933092&#038;show_artwork=true&#038;maxheight=1000&#038;maxwidth=1170\"><\/iframe>\n<\/div><\/figure>\n","protected":false},"excerpt":{"rendered":"<p>L\u2019atelier des lettres? Une \u00e9mission litt\u00e9raire bimensuelle d\u2019Edmond Morrel diffus\u00e9e et podcast\u00e9e sur RCF (Bruxelles) sur la cha\u00eene \u00ab soundcloud&nbsp;[&hellip;]<\/p>\n","protected":false},"author":2,"featured_media":0,"comment_status":"closed","ping_status":"closed","sticky":false,"template":"","format":"standard","meta":{"footnotes":""},"categories":[1],"tags":[],"class_list":["post-5044","post","type-post","status-publish","format-standard","hentry","category-non-classe","post-item clearfix"],"_links":{"self":[{"href":"https:\/\/edmondmorrel.be\/index.php?rest_route=\/wp\/v2\/posts\/5044","targetHints":{"allow":["GET"]}}],"collection":[{"href":"https:\/\/edmondmorrel.be\/index.php?rest_route=\/wp\/v2\/posts"}],"about":[{"href":"https:\/\/edmondmorrel.be\/index.php?rest_route=\/wp\/v2\/types\/post"}],"author":[{"embeddable":true,"href":"https:\/\/edmondmorrel.be\/index.php?rest_route=\/wp\/v2\/users\/2"}],"replies":[{"embeddable":true,"href":"https:\/\/edmondmorrel.be\/index.php?rest_route=%2Fwp%2Fv2%2Fcomments&post=5044"}],"version-history":[{"count":2,"href":"https:\/\/edmondmorrel.be\/index.php?rest_route=\/wp\/v2\/posts\/5044\/revisions"}],"predecessor-version":[{"id":5046,"href":"https:\/\/edmondmorrel.be\/index.php?rest_route=\/wp\/v2\/posts\/5044\/revisions\/5046"}],"wp:attachment":[{"href":"https:\/\/edmondmorrel.be\/index.php?rest_route=%2Fwp%2Fv2%2Fmedia&parent=5044"}],"wp:term":[{"taxonomy":"category","embeddable":true,"href":"https:\/\/edmondmorrel.be\/index.php?rest_route=%2Fwp%2Fv2%2Fcategories&post=5044"},{"taxonomy":"post_tag","embeddable":true,"href":"https:\/\/edmondmorrel.be\/index.php?rest_route=%2Fwp%2Fv2%2Ftags&post=5044"}],"curies":[{"name":"wp","href":"https:\/\/api.w.org\/{rel}","templated":true}]}}