{"id":5006,"date":"2023-02-08T17:32:57","date_gmt":"2023-02-08T16:32:57","guid":{"rendered":"http:\/\/edmondmorrel.be\/?p=5006"},"modified":"2023-02-08T19:15:08","modified_gmt":"2023-02-08T18:15:08","slug":"a-la-maison-lismonde","status":"publish","type":"post","link":"https:\/\/edmondmorrel.be\/?p=5006","title":{"rendered":"A la Maison Lismonde&#8230;"},"content":{"rendered":"\n<p>Nous rendons compte volontiers des rendez-vous que nous donne r\u00e9guli\u00e8rement sa Fondation  avec les artistes amis de Lismonde qui y font l&rsquo;objet d&rsquo;expositions  et sont autant d&rsquo;occasions de <a href=\"http:\/\/www.maison-lismonde.be\/\">visiter le lieu si inspirant <\/a>et de conna\u00eetre les \u00e9lans d&rsquo;une vie consacr\u00e9e \u00e0 l&rsquo;amiti\u00e9 autant qu&rsquo;\u00e0 la cr\u00e9ation. Ces jours-ci, si vos pas vous m\u00e8nent \u00e0 la propri\u00e9t\u00e9 \u00ab Les Roches \u00bb, Dwersbos, 1 \u2013 1630 Linkebeek c&rsquo;est  avec des oeuvres de l&rsquo;architecte L\u00e9on van Dievoet que vous aurez rendez-vous. Aquarelles, dessins, peintures \u00e0 l&rsquo;huile et bien s\u00fbr des photographies, ornent les cimaises et permettent au visiteur de conna\u00eetre les parcours presque parall\u00e8les des deux artistes depuis leur jeunesse et leur formation.<\/p>\n\n\n\n<figure class=\"wp-block-image size-full\"><a href=\"http:\/\/www.maison-lismonde.be\"><img loading=\"lazy\" decoding=\"async\" width=\"297\" height=\"416\" src=\"https:\/\/edmondmorrel.be\/wp-content\/uploads\/2023\/02\/Capture-decran-2023-02-08-a-17.10.01.png\" alt=\"\" class=\"wp-image-5012\" srcset=\"https:\/\/edmondmorrel.be\/wp-content\/uploads\/2023\/02\/Capture-decran-2023-02-08-a-17.10.01.png 297w, https:\/\/edmondmorrel.be\/wp-content\/uploads\/2023\/02\/Capture-decran-2023-02-08-a-17.10.01-214x300.png 214w, https:\/\/edmondmorrel.be\/wp-content\/uploads\/2023\/02\/Capture-decran-2023-02-08-a-17.10.01-200x280.png 200w\" sizes=\"auto, (max-width: 297px) 100vw, 297px\" \/><\/a><\/figure>\n\n\n\n<p>Comme d&rsquo;habitude, un \u00e9l\u00e9gant catalogue \u00e0 l&rsquo;iconographie tr\u00e8s riche rend compte de l&rsquo;exposition et du cheminement de l&rsquo;artiste invit\u00e9. \u00ab\u00a0La maison Lismonde et autres paysages\u00a0\u00bb est le titre de celle  r\u00e9alis\u00e9e \u00e0 l\u2019occasion de l\u2019exposition<em>&nbsp;L\u00e9on van Dievoet &#8211; Architecte<\/em>, pr\u00e9sent\u00e9e \u00e0 la Maison\/Huize Lismonde du 14 janvier au 12 mars 2023. Elle est cette fois-ci r\u00e9dig\u00e9e par Serge Goyens de Heusch, commissaire inspir\u00e9 et enthousiaste de l&rsquo;exposition.<\/p>\n\n\n\n<p><strong>L&rsquo;exposition est accessible au public les dimanches de 14 \u00e0 17h30 jusqu&rsquo;au 12 mars 2023.<\/strong><\/p>\n\n\n\n<p><strong>Jean Jauniaux<\/strong><\/p>\n\n\n\n<p>Nous rencontrerons prochainement pour les interviewer le commissaire de l&rsquo;exposition, Serge Goyens de Heusch et d&rsquo;Alain, le fils de l&rsquo;architecte L\u00e9on van Dievoet.<\/p>\n\n\n\n<p>Coordonn\u00e9es: \u00ab Les Roches \u00bb, Dwersbos, 1 1630 Linkebeek<br>T\u00e9l. 02 380 51 03<br><a href=\"mailto:j.lismonde@skynet.be\">j.lismonde@skynet.be<\/a><\/p>\n","protected":false},"excerpt":{"rendered":"<p>Nous rendons compte volontiers des rendez-vous que nous donne r\u00e9guli\u00e8rement sa Fondation avec les artistes amis de Lismonde qui y&nbsp;[&hellip;]<\/p>\n","protected":false},"author":2,"featured_media":0,"comment_status":"closed","ping_status":"closed","sticky":false,"template":"","format":"standard","meta":{"footnotes":""},"categories":[1],"tags":[],"class_list":["post-5006","post","type-post","status-publish","format-standard","hentry","category-non-classe","post-item clearfix"],"_links":{"self":[{"href":"https:\/\/edmondmorrel.be\/index.php?rest_route=\/wp\/v2\/posts\/5006","targetHints":{"allow":["GET"]}}],"collection":[{"href":"https:\/\/edmondmorrel.be\/index.php?rest_route=\/wp\/v2\/posts"}],"about":[{"href":"https:\/\/edmondmorrel.be\/index.php?rest_route=\/wp\/v2\/types\/post"}],"author":[{"embeddable":true,"href":"https:\/\/edmondmorrel.be\/index.php?rest_route=\/wp\/v2\/users\/2"}],"replies":[{"embeddable":true,"href":"https:\/\/edmondmorrel.be\/index.php?rest_route=%2Fwp%2Fv2%2Fcomments&post=5006"}],"version-history":[{"count":6,"href":"https:\/\/edmondmorrel.be\/index.php?rest_route=\/wp\/v2\/posts\/5006\/revisions"}],"predecessor-version":[{"id":5014,"href":"https:\/\/edmondmorrel.be\/index.php?rest_route=\/wp\/v2\/posts\/5006\/revisions\/5014"}],"wp:attachment":[{"href":"https:\/\/edmondmorrel.be\/index.php?rest_route=%2Fwp%2Fv2%2Fmedia&parent=5006"}],"wp:term":[{"taxonomy":"category","embeddable":true,"href":"https:\/\/edmondmorrel.be\/index.php?rest_route=%2Fwp%2Fv2%2Fcategories&post=5006"},{"taxonomy":"post_tag","embeddable":true,"href":"https:\/\/edmondmorrel.be\/index.php?rest_route=%2Fwp%2Fv2%2Ftags&post=5006"}],"curies":[{"name":"wp","href":"https:\/\/api.w.org\/{rel}","templated":true}]}}