{"id":5004,"date":"2023-01-30T11:17:22","date_gmt":"2023-01-30T10:17:22","guid":{"rendered":"http:\/\/edmondmorrel.be\/?p=5004"},"modified":"2023-01-30T11:17:23","modified_gmt":"2023-01-30T10:17:23","slug":"la-colonisation-du-futur-par-david-van-reybrouck-une-grande-conference-a-bozar-bruxelles-avant-la-prochaine-publication-dun-essai-chez-actes-sud","status":"publish","type":"post","link":"https:\/\/edmondmorrel.be\/?p=5004","title":{"rendered":"\u00ab\u00a0La colonisation du futur\u00a0\u00bb par David Van Reybrouck. Une grande conf\u00e9rence \u00e0 Bozar (Bruxelles) avant la prochaine publication d&rsquo;un essai chez ACTES SUD."},"content":{"rendered":"\n<p><em><span class=\"has-inline-color has-vivid-red-color\">Le 16 janvier dernier les <strong><a href=\"https:\/\/www.grandesconferences.be\/event\/david-van-reybrouck-154\/register\">\u00ab\u00a0Grandes Conf\u00e9rences Catholiques\u00a0\u00bb <\/a><\/strong>recevaient David Van Reybrouck. <\/span><\/em><\/p>\n\n\n\n<p><em><span class=\"has-inline-color has-vivid-red-color\">D\u00e9laissant l&rsquo;actualit\u00e9 \u00e9dtoriale et l&rsquo;\u00e9vocation de son dernier (magistral) ouvrage , <a href=\"https:\/\/www.actes-sud.fr\/catalogue\/litterature\/revolusi\"><strong>Revolusi<\/strong>, <strong>l&rsquo;Indon\u00e9sie et la naissance du monde moderne<\/strong> (Actes Sud)<\/a>, l&rsquo;\u00e9crivain flamand choisit d&rsquo;\u00e9voquer dans un vibrant plaidoyer pour les g\u00e9n\u00e9rations \u00e0 venir, <strong>La colonisation du futur<\/strong>. Ci-dessous, avant m\u00eame la parution de l&rsquo;essai que publiera Actes Sud cette ann\u00e9e, il nous a sembl\u00e9 opportun de faire para\u00eetre l&rsquo;article publi\u00e9 \u00e9galement sur le site des Grandes Conf\u00e9rences Catholiques.<\/span><\/em> <em>JJx le 30 janvier 2023<\/em><\/p>\n\n\n\n<p><em><strong>Le colonialisme s\u2019inscrit d\u00e9sormais dans le temps, et non plus dans l\u2019espace\u00a0<\/strong><\/em><\/p>\n\n\n\n<p>Le public qui fit salle comble au Palais des Beaux-Arts \u00e0 Bruxelles et ovationna David Van Reybrouck apr\u00e8s une bouleversante \u00ab\u00a0minute de silence\u00a0\u00bb qui concluait la \u00ab\u00a0Grande Conf\u00e9rence Catholique\u00a0\u00bb de ce soir du 16 janvier 2023, a assist\u00e9 \u00e0 un <strong>authentique moment d\u2019Histoire<\/strong>. L\u2019auteur de <em>Congo, une histoire<\/em>, de <em>Revolusi<\/em>, ou de <em>Contre les \u00e9lections<\/em> n\u2019est pas venu \u00e9voquer les colonisations \u00ab\u00a0historiques\u00a0\u00bb dont il a fait ces ouvrages qui ont fait date et ont marqu\u00e9 les esprits, \u00e0 la fois par la m\u00e9thode d\u2019investigation utilis\u00e9e (les rencontres multiples avec l\u2019ensemble des protagonistes, des t\u00e9moins ou de leurs descendants transform\u00e9es en une \u0153uvre entrela\u00e7ant l\u2019\u00e9criture de l\u2019historien, du t\u00e9moin, mais surtout de l\u2019\u00e9crivain engag\u00e9) et par la projection d\u2019un nouvel \u00e9clairage sur ces si\u00e8cles de l\u2019histoire que David Van Reybrouck envisage, pour la premi\u00e8re fois peut-\u00eatre dans l\u2019historiographie, en lui donnant l\u2019envergure qu\u2019elle a\u00a0: mondiale.<\/p>\n\n\n\n<p>C\u2019est \u00e0 une autre colonisation que se consacre dor\u00e9navant l\u2019essayiste, laissant \u00e0 ses livres le soin de poursuivre le travail de sensibilisation que leur lecture, dans les multiples \u00e9ditions et traductions, suscitera au fil des ann\u00e9es. Le titre de la conf\u00e9rence, qui deviendra dans les prochains mois un essai (\u00e0 para\u00eetre en fran\u00e7ais chez son \u00e9diteur habituel, <em>Actes Sud<\/em>) r\u00e9unit en trois mots les menaces (mais aussi les enjeux et les \u00e9ventuelles r\u00e9ponses \u00e0 y trouver)&nbsp;: <em>La colonisation du futur.<\/em><\/p>\n\n\n\n<p>Apr\u00e8s avoir \u00e9tudi\u00e9 les colonisations auxquelles se sont livr\u00e9es les puissances europ\u00e9ennes d\u2019alors \u2013 Belgique et Pays-Bas &nbsp;notamment-, l\u2019historien reprend son b\u00e2ton de p\u00e8lerin et les instruments de lanceur d\u2019alerte pour mettre en garde l\u2019humanit\u00e9 contre les dangers de cette \u00ab&nbsp;colonisation du futur&nbsp;\u00bb, d\u2019autant plus redoutable que, perverse, sournoise, insidieuse, elle a d\u00e9j\u00e0 commenc\u00e9 son \u0153uvre de destruction. A l\u2019heure o\u00f9 nous avons tant de difficult\u00e9s \u00e0 reconna\u00eetre et \u00e0 demander le pardon pour les d\u00e9sastres \u00e9cologiques, \u00e9conomiques, soci\u00e9taux, humains provoqu\u00e9s par les entreprises de colonisation, voici l\u2019annonce de la nouvelle colonisation et des d\u00e9vastations \u00e0 venir&nbsp;: une description document\u00e9e, argument\u00e9e, implacable de la fin d\u2019un monde, le n\u00f4tre.<\/p>\n\n\n\n<p>David Van Reybrouck d\u00e9veloppe son argumentation&nbsp;: \u00ab&nbsp;Abordons donc aujourd&rsquo;hui le colonialisme, parlons de culpabilit\u00e9 et de responsabilit\u00e9. Parlons du r\u00f4le de l&rsquo;Occident. Mais pas seulement en regardant dans le r\u00e9troviseur. En effet, m\u00eame le jour o\u00f9 nous aurons pleinement assum\u00e9 le colonialisme du pass\u00e9, nous n&rsquo;aurons encore rien entrepris contre la mani\u00e8re dramatique dont nous colonisons \u00e0 pr\u00e9sent l&rsquo;avenir&nbsp;\u00bb<\/p>\n\n\n\n<p>D\u2019embl\u00e9e, David Van Reybrouck donne le ton&nbsp;: \u00ab&nbsp;Il s\u2019agit (\u2026) d\u2019une course \u00e0 l\u2019ab\u00eeme. Nous sommes en effet au beau milieu de la sixi\u00e8me grande vague d&rsquo;extinction que notre plan\u00e8te ait connue, la premi\u00e8re cependant \u00e0 trouver son origine dans l&rsquo;activit\u00e9 humaine.&nbsp;\u00bb Evoquant les recherches les plus r\u00e9centes, les rapports scientifiques les plus \u00e9labor\u00e9s (ainsi \u00ab&nbsp;le grand rapport du GIEC publi\u00e9 en ao\u00fbt 2021, bas\u00e9 sur plus de quatorze mille publications scientifiques&nbsp;\u00bb), il nous rappelle que le r\u00e9chauffement de la plan\u00e8te approche \u00e0 une vitesse vertigineuse \u00ab&nbsp;des points de bascule qui d\u00e9clencheront des processus irr\u00e9versibles et cumulatifs.&nbsp;\u00bb<\/p>\n\n\n\n<p>Ceci a \u00e9t\u00e9 dit d\u00e9j\u00e0, \u00e9voqu\u00e9 dans les journaux t\u00e9l\u00e9vis\u00e9s, dans les d\u00e9bats. David Van Reybrouck est une conscience qui \u00e9lectrise malgr\u00e9 la force paisible de sa voix. Il ass\u00e8ne les v\u00e9rit\u00e9s avec la conviction de celui qui, pour \u00e9tudier les ph\u00e9nom\u00e8nes qu\u2019il \u00e9voquera, se place au dessus de la m\u00eal\u00e9e des d\u00e9bats et des opinions et pr\u00e9sente les faits. Ecrivain, il dispose d\u2019un instrument imparable&nbsp;: il nous <em>raconte<\/em> ce qui est. Ainsi, au lieu d\u2019\u00e9voquer des contr\u00e9es ou des futurs lointains, il ass\u00e8ne les exemples que nous pouvons toucher du doigt&nbsp;: \u00ab&nbsp;La crise a commenc\u00e9, m\u00eame chez nous. Les 40 morts suite aux inondations de juillet 2021 sont les premi\u00e8res victimes climatiques en Belgique. Il s\u2019agit du d\u00e9sastre naturel le plus mortel dans l\u2019histoire de notre pays\u2014un catastrophe dont on ne parle pas assez, alors qu\u2019il a fait plus de morts que les attentats terroristes de 2016.&nbsp;\u00bb Et David Van Reybrouck ajoute, ass\u00e8ne plut\u00f4t, d\u2019une voix qui nous \u00e9treint&nbsp;:&nbsp;\u00ab&nbsp;Et ce n\u2019est qu\u2019un d\u00e9but.&nbsp;\u00bb.<\/p>\n\n\n\n<p>On conna\u00eet l\u2019engagement citoyen de David Van Reybrouck, objet de plusieurs de ses livres mais aussi de manifestations concr\u00e8tes \u2013 salu\u00e9es et encourag\u00e9es par de nombreuses personnalit\u00e9s mondiales comme Kofi Annan &#8211; . Il n\u2019en restera pas au simple constat, aussi efficace et important f\u00fbt-il , des menaces de la \u00ab&nbsp;colonisation du futur&nbsp;\u00bb. Il prolongera sa r\u00e9flexion et analyse, par des propositions concr\u00e8tes, redoutablement simples mais obligeant \u00e0 modifier radicalement l\u2019approche de la d\u00e9mocratie et \u00e0 insuffler une nouvelle dynamique \u00e0 la gouvernance mondiale. C\u2019est une question de vie ou de mort des g\u00e9n\u00e9rations \u00e0 venir. \u00ab&nbsp;Nous les privons de leur libert\u00e9, de leur sant\u00e9, peut-\u00eatre m\u00eame de leur vie \u2014 tout comme les colonisateurs l&rsquo;ont fait dans le pass\u00e9. Nous imposons les cons\u00e9quences de nos actes aux humains qui viendront apr\u00e8s nous, et ce avec une brutalit\u00e9 et une indiff\u00e9rence qui donnent le vertige.&nbsp;\u00bb poursuit David Van Reybrouck, debout au pupitre translucide qui fait face au public de la Salle Henri LeBoeuf.<\/p>\n\n\n\n<p>Citant Greta Thunberg (\u201cNous sommes tous dans la m\u00eame temp\u00eate, mais certainement pas dans le m\u00eame bateau.\u201d), David Van Reybrouck rappelle la r\u00e9partition des responsabilit\u00e9s dans le r\u00e9chauffement climatique, et la r\u00e9partition g\u00e9ographique tout aussi d\u00e9s\u00e9quilibr\u00e9e des cons\u00e9quences.<\/p>\n\n\n\n<p>Il s\u2019agit d\u00e8s \u00e0 pr\u00e9sent de \u00ab&nbsp;combattre les structures mondiales du pr\u00e9sent&nbsp;\u00bb. Il s\u2019agit pas moins, et c\u2019est \u00e0 la concr\u00e9tisation de cette proposition que DVD consacre la suite de son expos\u00e9, de \u00ab&nbsp;combattre les structures mondiales du pr\u00e9sent&nbsp;\u00bb. L\u2019Histoire nous aidera \u00e0 identifier les erreurs \u00e0 ne pas commettre comme de tenter de \u00ab&nbsp;r\u00e9soudre le probl\u00e8me avec de l\u2019argent&nbsp;\u00bb. Ce qui ne suffira pas et qui, l\u2019histoire l\u2019a montr\u00e9, aura de redoutables effets pervers. Il s\u2019agira pour les Etats de \u00ab&nbsp; r\u00e9parer le monde cass\u00e9 en deux que nous a l\u00e9gu\u00e9 le pass\u00e9 en travaillant ensemble \u00e0 la construction d\u2019un monde plus juste, plus honn\u00eate et plus uni.&nbsp;\u00bb<\/p>\n\n\n\n<p>Les propositions qu\u2019avance David Van Reybrouck, dans le prolongement de ses essais, impliquent de d\u00e9placer la d\u00e9cision du niveau national ou international, au niveau du citoyen&nbsp;: \u00ab&nbsp;La meilleure fa\u00e7on de combler profond foss\u00e9 entre ce que la science sait et ce que la politique omet de faire, c\u2019est de s\u2019en remettre \u00e0 la d\u00e9cision du citoyen.&nbsp;\u00bb<\/p>\n\n\n\n<p>Comment&nbsp;? En deux \u00e9tapes&nbsp;: la mise en place d\u2019une assembl\u00e9e citoyenne suivie, non d\u2019un referendum, mais d\u2019un <em>preferendum<\/em>. Evident comme l\u2019\u0153uf de Colomb, ce dispositif permet de \u00ab&nbsp;mesurer le pourcentage d\u2019adh\u00e9sion de la soci\u00e9t\u00e9 aux mesures pr\u00e9conis\u00e9es.&nbsp;\u00bb<\/p>\n\n\n\n<p>Trop complexe, diront les esprits chagrins ou complices\u2026 David Van Reybrouck, m\u00e9nageant ses effets, indiquent que des exemples existent d\u00e9j\u00e0, et pr\u00e8s de chez nous&nbsp;: \u00ab&nbsp;Une ville qui a eu le courage d\u2019instaurer la toute premi\u00e8re Assembl\u00e9e citoyenne permanente pour le climat, avec des participants tir\u00e9s au sort, repr\u00e9sentant la diversit\u00e9 \u00e9norme de sa population. Une ville plurilingue, multiculturelle et hypercomplexe qui s\u2019est dit: si tout le monde est impact\u00e9 par les mesures climatiques, tout le monde devrait avoir la chance de participer \u00e0 leur \u00e9laboration. C\u2019est ville est Bruxelles&nbsp;!&nbsp;\u00bb<\/p>\n\n\n\n<p>Reste dor\u00e9navant \u00e0 organiser une \u00ab&nbsp;assembl\u00e9e mondiale&nbsp;\u00bb\u2026 David Van Reybrouck d\u00e9montre, exp\u00e9rience \u00e0 l\u2019appui, la possibilit\u00e9 de cette \u00ab&nbsp;<em>global assembly&nbsp;<\/em>\u00bb&nbsp;:&nbsp; &nbsp; \u00ab&nbsp;Il y a un an, la toute premi\u00e8re Assembl\u00e9e mondiale s\u2019achevait. Avec l&rsquo;aide de la NASA, un \u00e9chantillon al\u00e9atoire 24 de cent points g\u00e9ographiques a \u00e9t\u00e9 d\u00e9ploy\u00e9 sur la carte du monde, en tenant compte notamment de la densit\u00e9 des populations. En chacun de ces points, l&rsquo;organisation a recherch\u00e9 un partenaire local, ayant pour mission de s\u00e9lectionner quatre \u00e0 six citoyens lambda par le biais d&rsquo;entretiens de rue ou de recrutement effectu\u00e9 de porte-\u00e0-porte. Afin d&rsquo;atteindre un \u00e9quilibre en termes d&rsquo;\u00e2ge, de sexe, de lieu de r\u00e9sidence, de niveau d&rsquo;\u00e9ducation et d&rsquo;attitude \u00e0 l&rsquo;\u00e9gard du changement climatique, un groupe final de 100 participants a \u00e9t\u00e9 constitu\u00e9 \u00e0 partir de ce vivier de 675 candidats.&nbsp;\u00bb<\/p>\n\n\n\n<p>La dimension \u00e9conomique n\u2019est pas absente du raisonnement et des propositions formul\u00e9es par David Van Reybrouck. Il d\u00e9crit une proposition concr\u00e8te, tangible, r\u00e9alisable \u00e0 cet \u00e9gard&nbsp;: les droits d\u2019\u00e9mission individualis\u00e9s (\u00ab&nbsp;les <em>TEQs<\/em>, &#8211;&nbsp; Tradable Energy Quotas &#8211; , ou quotas d&rsquo;\u00e9nergie n\u00e9gociables&nbsp;\u00bb suivant le mod\u00e8le \u00e9labor\u00e9 par David Flemming)<\/p>\n\n\n\n<p>David Van Reybrouck sugg\u00e8re enfin une ultime proposition d\u2019action et d\u2019engagement citoyen, la plus radicale et dont il esp\u00e8re \u00ab&nbsp;qu\u2019elle s\u2019av\u00e9rera inutile&nbsp;\u00bb &nbsp;: la d\u00e9sob\u00e9issance civile.<\/p>\n\n\n\n<p>\u00ab&nbsp;J&rsquo;ose esp\u00e9rer que nous aurons l&rsquo;occasion de participer loyalement aux assembl\u00e9es citoyennes, aux p<em>r\u00e9f\u00e9rendums<\/em>, au syst\u00e8me de droits d&rsquo;\u00e9mission individuels et \u00e0 toutes sortes d&rsquo;autres propositions. J\u2019ose esp\u00e9rer que notre volont\u00e9 de coop\u00e9rer sera per\u00e7ue plus vite que notre r\u00e9solution de d\u00e9sob\u00e9ir.&nbsp;\u00bb<\/p>\n\n\n\n<p>David Van Reybrouck conclura sa conf\u00e9rence en citant Saint Fran\u00e7ois d\u2019Assise rendant gr\u00e2ce \u201cnotre m\u00e8re la Terre, qui nous porte et nous nourrit, qui produit la diversit\u00e9 des fruits, avec les fleurs diapr\u00e9es et les herbes.\u201d<\/p>\n\n\n\n<p>L\u2019orateur invita enfin l\u2019assembl\u00e9e \u00e0 quelques secondes de silence. L\u2019\u00e9motion \u00e9tait palpable lorsqu\u2019il observa dans la salle, les plus jeunes se lever et se tenir immobiles, debout.<\/p>\n\n\n\n<p><strong>Jean Jauniaux, le 29 janvier 2023.<\/strong><\/p>\n","protected":false},"excerpt":{"rendered":"<p>Le 16 janvier dernier les \u00ab\u00a0Grandes Conf\u00e9rences Catholiques\u00a0\u00bb recevaient David Van Reybrouck. D\u00e9laissant l&rsquo;actualit\u00e9 \u00e9dtoriale et l&rsquo;\u00e9vocation de son dernier&nbsp;[&hellip;]<\/p>\n","protected":false},"author":2,"featured_media":0,"comment_status":"closed","ping_status":"closed","sticky":false,"template":"","format":"standard","meta":{"footnotes":""},"categories":[1],"tags":[],"class_list":["post-5004","post","type-post","status-publish","format-standard","hentry","category-non-classe","post-item clearfix"],"_links":{"self":[{"href":"https:\/\/edmondmorrel.be\/index.php?rest_route=\/wp\/v2\/posts\/5004","targetHints":{"allow":["GET"]}}],"collection":[{"href":"https:\/\/edmondmorrel.be\/index.php?rest_route=\/wp\/v2\/posts"}],"about":[{"href":"https:\/\/edmondmorrel.be\/index.php?rest_route=\/wp\/v2\/types\/post"}],"author":[{"embeddable":true,"href":"https:\/\/edmondmorrel.be\/index.php?rest_route=\/wp\/v2\/users\/2"}],"replies":[{"embeddable":true,"href":"https:\/\/edmondmorrel.be\/index.php?rest_route=%2Fwp%2Fv2%2Fcomments&post=5004"}],"version-history":[{"count":1,"href":"https:\/\/edmondmorrel.be\/index.php?rest_route=\/wp\/v2\/posts\/5004\/revisions"}],"predecessor-version":[{"id":5005,"href":"https:\/\/edmondmorrel.be\/index.php?rest_route=\/wp\/v2\/posts\/5004\/revisions\/5005"}],"wp:attachment":[{"href":"https:\/\/edmondmorrel.be\/index.php?rest_route=%2Fwp%2Fv2%2Fmedia&parent=5004"}],"wp:term":[{"taxonomy":"category","embeddable":true,"href":"https:\/\/edmondmorrel.be\/index.php?rest_route=%2Fwp%2Fv2%2Fcategories&post=5004"},{"taxonomy":"post_tag","embeddable":true,"href":"https:\/\/edmondmorrel.be\/index.php?rest_route=%2Fwp%2Fv2%2Ftags&post=5004"}],"curies":[{"name":"wp","href":"https:\/\/api.w.org\/{rel}","templated":true}]}}