{"id":4948,"date":"2023-02-08T14:33:41","date_gmt":"2023-02-08T13:33:41","guid":{"rendered":"http:\/\/edmondmorrel.be\/?p=4948"},"modified":"2023-02-08T14:33:42","modified_gmt":"2023-02-08T13:33:42","slug":"daniele-henky-la-biographie-de-maria-borrely-ecrivaine-feministe-pacifiste-ecologiste-la-vie-dune-femme-eblouie","status":"publish","type":"post","link":"https:\/\/edmondmorrel.be\/?p=4948","title":{"rendered":"Dani\u00e8le Henky: la biographie de Maria Borr\u00e9ly, \u00e9crivaine, f\u00e9ministe, pacifiste, \u00e9cologiste: \u00ab\u00a0La vie d&rsquo;une femme \u00e9blouie\u00a0\u00bb"},"content":{"rendered":"\n<p>Dani\u00e8le Henky,  dont on se souvient du livre <a href=\"https:\/\/www.weyrich-edition.be\/produit\/baptemes-du-feu\">\u00ab\u00a0Bapt\u00eames du feu\u00a0\u00bb (Editions Weyrich, 2018)<\/a>mettant en sc\u00e8ne Guillaume Apollinaire dans une construction romanesque, m\u00ealant fiction et Histoire, consacre aujourd&rsquo;hui \u00e0 Maria Borrely une biographie qui se lit&#8230;comme un roman. L&rsquo;autrice se place au plus pr\u00e8s de la figure dont elle \u00e9voque depuis l&rsquo;enfance villageoise et pauvre, les hasards de la vie  qui feront d&rsquo;elle, au-del\u00e0 de l&rsquo;institutrice, une \u00e9crivaine, une f\u00e9ministe, une pacifiste dans le sillage de Giono et une r\u00e9sistante durant la deuxi\u00e8me guerre mondiale. La biographie se lit comme un roman \u00e9crivions-nous. Peut-\u00eatre faut-il chercher \u00e0 cela (- g\u00e9n\u00e9rosit\u00e9 du regard, empathie dans l&rsquo;\u00e9vocation des engagements, des succ\u00e8s autant que des d\u00e9faites, importance de l&rsquo;\u00e9criture chez Maria Borrely &#8211; dont le premier roman est publi\u00e9 chez Gallimard-) une explication dans la postface. L\u00e0 le lecteur d\u00e9couvre la gen\u00e8se de l&rsquo;int\u00e9r\u00eat port\u00e9 par Dani\u00e8le Henky pour celle qui deviendra un mod\u00e8le (dans les deux sens du terme: une r\u00e9f\u00e9rence et un sujet). C&rsquo;est l\u00e0 aussi peut-\u00eatre que se d\u00e9voile l&rsquo;attachement posthume de la biographe pour celle dont \u00ab\u00a0elle a tent\u00e9 \u00e0 son tour d&rsquo;esquisser la silhouette d&rsquo;une \u00e9crivaine rest\u00e9e confidentielle par suite, sans doute, d&rsquo;une sant\u00e9 fragile qui brisa sa carri\u00e8re et, d&rsquo;une certaine fa\u00e7on, sa vie , rendant impossible l&rsquo;\u00e9criture de l&rsquo;oeuvre de plus grande envergure qu&rsquo;elle n&rsquo;aurait pas manqu\u00e9 de r\u00e9aliser.\u00a0\u00bb Et Henky remplit aussi cette vocation essentielle, propre aux p\u00e9dagogues, aux universitaires, aux chercheurs et aux \u00e9crivains: celle de \u00ab\u00a0passeur\u00a0\u00bb, nous donnant ici l&rsquo;imp\u00e9rieuse curiosit\u00e9 de relire l&rsquo;oeuvre de Maria Borrely, mais aussi, entre autres, sa correspondance avec Giono.<\/p>\n\n\n\n<p>Jean Jauniaux, le 8 d\u00e9cembre 2022<\/p>\n\n\n\n<figure class=\"wp-block-image size-large is-resized\"><img loading=\"lazy\" decoding=\"async\" src=\"https:\/\/edmondmorrel.be\/wp-content\/uploads\/2022\/12\/Capture-decran-2022-12-02-a-08.21.47.png\" alt=\"\" class=\"wp-image-4950\" width=\"180\" height=\"278\" srcset=\"https:\/\/edmondmorrel.be\/wp-content\/uploads\/2022\/12\/Capture-decran-2022-12-02-a-08.21.47.png 291w, https:\/\/edmondmorrel.be\/wp-content\/uploads\/2022\/12\/Capture-decran-2022-12-02-a-08.21.47-194x300.png 194w, https:\/\/edmondmorrel.be\/wp-content\/uploads\/2022\/12\/Capture-decran-2022-12-02-a-08.21.47-200x309.png 200w\" sizes=\"auto, (max-width: 180px) 100vw, 180px\" \/><\/figure>\n\n\n\n<p><strong><a href=\"https:\/\/papillon-rouge.com\/maria-borrely-la-vie-dune-femme-eblouie\/\">Sur le site de l&rsquo;\u00e9diteur<\/a><\/strong>: \u00ab\u00a0Instigatrice d\u2019un foyer intellectuel proven\u00e7al que fr\u00e9quenta assid\u00fbment Jean Giono dont elle fut la grande amie, l\u2019\u00e9crivaine Maria Borr\u00e9ly correspondit aussi avec Andr\u00e9 Gide et bien d\u2019autres auteurs qui s\u2019enthousiasm\u00e8rent \u00e0 la lecture de son premier roman. Dans les ann\u00e9es trente, Gallimard la publia dans la prestigieuse NRF et lui fit m\u00eame signer un contrat\u2026 pour dix ouvrages !&nbsp;<br>Apr\u00e8s la Premi\u00e8re Guerre mondiale, son engagement politique et journalistique la conduisit \u00e0 \u00eatre l\u2019une des rares femmes qui participa au c\u00e9l\u00e8bre congr\u00e8s de Tours de 1920, un \u00e9v\u00e9nement majeur dans l&rsquo;histoire de France.&nbsp;<br>Durant la Deuxi\u00e8me Guerre mondiale, cette r\u00e9sistante combattit aux c\u00f4t\u00e9s de son mari contre l\u2019envahisseur\u2026 qui logeait au-dessous de son domicile ! A Digne, elle rencontra \u00e9galement l\u2019incroyable aventuri\u00e8re Alexandra David-N\u00e9el dont elle partageait les go\u00fbts litt\u00e9raires\u2026<br>Pourtant, aujourd\u2019hui, la notori\u00e9t\u00e9 de Maria Borr\u00e9ly, \u00e9crivaine, f\u00e9ministe, pacifiste engag\u00e9e, \u00e9cologiste avant l\u2019heure, reste trop m\u00e9connue.&nbsp;<br>Pourquoi ce destin qui s\u2019annon\u00e7ait si prometteur a-t-il \u00e9t\u00e9 bris\u00e9 ?\u00a0\u00bb<\/p>\n","protected":false},"excerpt":{"rendered":"<p>Dani\u00e8le Henky, dont on se souvient du livre \u00ab\u00a0Bapt\u00eames du feu\u00a0\u00bb (Editions Weyrich, 2018)mettant en sc\u00e8ne Guillaume Apollinaire dans une&nbsp;[&hellip;]<\/p>\n","protected":false},"author":2,"featured_media":0,"comment_status":"closed","ping_status":"closed","sticky":false,"template":"","format":"standard","meta":{"footnotes":""},"categories":[1],"tags":[],"class_list":["post-4948","post","type-post","status-publish","format-standard","hentry","category-non-classe","post-item clearfix"],"_links":{"self":[{"href":"https:\/\/edmondmorrel.be\/index.php?rest_route=\/wp\/v2\/posts\/4948","targetHints":{"allow":["GET"]}}],"collection":[{"href":"https:\/\/edmondmorrel.be\/index.php?rest_route=\/wp\/v2\/posts"}],"about":[{"href":"https:\/\/edmondmorrel.be\/index.php?rest_route=\/wp\/v2\/types\/post"}],"author":[{"embeddable":true,"href":"https:\/\/edmondmorrel.be\/index.php?rest_route=\/wp\/v2\/users\/2"}],"replies":[{"embeddable":true,"href":"https:\/\/edmondmorrel.be\/index.php?rest_route=%2Fwp%2Fv2%2Fcomments&post=4948"}],"version-history":[{"count":3,"href":"https:\/\/edmondmorrel.be\/index.php?rest_route=\/wp\/v2\/posts\/4948\/revisions"}],"predecessor-version":[{"id":4977,"href":"https:\/\/edmondmorrel.be\/index.php?rest_route=\/wp\/v2\/posts\/4948\/revisions\/4977"}],"wp:attachment":[{"href":"https:\/\/edmondmorrel.be\/index.php?rest_route=%2Fwp%2Fv2%2Fmedia&parent=4948"}],"wp:term":[{"taxonomy":"category","embeddable":true,"href":"https:\/\/edmondmorrel.be\/index.php?rest_route=%2Fwp%2Fv2%2Fcategories&post=4948"},{"taxonomy":"post_tag","embeddable":true,"href":"https:\/\/edmondmorrel.be\/index.php?rest_route=%2Fwp%2Fv2%2Ftags&post=4948"}],"curies":[{"name":"wp","href":"https:\/\/api.w.org\/{rel}","templated":true}]}}