{"id":4784,"date":"2022-05-18T21:52:55","date_gmt":"2022-05-18T19:52:55","guid":{"rendered":"http:\/\/edmondmorrel.be\/?p=4784"},"modified":"2022-05-18T21:52:56","modified_gmt":"2022-05-18T19:52:56","slug":"marc-danval-lepicurieux-radiographie-par-michael-albas","status":"publish","type":"post","link":"https:\/\/edmondmorrel.be\/?p=4784","title":{"rendered":"Marc Danval, l&rsquo;\u00e9picurieux radiographi\u00e9 par Micha\u00ebl Albas"},"content":{"rendered":"\n<p><strong><a href=\"https:\/\/edmondmorrel.be\/?p=1519\">Nous avions eu l&rsquo;occasion d&rsquo;interviewer Marc Danval \u00e0 l&rsquo;occasion de l&rsquo; \u00e9dition par les Editions Lamiroy<\/a><\/strong> d&rsquo;un recueil de po\u00e8mes (car Danval est aussi po\u00e8te) <em>Pittoresque de la futilit\u00e9 <\/em>qui contenait, pour notre plus grand bonheur, la r\u00e9\u00e9dition d&rsquo;un ouvrage introuvable <em>Parmi moi seul<\/em> (texte accompagn\u00e9 d&rsquo;une pr\u00e9face de Robert Goffin. <\/p>\n\n\n\n<div class=\"wp-block-image\"><figure class=\"alignright size-large is-resized\"><img loading=\"lazy\" decoding=\"async\" src=\"https:\/\/edmondmorrel.be\/wp-content\/uploads\/2022\/05\/Capture-decran-2022-05-18-a-14.13.32-1.png\" alt=\"\" class=\"wp-image-4787\" width=\"250\" height=\"373\" srcset=\"https:\/\/edmondmorrel.be\/wp-content\/uploads\/2022\/05\/Capture-decran-2022-05-18-a-14.13.32-1.png 508w, https:\/\/edmondmorrel.be\/wp-content\/uploads\/2022\/05\/Capture-decran-2022-05-18-a-14.13.32-1-201x300.png 201w, https:\/\/edmondmorrel.be\/wp-content\/uploads\/2022\/05\/Capture-decran-2022-05-18-a-14.13.32-1-200x298.png 200w\" sizes=\"auto, (max-width: 250px) 100vw, 250px\" \/><\/figure><\/div>\n\n\n\n<p>Avec <em>L&rsquo;\u00e9picurieux<\/em>, <strong><a href=\"https:\/\/editionsjourdan.com\/#\">paru aux Editions Jourdan<\/a><\/strong>, Danval s&rsquo;est soumis aux questions de son (jeune) complice en radio, Micha\u00ebl Albas. Ce dernier a propos\u00e9 \u00e0 son a\u00een\u00e9 (un demi si\u00e8cle les s\u00e9pare!) de lui consacrer une biographie \u00e0 partir d&rsquo;entretiens qu&rsquo;il aura avec l&rsquo;animateur de <em>La troisi\u00e8me oreille.<\/em> Cela nous donne un livre aux Editions Jourdan dans lequel \u00ab\u00a0la voix de la RTBF se raconte\u00a0\u00bb&#8230; Anecdotes, rencontres, passions, souvenirs d&rsquo;enfance, r\u00e8glements de compte jalonnent cette incroyable aventure d&rsquo;un homme qui n&rsquo;a pas sa langue en poche, pour le plus grand bonheur de notre troisi\u00e8me oreille. Au fil des pages, et des noms \u00e9voqu\u00e9s (Jean-Pierre Hautier figurant en \u00e9pigraphe tellement m\u00e9rit\u00e9e de ce livre), on croisera Eddy Merckx, Joseph Kessel, Vian, Amstrong et toutes celles et ceux que Danval raconte \u00e0 son jeune complice que l&rsquo;on devine, \u00e0 chaque instant, esbaudi d&rsquo;amicale admiration pour celui dont une photo nous montra qu&rsquo;il fut aussi com\u00e9dien sous la direction de G\u00e9rard Philippe, et aimait Happy Max et G\u00e9rard No\u00ebl&#8230;<\/p>\n\n\n\n<p>Nous avons \u00e9t\u00e9 \u00e0 la rencontre de l&rsquo;Epicurieux et de son confident-biographe&#8230;<\/p>\n\n\n\n<p><strong>Jean Jauniaux, le 18 mai 2022<\/strong><\/p>\n\n\n\n<figure class=\"wp-block-embed is-type-video is-provider-youtube wp-block-embed-youtube wp-embed-aspect-16-9 wp-has-aspect-ratio\"><div class=\"wp-block-embed__wrapper\">\n<iframe loading=\"lazy\" title=\"Rencontre avec Marc Danval et son biographe Micha\u00ebl Albas\" width=\"1170\" height=\"658\" src=\"https:\/\/www.youtube.com\/embed\/hX2vL33gK7Q?feature=oembed\" frameborder=\"0\" allow=\"accelerometer; autoplay; clipboard-write; encrypted-media; gyroscope; picture-in-picture\" allowfullscreen><\/iframe>\n<\/div><\/figure>\n","protected":false},"excerpt":{"rendered":"<p>Nous avions eu l&rsquo;occasion d&rsquo;interviewer Marc Danval \u00e0 l&rsquo;occasion de l&rsquo; \u00e9dition par les Editions Lamiroy d&rsquo;un recueil de po\u00e8mes&nbsp;[&hellip;]<\/p>\n","protected":false},"author":2,"featured_media":0,"comment_status":"closed","ping_status":"closed","sticky":false,"template":"","format":"standard","meta":{"footnotes":""},"categories":[1],"tags":[],"class_list":["post-4784","post","type-post","status-publish","format-standard","hentry","category-non-classe","post-item clearfix"],"_links":{"self":[{"href":"https:\/\/edmondmorrel.be\/index.php?rest_route=\/wp\/v2\/posts\/4784","targetHints":{"allow":["GET"]}}],"collection":[{"href":"https:\/\/edmondmorrel.be\/index.php?rest_route=\/wp\/v2\/posts"}],"about":[{"href":"https:\/\/edmondmorrel.be\/index.php?rest_route=\/wp\/v2\/types\/post"}],"author":[{"embeddable":true,"href":"https:\/\/edmondmorrel.be\/index.php?rest_route=\/wp\/v2\/users\/2"}],"replies":[{"embeddable":true,"href":"https:\/\/edmondmorrel.be\/index.php?rest_route=%2Fwp%2Fv2%2Fcomments&post=4784"}],"version-history":[{"count":2,"href":"https:\/\/edmondmorrel.be\/index.php?rest_route=\/wp\/v2\/posts\/4784\/revisions"}],"predecessor-version":[{"id":4788,"href":"https:\/\/edmondmorrel.be\/index.php?rest_route=\/wp\/v2\/posts\/4784\/revisions\/4788"}],"wp:attachment":[{"href":"https:\/\/edmondmorrel.be\/index.php?rest_route=%2Fwp%2Fv2%2Fmedia&parent=4784"}],"wp:term":[{"taxonomy":"category","embeddable":true,"href":"https:\/\/edmondmorrel.be\/index.php?rest_route=%2Fwp%2Fv2%2Fcategories&post=4784"},{"taxonomy":"post_tag","embeddable":true,"href":"https:\/\/edmondmorrel.be\/index.php?rest_route=%2Fwp%2Fv2%2Ftags&post=4784"}],"curies":[{"name":"wp","href":"https:\/\/api.w.org\/{rel}","templated":true}]}}