{"id":4764,"date":"2022-05-18T08:12:38","date_gmt":"2022-05-18T06:12:38","guid":{"rendered":"http:\/\/edmondmorrel.be\/?p=4764"},"modified":"2022-05-18T08:12:39","modified_gmt":"2022-05-18T06:12:39","slug":"colette-bitker-ecrire-dit-elle","status":"publish","type":"post","link":"https:\/\/edmondmorrel.be\/?p=4764","title":{"rendered":"Colette Bitker: \u00e9crire, dit-elle&#8230;"},"content":{"rendered":"\n<p><a href=\"https:\/\/edmondmorrel.be\/?p=4743\">Le documentaire qu\u2019<strong>Yvon Lammens<\/strong> consacre \u00e0 l\u2019\u0153uvre de Colette Bitker<\/a> nous a incit\u00e9 \u00e0 aller \u00e0 la rencontre de cette derni\u00e8re pour \u00e9voquer avec elle la dimension litt\u00e9raire de son travail. <\/p>\n\n\n\n<figure class=\"wp-block-image size-large\"><img loading=\"lazy\" decoding=\"async\" width=\"724\" height=\"494\" src=\"https:\/\/edmondmorrel.be\/wp-content\/uploads\/2022\/05\/Capture-decran-2022-05-18-a-08.04.07.png\" alt=\"\" class=\"wp-image-4781\" srcset=\"https:\/\/edmondmorrel.be\/wp-content\/uploads\/2022\/05\/Capture-decran-2022-05-18-a-08.04.07.png 724w, https:\/\/edmondmorrel.be\/wp-content\/uploads\/2022\/05\/Capture-decran-2022-05-18-a-08.04.07-300x205.png 300w, https:\/\/edmondmorrel.be\/wp-content\/uploads\/2022\/05\/Capture-decran-2022-05-18-a-08.04.07-200x136.png 200w, https:\/\/edmondmorrel.be\/wp-content\/uploads\/2022\/05\/Capture-decran-2022-05-18-a-08.04.07-690x471.png 690w\" sizes=\"auto, (max-width: 724px) 100vw, 724px\" \/><\/figure>\n\n\n\n<p>Avec <em>Une chemise blanche dans le Vercors<\/em> et <em>Lettre \u00e0 l\u2019autre<\/em>, entrela\u00e7ant peinture et \u00e9criture, <strong><a href=\"http:\/\/www.bitker.be\/\">Colette Bitker<\/a><\/strong> va r\u00e9aliser ce projet qui, incosciemment ou non, la hante depuis les premiers affrontements avec la formulation artistique\u00a0: \u00ab\u00a0Je r\u00eave d\u2019un livre\u00a0\u00bb<em>\u2026<\/em>ainsi ouvre-t-elle <em>Lettre \u00e0 l\u2019autre. <\/em>Elle poursuit\u00a0: (\u2026) \u00ab\u00a0pour moi, \u00e9crire et peindre c\u2019est lutter chaque jour contre la mort\u2026Mais c\u2019est aussi r\u00eaver\u00a0\u00bb. Un \u00e9cho venu d\u2019Elseneur, des tourments d\u2019Hamlet, semble envahir l\u2019artiste au moment de d\u00e9buter cette correspondance avec un interlocuteur qui ne sera jamais identifi\u00e9. <em>Seule je me parle et cela durera jusqu\u2019\u00e0 l\u2019\u00e9puisement<\/em> encha\u00eene-t-elle avant d\u2019inviter le lecteur \u00e0 entrer dans ce dialogue avec \u00ab\u00a0l\u2019autre\u00a0\u00bb, qu\u2019elle interpelle d\u2019un \u00ab\u00a0Monsieur\u00a0\u00bb, <em>bien d\u00e9cid\u00e9e \u00e0 m\u2019adresser \u00e0 cet ami absent (\u2026) c\u2019est aussi un chant que j\u2019adresse \u00e0 cet ami \u00ab\u00a0fant\u00f4me\u00a0\u00bb (\u2026)<\/em><\/p>\n\n\n\n<div class=\"wp-block-image\"><figure class=\"alignright size-large is-resized\"><img loading=\"lazy\" decoding=\"async\" src=\"https:\/\/edmondmorrel.be\/wp-content\/uploads\/2022\/05\/Capture-decran-2022-05-16-a-09.26.27.png\" alt=\"\" class=\"wp-image-4765\" width=\"253\" height=\"340\" srcset=\"https:\/\/edmondmorrel.be\/wp-content\/uploads\/2022\/05\/Capture-decran-2022-05-16-a-09.26.27.png 397w, https:\/\/edmondmorrel.be\/wp-content\/uploads\/2022\/05\/Capture-decran-2022-05-16-a-09.26.27-223x300.png 223w, https:\/\/edmondmorrel.be\/wp-content\/uploads\/2022\/05\/Capture-decran-2022-05-16-a-09.26.27-200x269.png 200w\" sizes=\"auto, (max-width: 253px) 100vw, 253px\" \/><\/figure><\/div>\n\n\n\n<p>Trois ans plus t\u00f4t, Bitker entre en litt\u00e9rature avec <em>Une chemise blanche dans le Vercors.<\/em> Dans ce r\u00e9cit, dont chaque \u00e9v\u00e9nement est \u00e9voqu\u00e9 par des fusains ou des aquarelles, Bitker interroge la m\u00e9moire de l\u2019enfant qu\u2019elle fut, en juin 1944, r\u00e9fugi\u00e9e dans le Vercors. Ce jour de juin 44 dont elle d\u00e9couvre, des d\u00e9cennies plus tard, qu\u2019il fut \u00e0 la naissance de sa vocation.<\/p>\n\n\n\n<p><\/p>\n\n\n\n<p><em>Sombre et noir\/fut le Vercors de\/la guerre\/et\/pourtant c\u2019est de lui\/qu\u2019est n\u00e9e la lumi\u00e8re\/dans mes tableaux\u2026\/ Je m\u2019interroge encore&nbsp;! <\/em>s\u2019exclame l\u2019artiste au terme de ce livre \u00e9mouvant qui transcende la mort, la guerre, l\u2019injustice\u2026mais y voit toujours <em>linceul et oc\u00e9an dans lequel on se perd m\u00e9lancolique et bris\u00e9.<\/em><\/p>\n\n\n\n<div class=\"wp-block-image\"><figure class=\"alignright size-large is-resized\"><img loading=\"lazy\" decoding=\"async\" src=\"https:\/\/edmondmorrel.be\/wp-content\/uploads\/2022\/05\/Capture-decran-2022-05-16-a-09.28.14-1.png\" alt=\"\" class=\"wp-image-4767\" width=\"167\" height=\"244\" srcset=\"https:\/\/edmondmorrel.be\/wp-content\/uploads\/2022\/05\/Capture-decran-2022-05-16-a-09.28.14-1.png 253w, https:\/\/edmondmorrel.be\/wp-content\/uploads\/2022\/05\/Capture-decran-2022-05-16-a-09.28.14-1-206x300.png 206w, https:\/\/edmondmorrel.be\/wp-content\/uploads\/2022\/05\/Capture-decran-2022-05-16-a-09.28.14-1-200x292.png 200w\" sizes=\"auto, (max-width: 167px) 100vw, 167px\" \/><\/figure><\/div>\n\n\n\n<p>Les deux livres de Colette Bitker sont publi\u00e9s chez <strong><a href=\"https:\/\/www.micheldemaule.com\/fr\/Accueil.htm\">Michel de Maule<\/a><\/strong>. Nous avons rencontr\u00e9 Colette Bitker dans son atelier bruxellois o\u00f9 elle a \u00e9voqu\u00e9, dans l&rsquo;incessant chantier de ses toiles et dessins, l&rsquo;entrelacement de la peinture et de l&rsquo;\u00e9criture.<\/p>\n\n\n\n<p><strong>Jean Jauniaux, le 17 mai 2022<\/strong><\/p>\n\n\n\n<p><strong><a href=\"https:\/\/soundcloud.com\/user-352723019\/colette-bitker-au-micro-de-jean-jauniaux?utm_source=clipboard&amp;utm_medium=text&amp;utm_campaign=social_sharing\">Ecoutez Colette Bitker sur SOUNDCLOUD<\/a><\/strong><\/p>\n\n\n\n<p><a href=\"https:\/\/soundcloud.com\/user-352723019\/colette-bitker-au-micro-de-jean-jauniaux?utm_source=clipboard&amp;utm_medium=text&amp;utm_campaign=social_sharing\">https:\/\/soundcloud.com\/user-352723019\/colette-bitker-au-micro-de-jean-jauniaux?utm_source=clipboard&amp;utm_medium=text&amp;utm_campaign=social_sharing<\/a><\/p>\n\n\n\n<figure class=\"wp-block-image size-large\"><img loading=\"lazy\" decoding=\"async\" width=\"1024\" height=\"574\" src=\"https:\/\/edmondmorrel.be\/wp-content\/uploads\/2022\/05\/Capture-decran-2022-05-18-a-08.05.58-1024x574.png\" alt=\"\" class=\"wp-image-4779\" srcset=\"https:\/\/edmondmorrel.be\/wp-content\/uploads\/2022\/05\/Capture-decran-2022-05-18-a-08.05.58-1024x574.png 1024w, https:\/\/edmondmorrel.be\/wp-content\/uploads\/2022\/05\/Capture-decran-2022-05-18-a-08.05.58-300x168.png 300w, https:\/\/edmondmorrel.be\/wp-content\/uploads\/2022\/05\/Capture-decran-2022-05-18-a-08.05.58-768x431.png 768w, https:\/\/edmondmorrel.be\/wp-content\/uploads\/2022\/05\/Capture-decran-2022-05-18-a-08.05.58-200x112.png 200w, https:\/\/edmondmorrel.be\/wp-content\/uploads\/2022\/05\/Capture-decran-2022-05-18-a-08.05.58-690x387.png 690w, https:\/\/edmondmorrel.be\/wp-content\/uploads\/2022\/05\/Capture-decran-2022-05-18-a-08.05.58.png 1277w\" sizes=\"auto, (max-width: 1024px) 100vw, 1024px\" \/><figcaption><sup>https:\/\/soundcloud.com\/user-352723019\/colette-bitker-au-micro-de-jean-jauniaux?utm_source=clipboard&amp;utm_medium=text&amp;utm_campaign=social_sharing <\/sup><\/figcaption><\/figure>\n\n\n\n<p><\/p>\n","protected":false},"excerpt":{"rendered":"<p>Le documentaire qu\u2019Yvon Lammens consacre \u00e0 l\u2019\u0153uvre de Colette Bitker nous a incit\u00e9 \u00e0 aller \u00e0 la rencontre de cette&nbsp;[&hellip;]<\/p>\n","protected":false},"author":2,"featured_media":0,"comment_status":"closed","ping_status":"closed","sticky":false,"template":"","format":"standard","meta":{"footnotes":""},"categories":[1],"tags":[],"class_list":["post-4764","post","type-post","status-publish","format-standard","hentry","category-non-classe","post-item clearfix"],"_links":{"self":[{"href":"https:\/\/edmondmorrel.be\/index.php?rest_route=\/wp\/v2\/posts\/4764","targetHints":{"allow":["GET"]}}],"collection":[{"href":"https:\/\/edmondmorrel.be\/index.php?rest_route=\/wp\/v2\/posts"}],"about":[{"href":"https:\/\/edmondmorrel.be\/index.php?rest_route=\/wp\/v2\/types\/post"}],"author":[{"embeddable":true,"href":"https:\/\/edmondmorrel.be\/index.php?rest_route=\/wp\/v2\/users\/2"}],"replies":[{"embeddable":true,"href":"https:\/\/edmondmorrel.be\/index.php?rest_route=%2Fwp%2Fv2%2Fcomments&post=4764"}],"version-history":[{"count":5,"href":"https:\/\/edmondmorrel.be\/index.php?rest_route=\/wp\/v2\/posts\/4764\/revisions"}],"predecessor-version":[{"id":4783,"href":"https:\/\/edmondmorrel.be\/index.php?rest_route=\/wp\/v2\/posts\/4764\/revisions\/4783"}],"wp:attachment":[{"href":"https:\/\/edmondmorrel.be\/index.php?rest_route=%2Fwp%2Fv2%2Fmedia&parent=4764"}],"wp:term":[{"taxonomy":"category","embeddable":true,"href":"https:\/\/edmondmorrel.be\/index.php?rest_route=%2Fwp%2Fv2%2Fcategories&post=4764"},{"taxonomy":"post_tag","embeddable":true,"href":"https:\/\/edmondmorrel.be\/index.php?rest_route=%2Fwp%2Fv2%2Ftags&post=4764"}],"curies":[{"name":"wp","href":"https:\/\/api.w.org\/{rel}","templated":true}]}}