{"id":4751,"date":"2022-05-09T09:33:29","date_gmt":"2022-05-09T07:33:29","guid":{"rendered":"http:\/\/edmondmorrel.be\/?p=4751"},"modified":"2022-05-09T09:33:30","modified_gmt":"2022-05-09T07:33:30","slug":"balades-dans-les-pas-du-poete-de-kate-millie-la-derniere-livraison-de-larticle-lamiroy-consacree-a-verhaeren","status":"publish","type":"post","link":"https:\/\/edmondmorrel.be\/?p=4751","title":{"rendered":"\u00ab\u00a0Balades dans les pas du po\u00e8te\u00a0\u00bb , de Kate Millie, la derni\u00e8re livraison de \u00ab\u00a0L&rsquo;article\u00a0\u00bb (Lamiroy) consacr\u00e9e \u00e0 Verhaeren"},"content":{"rendered":"\n<p>Sur le site des \u00e9ditions Lamiroy, la collection <em>L&rsquo;Article<\/em> s&rsquo;enrichit chaque mois d&rsquo;un texte court consacr\u00e9 \u00e0 un(e) auteur(e) ou un(e) artiste et abordant un aspect de sa vie ou de son oeuvre . <a href=\"https:\/\/lamiroy.net\/collections\/vitrine\/products\/larticle-20-emile-verhaeren\">Le dernier en date est sign\u00e9 Kate Milie.<\/a><\/p>\n\n\n\n<figure class=\"wp-block-image size-large\"><img loading=\"lazy\" decoding=\"async\" width=\"594\" height=\"348\" src=\"https:\/\/edmondmorrel.be\/wp-content\/uploads\/2022\/05\/Capture-decran-2022-05-09-a-08.47.43.png\" alt=\"\" class=\"wp-image-4752\" srcset=\"https:\/\/edmondmorrel.be\/wp-content\/uploads\/2022\/05\/Capture-decran-2022-05-09-a-08.47.43.png 594w, https:\/\/edmondmorrel.be\/wp-content\/uploads\/2022\/05\/Capture-decran-2022-05-09-a-08.47.43-300x176.png 300w, https:\/\/edmondmorrel.be\/wp-content\/uploads\/2022\/05\/Capture-decran-2022-05-09-a-08.47.43-200x117.png 200w\" sizes=\"auto, (max-width: 594px) 100vw, 594px\" \/><\/figure>\n\n\n\n<p>Le catalogue compte \u00e0 ce jour 20 titres consacr\u00e9s \u00e0 Stephen King, Jacques De Decker, Arno, Victor Hugo,Bernard Werber ,Camille Lemonnier, Jean-Patrick Manchette, Bob Marley, Julos Beaucarne ,Marguerite Duras ,Marc Levy ,Jean Ray , Jim Morrisson, Henri Vernes, \u00a0Emmanuelle Arsan,Eddy Mitchell , Arthur Conan Doyle , Pierre Rapsat, \u00c9mile Verhaeren &#8230;<\/p>\n\n\n\n<p>Les prochains titres sont un G. K. Chesterton confi\u00e9 \u00e0 jean-Baptiste Baronian et un  Marcel Proust auquel l&rsquo;\u00e9diteur Eric Lamiroy a choisi de se consacrer. La lecture du dernier livre, consacr\u00e9 \u00e0 Verhaeren, donne l&rsquo;occasion \u00e0 <em>L&rsquo;ivresse des Livres <\/em> de saluer cette occasion donn\u00e9e tant \u00e0 des auteurs qu&rsquo;\u00e0 des lecteurs de (re)d\u00e9couvrir en quelques pages l&rsquo;envie de retourner vers les oeuvres \u00e9voqu\u00e9es, vers la biographie des auteurs racont\u00e9s ou sur un moteur de recherche pour en conna\u00eetre davantage. <\/p>\n\n\n\n<div class=\"wp-block-image\"><figure class=\"alignright size-large is-resized\"><img loading=\"lazy\" decoding=\"async\" src=\"https:\/\/edmondmorrel.be\/wp-content\/uploads\/2022\/05\/Capture-decran-2022-05-09-a-09.28.43.png\" alt=\"\" class=\"wp-image-4753\" width=\"328\" height=\"473\" srcset=\"https:\/\/edmondmorrel.be\/wp-content\/uploads\/2022\/05\/Capture-decran-2022-05-09-a-09.28.43.png 445w, https:\/\/edmondmorrel.be\/wp-content\/uploads\/2022\/05\/Capture-decran-2022-05-09-a-09.28.43-208x300.png 208w, https:\/\/edmondmorrel.be\/wp-content\/uploads\/2022\/05\/Capture-decran-2022-05-09-a-09.28.43-200x289.png 200w\" sizes=\"auto, (max-width: 328px) 100vw, 328px\" \/><\/figure><\/div>\n\n\n\n<p>Kate Milie ne d\u00e9ment pas le titre qu&rsquo;elle a choisi pour son opus \u00ab\u00a0verhaerenien\u00a0\u00bb, aller dans les pas du po\u00e8te permet au lecteur de visiter Saint-Amand, Bornem, Bruxelles (Mus\u00e9e fin de si\u00e8cle notamment), \u00e0 Gand, Anvers, Saint-Cloud, Roisin (au Caillou-qui-bique), sur le front de l&rsquo;Yser, mais aussi sur les plages de Knokke, Blankenberghe, Westende&#8230; A chaque \u00e9tape, Kate Milie nous d\u00e9crit un moment de l&rsquo;oeuvre et de la vie du po\u00e8te, cite l&rsquo;un ou l&rsquo;autre fragment de ses recueils de cette po\u00e9sie \u00a0\u00bb magnifique. Musicale. Lyrique. Vibrante. Imag\u00e9e.\u00a0\u00bb, textes du po\u00e8te aux \u00ab\u00a0engagements vigoureux, intemporels (qui) ont secou\u00e9 plusieurs g\u00e9n\u00e9rations.\u00a0\u00bb<\/p>\n\n\n\n<p>Avec elle, nous d\u00e9plorons que Emile Verhaeren soit \u00ab\u00a0tomb\u00e9 dans un oubli presque abyssal\u00a0\u00bb. Il a pourtant \u00ab\u00a0beaucoup \u00e0 dire \u00e0 notre modernit\u00e9.\u00a0\u00bb<\/p>\n\n\n\n<p>Kate Milie est famili\u00e8re des balades litt\u00e9raires qu&rsquo;elle anime \u00e0 partir de ses romans. Pour \u00ab\u00a0L&rsquo;article\u00a0\u00bb elle ajoute \u00e0 la balade une dimension ludique et cr\u00e9ative en ouvrant \u00ab\u00a0dix pistes cr\u00e9atives, situ\u00e9es en fin de parcours, permettant aux lecteurs (de tout \u00e2ge) de s&rsquo;approprier l&rsquo;oeuvre de l&rsquo;\u00e9crivain \u00e0 travers des jeux d&rsquo;\u00e9criture, des dessins spontan\u00e9s et des collages\u00a0\u00bb <\/p>\n\n\n\n<p>Quelle belle mani\u00e8re d&rsquo;inviter \u00e0 ouvrir l&rsquo;un ou l&rsquo;autre des livres ou recueils de Verhaeren. <\/p>\n\n\n\n<p><strong>Jean Jauniaux, le 9 mai 2022<\/strong><\/p>\n\n\n\n<p>Un repentir&#8230;<\/p>\n\n\n\n<p>En deux occasions, dans les chapitres \u00ab\u00a0au Caillou Qui Bique\u00a0\u00bb et \u00ab\u00a0\u00e0 Saint Amand\u00a0\u00bb, <em>L&rsquo;article<\/em> de Kate Milie aurait pu \u00e9voquer la figure de Louis Pi\u00e9rard que le po\u00e8te des <em>Villes tentaculaires<\/em> encourageait de son amiti\u00e9 et de sa ferveur. C&rsquo;est Pi\u00e9rard qui organisa, apr\u00e8s la guerre, le site fun\u00e9raire du po\u00e8te \u00e0 Saint Amand, Pi\u00e9rard d\u00e9sesp\u00e9r\u00e9 d&rsquo;apprendre l&rsquo;accident mortel dont le po\u00e8te fut victime en gare de Rouen. Il \u00e9tait \u00e0 Londres lorsque la nouvelle lui parvint et \u00e9crivit dans \u00ab\u00a0La Belgique sous les armes\u00a0\u00bb (Perrin, 1917) ces lignes que le chagrin lui inspirait et que <em>L&rsquo;ivresse des Livres <\/em>ne r\u00e9siste pas \u00e0 copier ici : <\/p>\n\n\n\n<p><em>(&#8230;) je revois, l\u2019ami, le ma\u00eetre v\u00e9n\u00e9r\u00e9, le dos l\u00e9g\u00e8rement vo\u00fbt\u00e9, le poing droit bien serr\u00e9 appuyant sur la paume de gauche, les cheveux grisonnants, le m\u00e2le et clair visage et les yeux bleus qui r\u00eavent derri\u00e8re le lorgnon. J\u2019entends sa voix \u00e2pre et douce \u00e0 la fois, son bon rire d\u2019enfant \u00e0 peine contenu. Il conte, il s\u2019enthousiasme. C\u2019est l\u00e0-bas, au pays qui souffre et qui esp\u00e8re, en Hainaut, dans les bois, la petite maison, parmi les roses et les glycines. Voici la chambre\u00a0: aux murs les livres jaunes et les tableaux aux tons joyeux. C\u2019est l\u00e0 que je le vis pour la premi\u00e8re fois. De la fen\u00eatre on aper\u00e7oit le raidillon qui serpente parmi les hauts arbres de r\u00eave. Nous regardons silencieux le beau soir d\u2019or. Nous attendons le chevalier errant\u2026Nous \u00e9voquons dans la campagne immense, le po\u00e8te appuy\u00e9 sur le b\u00e2ton noueux et cape aux \u00e9paules. Il parle aux paysans familiers. Il montre des clochers, des arbres solitaires, un blanc calvaire au bout d\u2019un sentier sinueux. Il est le grand berger de l\u2019horizon, des bois roux, des labours violets, du ciel p\u00e2le o\u00f9 tremblottent les premi\u00e8res \u00e9toiles. Terre de France et de Belgique c\u2019est ici qu\u2019a r\u00eav\u00e9 ce Flamand au grand c\u0153ur. Je le revois encore dans une usine \u00e9norme; brusquement il se jette \u00e0 plat ventre pour voir le jeu d\u2019une machine. Je revois des mineurs l\u2019\u00e9coutant fascin\u00e9s<\/em> (&#8230;)  (Louis Pi\u00e9rard, <em>La Belgique sous les armes et sous la botte<\/em>, Librairie acad\u00e9mique Perrin,  Paris, 1917)<\/p>\n\n\n\n<p>Un prochain article? Pourquoi pas consacr\u00e9 \u00e0 Louis Pi\u00e9rard? <\/p>\n","protected":false},"excerpt":{"rendered":"<p>Sur le site des \u00e9ditions Lamiroy, la collection L&rsquo;Article s&rsquo;enrichit chaque mois d&rsquo;un texte court consacr\u00e9 \u00e0 un(e) auteur(e) ou&nbsp;[&hellip;]<\/p>\n","protected":false},"author":2,"featured_media":0,"comment_status":"closed","ping_status":"closed","sticky":false,"template":"","format":"standard","meta":{"footnotes":""},"categories":[1],"tags":[],"class_list":["post-4751","post","type-post","status-publish","format-standard","hentry","category-non-classe","post-item clearfix"],"_links":{"self":[{"href":"https:\/\/edmondmorrel.be\/index.php?rest_route=\/wp\/v2\/posts\/4751","targetHints":{"allow":["GET"]}}],"collection":[{"href":"https:\/\/edmondmorrel.be\/index.php?rest_route=\/wp\/v2\/posts"}],"about":[{"href":"https:\/\/edmondmorrel.be\/index.php?rest_route=\/wp\/v2\/types\/post"}],"author":[{"embeddable":true,"href":"https:\/\/edmondmorrel.be\/index.php?rest_route=\/wp\/v2\/users\/2"}],"replies":[{"embeddable":true,"href":"https:\/\/edmondmorrel.be\/index.php?rest_route=%2Fwp%2Fv2%2Fcomments&post=4751"}],"version-history":[{"count":1,"href":"https:\/\/edmondmorrel.be\/index.php?rest_route=\/wp\/v2\/posts\/4751\/revisions"}],"predecessor-version":[{"id":4754,"href":"https:\/\/edmondmorrel.be\/index.php?rest_route=\/wp\/v2\/posts\/4751\/revisions\/4754"}],"wp:attachment":[{"href":"https:\/\/edmondmorrel.be\/index.php?rest_route=%2Fwp%2Fv2%2Fmedia&parent=4751"}],"wp:term":[{"taxonomy":"category","embeddable":true,"href":"https:\/\/edmondmorrel.be\/index.php?rest_route=%2Fwp%2Fv2%2Fcategories&post=4751"},{"taxonomy":"post_tag","embeddable":true,"href":"https:\/\/edmondmorrel.be\/index.php?rest_route=%2Fwp%2Fv2%2Ftags&post=4751"}],"curies":[{"name":"wp","href":"https:\/\/api.w.org\/{rel}","templated":true}]}}