{"id":4578,"date":"2021-12-18T17:58:04","date_gmt":"2021-12-18T16:58:04","guid":{"rendered":"http:\/\/edmondmorrel.be\/?p=4578"},"modified":"2021-12-18T17:58:05","modified_gmt":"2021-12-18T16:58:05","slug":"lincroyable-histoire-de-la-geographie-une-bd-de-jean-robert-pitte-historien-benoist-simmat-scenariste-et-philippe-bercovici-dessinateur-aux-editions-arenes-bd","status":"publish","type":"post","link":"https:\/\/edmondmorrel.be\/?p=4578","title":{"rendered":"\u00ab\u00a0L&rsquo;incroyable histoire de la g\u00e9ographie\u00a0\u00bb, une BD de Jean Robert Pitte (historien), Benoist Simmat (sc\u00e9nariste) et Philippe Bercovici (dessinateur) aux Editions Ar\u00e8nes\/BD."},"content":{"rendered":"\n<figure class=\"wp-block-image size-large\"><img loading=\"lazy\" decoding=\"async\" width=\"393\" height=\"563\" src=\"https:\/\/edmondmorrel.be\/wp-content\/uploads\/2021\/12\/Capture-decran-2021-12-18-a-17.55.30-1.png\" alt=\"\" class=\"wp-image-4581\" srcset=\"https:\/\/edmondmorrel.be\/wp-content\/uploads\/2021\/12\/Capture-decran-2021-12-18-a-17.55.30-1.png 393w, https:\/\/edmondmorrel.be\/wp-content\/uploads\/2021\/12\/Capture-decran-2021-12-18-a-17.55.30-1-209x300.png 209w, https:\/\/edmondmorrel.be\/wp-content\/uploads\/2021\/12\/Capture-decran-2021-12-18-a-17.55.30-1-200x287.png 200w\" sizes=\"auto, (max-width: 393px) 100vw, 393px\" \/><\/figure>\n\n\n\n<p>Le dernier album paru dans cette indispensable collection des \u00ab\u00a0Incroyables histoires de&#8230;\u00a0\u00bb, r\u00e9unit tous les ingr\u00e9dients qui font le succ\u00e8s et la qualit\u00e9 de la s\u00e9rie. Une information rigoureusement \u00e9tablie par les meilleurs sp\u00e9cialistes (ici, l&rsquo;historien Jean-Robert Pitte), une sc\u00e9narisation efficace pour rendre l&rsquo;\u00e9rudition scientifique accessible (Benoist Simmat) et une apprise humoristique d\u00e9cal\u00e9e pour le dessin (Bercovici).<\/p>\n\n\n\n<p>Nous avons rencontr\u00e9 l&rsquo;historien et le dessinateur. Ils nous racontent comment ils ont abord\u00e9 ce sujet passionnant qu&rsquo;est l&rsquo;entrelacement de l&rsquo;histoire et de la g\u00e9ographie, mais aussi l&rsquo;histoire de cette science dont on c\u00e9l\u00e8bre le bicentenaire de la premi\u00e8re \u00ab\u00a0Soci\u00e9t\u00e9 de g\u00e9ographie\u00a0\u00bb.<\/p>\n\n\n\n<p><strong>Jean Jauniaux , le 18 d\u00e9cembre 2021<\/strong><\/p>\n\n\n\n<p><strong><a href=\"https:\/\/youtu.be\/zA4Bg4zX_UE\">Ecouter l&rsquo;interview de Jean-Robert Pitte :<\/a><\/strong><\/p>\n\n\n\n<figure class=\"wp-block-embed is-type-video is-provider-youtube wp-block-embed-youtube wp-embed-aspect-16-9 wp-has-aspect-ratio\"><div class=\"wp-block-embed__wrapper\">\n<iframe loading=\"lazy\" title=\"Jean-Robert Pitte \u00e9voque &quot;L&#039;incroyable histoire de la g\u00e9ographie&quot; paru aux Ar\u00e8nes\/BD\" width=\"1170\" height=\"658\" src=\"https:\/\/www.youtube.com\/embed\/zA4Bg4zX_UE?feature=oembed\" frameborder=\"0\" allow=\"accelerometer; autoplay; clipboard-write; encrypted-media; gyroscope; picture-in-picture\" allowfullscreen><\/iframe>\n<\/div><\/figure>\n\n\n\n<p><strong><a href=\"https:\/\/youtu.be\/6ZfT0VZgKV0\">Ecouter l&rsquo;interview de Philippe Bercovici:<\/a><\/strong><\/p>\n\n\n\n<figure class=\"wp-block-embed is-type-video is-provider-youtube wp-block-embed-youtube wp-embed-aspect-16-9 wp-has-aspect-ratio\"><div class=\"wp-block-embed__wrapper\">\n<iframe loading=\"lazy\" title=\"Philippe Bercovici \u00e9voque &quot;L&#039;histoire incroyable de la g\u00e9ographie&quot; aux Editions Les Ar\u00e8nes BD.\" width=\"1170\" height=\"658\" src=\"https:\/\/www.youtube.com\/embed\/6ZfT0VZgKV0?feature=oembed\" frameborder=\"0\" allow=\"accelerometer; autoplay; clipboard-write; encrypted-media; gyroscope; picture-in-picture\" allowfullscreen><\/iframe>\n<\/div><\/figure>\n\n\n\n<p><\/p>\n\n\n\n<p><strong><a href=\"https:\/\/www.arenes.fr\/livre\/lincroyable-histoire-de-la-geographie\/\">Sur le site de l&rsquo;\u00e9diteur:<\/a><\/strong><\/p>\n\n\n\n<p>Saviez-vous que Napol\u00e9on, lors de la campagne d\u2019\u00c9gypte, a embarqu\u00e9 avec lui 167 savants&nbsp;charg\u00e9s d\u2019\u00e9tudier le pays ? Que c\u2019est un Fran\u00e7ais, Ren\u00e9 Cailli\u00e9, qui a \u00e9t\u00e9 le premier Occidental&nbsp;\u00e0 atteindre la ville de Tombouctou et \u00e0 en faire la description ? Que le l\u00e9gendaire Brazza,&nbsp;en parcourant 1 500 kilom\u00e8tres dans l\u2019imp\u00e9n\u00e9trable for\u00eat congolaise, a d\u00e9frich\u00e9 le futur&nbsp;empire colonial fran\u00e7ais ? Ou que, au XIX<sup>e<\/sup>&nbsp;si\u00e8cle, une femme, Alexandra David-N\u00e9el,&nbsp;a r\u00e9ussi \u00e0 atteindre la cit\u00e9 interdite de Lhassa ?<\/p>\n\n\n\n<p>Si vous pensez que la g\u00e9ographie n\u2019est qu\u2019une mati\u00e8re scolaire ennuyeuse, vous vous trompez.&nbsp;La connaissance de la Terre s\u2019est faite \u00e0 partir d\u2019histoires rocambolesques, d\u2019aventures&nbsp;incroyables, d\u2019explorations p\u00e9rilleuses\u2026 Les aventuriers ont sillonn\u00e9 le monde entier,&nbsp;parfois au p\u00e9ril de leur vie.<\/p>\n\n\n\n<p>Passion des princes et des savants, ou des voyageurs qui r\u00eavaient de terres encore inconnues,&nbsp;c\u2019est apr\u00e8s la R\u00e9volution, avec la fondation de la Soci\u00e9t\u00e9 de G\u00e9ographie en 1821,&nbsp;que cette discipline ambitionne de devenir une science \u00e0 part enti\u00e8re. Le XIX<sup>e<\/sup>&nbsp;si\u00e8cle voit&nbsp;aussi s\u2019affronter les grandes puissances europ\u00e9ennes, autant pour le savoir que&nbsp;pour la conqu\u00eate coloniale.<\/p>\n\n\n\n<p><strong>L\u2019Incroyable Histoire de la g\u00e9ographie est le r\u00e9cit \u00e9tonnant des grands \u00e9v\u00e9nements&nbsp;qui ont construit cette science, alors m\u00eame que la Soci\u00e9t\u00e9 de G\u00e9ographie&nbsp;c\u00e9l\u00e8bre son bicentenaire.<\/strong><\/p>\n\n\n\n<p>Une co\u00e9dition avec la Soci\u00e9t\u00e9 de G\u00e9ographie.<\/p>\n","protected":false},"excerpt":{"rendered":"<p>Le dernier album paru dans cette indispensable collection des \u00ab\u00a0Incroyables histoires de&#8230;\u00a0\u00bb, r\u00e9unit tous les ingr\u00e9dients qui font le succ\u00e8s&nbsp;[&hellip;]<\/p>\n","protected":false},"author":2,"featured_media":0,"comment_status":"closed","ping_status":"closed","sticky":false,"template":"","format":"standard","meta":{"footnotes":""},"categories":[7,8],"tags":[],"class_list":["post-4578","post","type-post","status-publish","format-standard","hentry","category-bd","category-essais","post-item clearfix"],"_links":{"self":[{"href":"https:\/\/edmondmorrel.be\/index.php?rest_route=\/wp\/v2\/posts\/4578","targetHints":{"allow":["GET"]}}],"collection":[{"href":"https:\/\/edmondmorrel.be\/index.php?rest_route=\/wp\/v2\/posts"}],"about":[{"href":"https:\/\/edmondmorrel.be\/index.php?rest_route=\/wp\/v2\/types\/post"}],"author":[{"embeddable":true,"href":"https:\/\/edmondmorrel.be\/index.php?rest_route=\/wp\/v2\/users\/2"}],"replies":[{"embeddable":true,"href":"https:\/\/edmondmorrel.be\/index.php?rest_route=%2Fwp%2Fv2%2Fcomments&post=4578"}],"version-history":[{"count":2,"href":"https:\/\/edmondmorrel.be\/index.php?rest_route=\/wp\/v2\/posts\/4578\/revisions"}],"predecessor-version":[{"id":4582,"href":"https:\/\/edmondmorrel.be\/index.php?rest_route=\/wp\/v2\/posts\/4578\/revisions\/4582"}],"wp:attachment":[{"href":"https:\/\/edmondmorrel.be\/index.php?rest_route=%2Fwp%2Fv2%2Fmedia&parent=4578"}],"wp:term":[{"taxonomy":"category","embeddable":true,"href":"https:\/\/edmondmorrel.be\/index.php?rest_route=%2Fwp%2Fv2%2Fcategories&post=4578"},{"taxonomy":"post_tag","embeddable":true,"href":"https:\/\/edmondmorrel.be\/index.php?rest_route=%2Fwp%2Fv2%2Ftags&post=4578"}],"curies":[{"name":"wp","href":"https:\/\/api.w.org\/{rel}","templated":true}]}}