{"id":4507,"date":"2021-11-13T11:12:10","date_gmt":"2021-11-13T10:12:10","guid":{"rendered":"http:\/\/edmondmorrel.be\/?p=4507"},"modified":"2021-11-14T10:55:01","modified_gmt":"2021-11-14T09:55:01","slug":"le-centenaire-des-bibliotheques-publiques-en-belgique-la-loi-destree-de-1921-evoquee-dans-un-colloque-ce-lundi-6-decembre-a-lhotel-de-ville-de-bruxelles","status":"publish","type":"post","link":"https:\/\/edmondmorrel.be\/?p=4507","title":{"rendered":"Le centenaire des biblioth\u00e8ques publiques en Belgique: la \u00ab\u00a0loi Destr\u00e9e de 1921\u00a0\u00bb \u00e9voqu\u00e9e dans un colloque ce lundi 6 d\u00e9cembre \u00e0 l&rsquo;H\u00f4tel de Ville de Bruxelles."},"content":{"rendered":"\n<p>Ce lundi 6 d\u00e9cembre 2021 de 10h \u00e0 13h \u00e0 l&rsquo;H\u00f4tel de Ville de Bruxelles sont \u00e9voqu\u00e9s les cent ans des biblioth\u00e8ques publiques, \u00e0 travers les  <em>Regards crois\u00e9s entre pass\u00e9 et avenir, r\u00e9alisation et nouveaux enjeux<\/em> , le titre de ce colloque c\u00e9l\u00e9brant la Loi Destr\u00e9e. <\/p>\n\n\n\n<p>En introduction, le th\u00e8me <em> Des biblioth\u00e8ques au service de l\u2019\u00e9mancipation <\/em>sera pr\u00e9sent\u00e9 par<strong> Faouzia Hariche<\/strong>  (Echevine de l\u2019Instruction publique, de la Jeunesse et des Ressources humaines de la Ville de Bruxelles). Suivront cinq interventions qui nourriront de leur analyse de ce qui &#8211; avec la cr\u00e9ation de l&rsquo;<a href=\"https:\/\/www.arllfb.be\/\">Acad\u00e9mie royale de langue et litt\u00e9rature fran\u00e7aises de Belgique<\/a> (la m\u00eame ann\u00e9e, 1921) et la cr\u00e9ation par <strong><a href=\"http:\/\/www.mundaneum.org\/nl\/conferences\/louis-pierard-un-destin-hors-normes-college-belgique\">Louis Pi\u00e9rard<\/a><\/strong> du <a href=\"http:\/\/www.penclubbelgique.be\">PEN Club Belgique <\/a>(1922)- d\u00e9montre l&rsquo;\u00e9nergie et la volont\u00e9 des politiques de l&rsquo;apr\u00e8s-guerre 14-18 d&rsquo;ouvrir l&rsquo;acc\u00e8s pour tous \u00e0 l&rsquo;\u00e9mancipation par la culture et de prot\u00e9ger celle-ci envers et contre tout. (Jean Jauniaux, le 13 novembre 2021)<\/p>\n\n\n\n<ul class=\"wp-block-list\"><li><strong><em>Avant la loi Destr\u00e9e<\/em><\/strong> : Les biblioth\u00e8ques populaires de la Ville de Bruxelles par <strong>Bruno Liesen<\/strong> , Collaborateur scientifique de la SociAMM (Histoire, arts, cultures des soci\u00e9t\u00e9s anciennes, m\u00e9di\u00e9vales et modernes), Universit\u00e9 Libre de Bruxelles<\/li><li><strong><em>Jules Destr\u00e9e et le contexte de l&rsquo;\u00e9poque<\/em><\/strong> par<strong> Jean Houssiau<\/strong> , Historien au D\u00e9partement de l\u2019Instruction publique de la Ville de Bruxelles<\/li><li><strong><em>Les Heures Joyeuses de Bruxelles, le fruit d\u2019une longue lutte sociale et f\u00e9ministe<\/em><\/strong> par <strong>Monique Dohet-Malfait<\/strong> , Conseill\u00e8re scientifique du Centre de Litt\u00e9rature de Jeunesse de Bruxelles<\/li><li><strong><em>L&rsquo;\u00e9volution des biblioth\u00e8ques publiques en Communaut\u00e9 fran\u00e7aise depuis 1921 <\/em><\/strong>par <strong>Jean-Fran\u00e7ois F\u00fceg<\/strong> , Directeur g\u00e9n\u00e9ral adjoint du Service de l\u2019Action territoriale, F\u00e9d\u00e9ration Wallonie-Bruxelles, Minist\u00e8re de la Communaut\u00e9 fran\u00e7aise<\/li><li> <strong><em>Quel avenir pour nos biblioth\u00e8ques ? <\/em><\/strong>par <strong>Emilie Dupont<\/strong>, Directrice g\u00e9n\u00e9rale du D\u00e9partement de l\u2019Instruction publique de la Ville de Bruxelles<\/li><\/ul>\n\n\n\n<p>Rendez-vous \u00e0 l&rsquo;H\u00f4tel de Ville de Bruxelles ce 6 d\u00e9cembre de 10h \u00e0 13h. <\/p>\n\n\n\n<p>Renseignements et r\u00e9servations&nbsp;: <strong><a href=\"http:\/\/www.brunette.brucity.be\/bib\/bibp1\/index.htm\">Biblioth\u00e8que des Riches Claires<\/a><\/strong> t\u00e9l. 02\/548.26.10 ou <a href=\"mailto:bp1@brucity.education\">bp1@brucity.education<\/a><\/p>\n\n\n\n<p class=\"has-text-align-center\"><strong><span class=\"has-inline-color has-vivid-red-color\">ENTREE LIBRE<\/span><\/strong><\/p>\n\n\n\n<p><span class=\"has-inline-color has-vivid-red-color\"><em>Cet \u00e9v\u00e8nement est soumis au COVID SAFE TICKET. Pour pouvoir y participer, vous devez pr\u00e9senter \u00e0 l\u2019entr\u00e9e :1\/ Votre carte d\u2019identit\u00e9 ET<\/em> <em>2\/ Votre Covid Safe ticket* reprenant l\u2019un de ces \u00e9l\u00e9ments :<\/em> \uf0b7\uf020<em>Un certificat de vaccination<\/em> \uf0b7\uf020<em>Un certificat de r\u00e9tablissement <\/em>\uf0b7\uf020<em>Un certificat de test PCR <\/em> \uf0b7\uf020<em>Un certificat de test antig\u00e9nique rapide<\/em><\/span><\/p>\n","protected":false},"excerpt":{"rendered":"<p>Ce lundi 6 d\u00e9cembre 2021 de 10h \u00e0 13h \u00e0 l&rsquo;H\u00f4tel de Ville de Bruxelles sont \u00e9voqu\u00e9s les cent ans&nbsp;[&hellip;]<\/p>\n","protected":false},"author":2,"featured_media":0,"comment_status":"closed","ping_status":"closed","sticky":false,"template":"","format":"standard","meta":{"footnotes":""},"categories":[1],"tags":[],"class_list":["post-4507","post","type-post","status-publish","format-standard","hentry","category-non-classe","post-item clearfix"],"_links":{"self":[{"href":"https:\/\/edmondmorrel.be\/index.php?rest_route=\/wp\/v2\/posts\/4507","targetHints":{"allow":["GET"]}}],"collection":[{"href":"https:\/\/edmondmorrel.be\/index.php?rest_route=\/wp\/v2\/posts"}],"about":[{"href":"https:\/\/edmondmorrel.be\/index.php?rest_route=\/wp\/v2\/types\/post"}],"author":[{"embeddable":true,"href":"https:\/\/edmondmorrel.be\/index.php?rest_route=\/wp\/v2\/users\/2"}],"replies":[{"embeddable":true,"href":"https:\/\/edmondmorrel.be\/index.php?rest_route=%2Fwp%2Fv2%2Fcomments&post=4507"}],"version-history":[{"count":2,"href":"https:\/\/edmondmorrel.be\/index.php?rest_route=\/wp\/v2\/posts\/4507\/revisions"}],"predecessor-version":[{"id":4513,"href":"https:\/\/edmondmorrel.be\/index.php?rest_route=\/wp\/v2\/posts\/4507\/revisions\/4513"}],"wp:attachment":[{"href":"https:\/\/edmondmorrel.be\/index.php?rest_route=%2Fwp%2Fv2%2Fmedia&parent=4507"}],"wp:term":[{"taxonomy":"category","embeddable":true,"href":"https:\/\/edmondmorrel.be\/index.php?rest_route=%2Fwp%2Fv2%2Fcategories&post=4507"},{"taxonomy":"post_tag","embeddable":true,"href":"https:\/\/edmondmorrel.be\/index.php?rest_route=%2Fwp%2Fv2%2Ftags&post=4507"}],"curies":[{"name":"wp","href":"https:\/\/api.w.org\/{rel}","templated":true}]}}