{"id":4398,"date":"2021-06-27T07:42:50","date_gmt":"2021-06-27T05:42:50","guid":{"rendered":"http:\/\/edmondmorrel.be\/?p=4398"},"modified":"2021-06-27T07:42:51","modified_gmt":"2021-06-27T05:42:51","slug":"les-matins-philo-onzieme-saison-rencontre-avec-la-fondatrice-amelie-doultremont","status":"publish","type":"post","link":"https:\/\/edmondmorrel.be\/?p=4398","title":{"rendered":"\u00ab\u00a0Les matins philo\u00a0\u00bb : onzi\u00e8me saison! Rencontre avec la fondatrice, Am\u00e9lie d&rsquo;Oultremont."},"content":{"rendered":"\n<p>Les \u00ab\u00a0matins philo\u00a0\u00bb vont entamer leur onzi\u00e8me saison au th\u00e9\u00e2tre du Vaudeville \u00e0 Bruxelles. C&rsquo;est l&rsquo;occasion d&rsquo;\u00e9voquer avec leur fondatrice Am\u00e9lie d&rsquo;Oultremont la gen\u00e8se de cette initiative , mais aussi la place qu&rsquo;elle occupe dans le paysage intellectuel au moment o\u00f9 nous sortons de la pand\u00e9mie. <\/p>\n\n\n\n<figure class=\"wp-block-image size-large\"><img loading=\"lazy\" decoding=\"async\" width=\"1024\" height=\"666\" src=\"https:\/\/edmondmorrel.be\/wp-content\/uploads\/2021\/06\/Capture-decran-2021-06-27-a-06.57.12-1024x666.png\" alt=\"\" class=\"wp-image-4400\" srcset=\"https:\/\/edmondmorrel.be\/wp-content\/uploads\/2021\/06\/Capture-decran-2021-06-27-a-06.57.12-1024x666.png 1024w, https:\/\/edmondmorrel.be\/wp-content\/uploads\/2021\/06\/Capture-decran-2021-06-27-a-06.57.12-300x195.png 300w, https:\/\/edmondmorrel.be\/wp-content\/uploads\/2021\/06\/Capture-decran-2021-06-27-a-06.57.12-768x499.png 768w, https:\/\/edmondmorrel.be\/wp-content\/uploads\/2021\/06\/Capture-decran-2021-06-27-a-06.57.12-200x130.png 200w, https:\/\/edmondmorrel.be\/wp-content\/uploads\/2021\/06\/Capture-decran-2021-06-27-a-06.57.12-690x449.png 690w, https:\/\/edmondmorrel.be\/wp-content\/uploads\/2021\/06\/Capture-decran-2021-06-27-a-06.57.12-1320x858.png 1320w, https:\/\/edmondmorrel.be\/wp-content\/uploads\/2021\/06\/Capture-decran-2021-06-27-a-06.57.12.png 1432w\" sizes=\"auto, (max-width: 1024px) 100vw, 1024px\" \/><\/figure>\n\n\n\n<p>Vous retrouverez <a href=\"https:\/\/lesmatinsphi.be\/les-orateurs-2\/\">sur le site des \u00ab\u00a0Matins philo\u00a0\u00bb<\/a> les philosophes et le th\u00e8me qu&rsquo;elles\/ils vont aborder. <\/p>\n\n\n\n<p><strong>Jean Jauniaux, le 27 juin 2021<\/strong><\/p>\n\n\n\n<figure class=\"wp-block-embed is-type-video is-provider-youtube wp-block-embed-youtube wp-embed-aspect-16-9 wp-has-aspect-ratio\"><div class=\"wp-block-embed__wrapper\">\n<iframe loading=\"lazy\" title=\"Am\u00e9lie d&#039;Oultremont \u00e9voque la nouvelle saison des &quot;Matins philo&quot; qu&#039;elle a cr\u00e9\u00e9s il y a dix ans!\" width=\"1170\" height=\"658\" src=\"https:\/\/www.youtube.com\/embed\/ktvuI8vXaiU?feature=oembed\" frameborder=\"0\" allow=\"accelerometer; autoplay; clipboard-write; encrypted-media; gyroscope; picture-in-picture\" allowfullscreen><\/iframe>\n<\/div><\/figure>\n\n\n\n<p><strong><a href=\"https:\/\/lesmatinsphi.be\/programme\/\">Sur le site des \u00ab\u00a0Matins philo\u00a0\u00bb<\/a><\/strong>: <\/p>\n\n\n\n<p>L\u2019ASBL PHILO.BE propose \u00e0 Bruxelles des cycles de conf\u00e9rences philosophiques in\u00e9dites \u00e0 Bruxelles.<\/p>\n\n\n\n<p><strong>La Saison 11<\/strong> d\u00e9butera le 28 septembre 2021. Elle sera accessible au Th\u00e9\u00e2tre du Vaudeville tous les mardis matin ou \u00e0 distance gr\u00e2ce aux podcasts disponibles apr\u00e8s chaque conf\u00e9rence . Toutes les mesures de protection et de distanciation prescrites par la situation sanitaire seront bien entendu mises en places dans l\u2019enceinte du Th\u00e9\u00e2tre.<\/p>\n\n\n\n<p><strong>Historique<\/strong>&nbsp;: Il y a 10 ans, en 2011,&nbsp; l\u2019ASBL PHILO.be a cr\u00e9\u00e9 des \u00ab Cycles de conf\u00e9rences de philosophie \u00bb \u00e0 Bruxelles, h\u00e9berg\u00e9s au Th\u00e9\u00e2tre du Vaudeville. Ces cycles ont successivement eu pour appellation : Les Mardis de la Philo.be et Les MardisPhilo.be. A partir de Juillet 2019 ils sont connus sous le nom : Les Matins Philo.<\/p>\n\n\n\n<p><strong>Pourquoi ? <\/strong>Notre objectif est de chercher \u00e0 mieux comprendre le monde o\u00f9 nous vivons, en suscitant le plaisir de d\u00e9ranger nos certitudes et la jubilation de r\u00e9fl\u00e9chir autrement. Nous invitons d\u2019\u00e9minents philosophes, belges pour la plupart, dont la parole claire et vivante aide \u00e0 penser. Le programme se r\u00e9f\u00e8re bien s\u00fbr \u00e0 la tradition philosophique mais touche aussi, sans cesse, aux diff\u00e9rents aspects de notre vie quotidienne.<\/p>\n\n\n\n<p><strong>Pour qui ? <\/strong>C\u2019est \u00e0 un public large et divers que nous souhaitons offrir&nbsp; une occasion joyeuse et stimulante de r\u00e9fl\u00e9chir. Aucune formation philosophique pr\u00e9alable n\u2019est requise, mais seulement un esprit ouvert et curieux. La sp\u00e9cificit\u00e9 du projet est que chaque orateur d\u00e9veloppe son th\u00e8me en six conf\u00e9rences ; ses auditeurs sont ainsi invit\u00e9s \u00e0 progresser avec lui dans l\u2019approfondissement de son sujet.<\/p>\n\n\n\n<p><strong>Par qui ? <\/strong>Le projet est une initiative de l\u2019ASBL PHILO.BE (Annexes du Moniteur belge, 27 mai 2011). Cette ASBL rassemble quelques amis belges et fran\u00e7ais r\u00e9unis par un int\u00e9r\u00eat commun pour la philosophie \u2013 la philosophie pour le plaisir, tout simplement- et par le souhait de partager cet int\u00e9r\u00eat aussi largement que possible. Ils sont tous b\u00e9n\u00e9voles et sont aid\u00e9s par un employ\u00e9 \u00e0 mi-temps.<\/p>\n\n\n\n<p>L\u2019ASBL est libre de toute attache confessionnelle ou politique : le choix des orateurs est r\u00e9solument pluraliste (voir onglet \u00ab Programme \u00bb), ils sont issus principalement des Universit\u00e9s et Ecoles sup\u00e9rieures Belges.<\/p>\n\n\n\n<p><strong>En pratique : <\/strong>L\u2019ASBL PHILO.BE propose \u00e0 Bruxelles 24 matin\u00e9es de conf\u00e9rences \u2013 8 cycles de 6 conf\u00e9rences th\u00e9matiques \u2013 qui se donnent g\u00e9n\u00e9ralement&nbsp; les mardis matins au Th\u00e9\u00e2tre du Vaudeville (dans les Galeries Royales Saint-Hubert), \u00e0 raison de 2 conf\u00e9rences par matin\u00e9e, de 10h \u00e0 13h. &nbsp;<\/p>\n\n\n\n<p>Ces cycles de conf\u00e9rences sont propos\u00e9s sous l\u2019appellation des Matins Philo.<\/p>\n\n\n\n<p>La Saison 11 commence le mardi 28 septembre 2021 et s\u2019ach\u00e8ve le mardi 29 mars 2022.<\/p>\n\n\n\n<p><strong>Nouveaut\u00e9s ! <\/strong>La r\u00e9cente pand\u00e9mie a nourri notre r\u00e9flexion et nous a d\u00e9cid\u00e9 \u00e0 vous offrir de nouvelles possibilit\u00e9s. Et cela sans augmenter les tarifs qui ont plut\u00f4t baisser \u00e0 partir de 2020 ! A partir de la Saison prochaine, vous pourrez aussi, gr\u00e2ce \u00e0 un syst\u00e8me de vid\u00e9o conf\u00e9rence, assister aux conf\u00e9rences \u00e0 distance chez vous ou ailleurs ! Votre abonnement aux cycle de conf\u00e9rences vous permettra donc de choisir d\u2019\u00eatre pr\u00e9sent au Th\u00e9\u00e2tre du Vaudeville ou de rester chez vous\u2026 vous recevrez le lien pour obtenir le podcast apr\u00e8s chaque conf\u00e9rence ce qui permettra de l\u2019\u00e9couter \u00e0 votre meilleure convenance !<\/p>\n\n\n\n<p>Am\u00e9lie d\u2019Oultremont<\/p>\n\n\n\n<p>Patrice Crouan<\/p>\n\n\n\n<p>Frank Pierobon<\/p>\n\n\n\n<p>Luc de Voghel<\/p>\n\n\n\n<p>Patrice d\u2019Oultremont<\/p>\n\n\n\n<p><\/p>\n","protected":false},"excerpt":{"rendered":"<p>Les \u00ab\u00a0matins philo\u00a0\u00bb vont entamer leur onzi\u00e8me saison au th\u00e9\u00e2tre du Vaudeville \u00e0 Bruxelles. C&rsquo;est l&rsquo;occasion d&rsquo;\u00e9voquer avec leur fondatrice&nbsp;[&hellip;]<\/p>\n","protected":false},"author":2,"featured_media":4401,"comment_status":"closed","ping_status":"closed","sticky":false,"template":"","format":"standard","meta":{"footnotes":""},"categories":[9,8],"tags":[],"class_list":["post-4398","post","type-post","status-publish","format-standard","has-post-thumbnail","hentry","category-entre-les-lignes","category-essais","post-item clearfix"],"_links":{"self":[{"href":"https:\/\/edmondmorrel.be\/index.php?rest_route=\/wp\/v2\/posts\/4398","targetHints":{"allow":["GET"]}}],"collection":[{"href":"https:\/\/edmondmorrel.be\/index.php?rest_route=\/wp\/v2\/posts"}],"about":[{"href":"https:\/\/edmondmorrel.be\/index.php?rest_route=\/wp\/v2\/types\/post"}],"author":[{"embeddable":true,"href":"https:\/\/edmondmorrel.be\/index.php?rest_route=\/wp\/v2\/users\/2"}],"replies":[{"embeddable":true,"href":"https:\/\/edmondmorrel.be\/index.php?rest_route=%2Fwp%2Fv2%2Fcomments&post=4398"}],"version-history":[{"count":3,"href":"https:\/\/edmondmorrel.be\/index.php?rest_route=\/wp\/v2\/posts\/4398\/revisions"}],"predecessor-version":[{"id":4403,"href":"https:\/\/edmondmorrel.be\/index.php?rest_route=\/wp\/v2\/posts\/4398\/revisions\/4403"}],"wp:featuredmedia":[{"embeddable":true,"href":"https:\/\/edmondmorrel.be\/index.php?rest_route=\/wp\/v2\/media\/4401"}],"wp:attachment":[{"href":"https:\/\/edmondmorrel.be\/index.php?rest_route=%2Fwp%2Fv2%2Fmedia&parent=4398"}],"wp:term":[{"taxonomy":"category","embeddable":true,"href":"https:\/\/edmondmorrel.be\/index.php?rest_route=%2Fwp%2Fv2%2Fcategories&post=4398"},{"taxonomy":"post_tag","embeddable":true,"href":"https:\/\/edmondmorrel.be\/index.php?rest_route=%2Fwp%2Fv2%2Ftags&post=4398"}],"curies":[{"name":"wp","href":"https:\/\/api.w.org\/{rel}","templated":true}]}}