{"id":4368,"date":"2021-06-13T10:45:09","date_gmt":"2021-06-13T08:45:09","guid":{"rendered":"http:\/\/edmondmorrel.be\/?p=4368"},"modified":"2021-06-13T10:45:10","modified_gmt":"2021-06-13T08:45:10","slug":"a-la-maison-cfc-bruxellesune-rencontre-avec-sophie-benech-le-19-juin","status":"publish","type":"post","link":"https:\/\/edmondmorrel.be\/?p=4368","title":{"rendered":"A la maison CFC (Bruxelles)une rencontre avec Sophie Benech le 19 juin&#8230;"},"content":{"rendered":"\n<p>Une fois n&rsquo;est pas coutume, \u00ab\u00a0L&rsquo;ivresse des livres\u00a0\u00bb devient un agenda de rencontres litt\u00e9raires. L&rsquo;occasion nous en est donn\u00e9e avec l&rsquo;annonce de cette rencontre exceptionnelle, programm\u00e9e \u00e0 la Librairie CFC \u00e0 Bruxelles , le 19 juin prochain \u00e0 midi, <strong>rencontre avec la traductrice et essayiste Sophie Benech, anim\u00e9e par Aude Merlin et Fran\u00e7oise Nice.<\/strong> Elles s&rsquo;entretiendront du livre de Lydia Tchoukovska\u00efa <em>Entretiens avec Anna Akhmatova<\/em> paru aux <strong><a href=\"https:\/\/www.lebruitdutemps.fr\/boutique\/produit\/entretiens-avec-anna-akhmatova-tchoukovskaia-132\">Editions Le bruit du temps.<\/a><\/strong> La traduction et la pr\u00e9sentation sont de <a href=\"https:\/\/fr.wikipedia.org\/wiki\/Sophie_Benech\">Sophie Benech.<\/a><\/p>\n\n\n\n<div class=\"wp-block-image\"><figure class=\"alignright size-large is-resized\"><img loading=\"lazy\" decoding=\"async\" src=\"https:\/\/edmondmorrel.be\/wp-content\/uploads\/2021\/06\/Capture-decran-2021-06-13-a-10.34.27.png\" alt=\"\" class=\"wp-image-4369\" width=\"193\" height=\"295\" srcset=\"https:\/\/edmondmorrel.be\/wp-content\/uploads\/2021\/06\/Capture-decran-2021-06-13-a-10.34.27.png 223w, https:\/\/edmondmorrel.be\/wp-content\/uploads\/2021\/06\/Capture-decran-2021-06-13-a-10.34.27-196x300.png 196w, https:\/\/edmondmorrel.be\/wp-content\/uploads\/2021\/06\/Capture-decran-2021-06-13-a-10.34.27-200x306.png 200w\" sizes=\"auto, (max-width: 193px) 100vw, 193px\" \/><\/figure><\/div>\n\n\n\n<p>Jean Jauniaux, le 12 juin 2021<\/p>\n\n\n\n<p><a href=\"https:\/\/www.maisoncfc.be\/fr\/agenda\/977-lydia-tchoukovskaia-entretiens-avec-anna-akhmatova\">Sur le site de la Maison CFC:<\/a><\/p>\n\n\n\n<p>19\/06\/2021<br>Maison CFC, \u00e0 12h<br>P.A.F. : 5 \u20ac<\/p>\n\n\n\n<p>Avec Sophie Benech, traductrice, Aude Merlin, sp\u00e9cialiste de la Russie et du Caucase contemporains et Fran\u00e7oise Nice, historienne et autrice<br>\u00ab Le destin d\u2019Akhmatova \u2013 quelque chose de plus grand que sa propre personne \u2013 modelait sous mes yeux, \u00e0 partir de cette femme c\u00e9l\u00e8bre et d\u00e9laiss\u00e9e, forte et d\u00e9sarm\u00e9e, une statue de la douleur, de la solitude, de la fiert\u00e9 et du courage. Les premiers po\u00e8mes d\u2019Akhmatova, je les connaissais par coeur depuis l\u2019enfance ; ses nouveaux vers et, avec eux, le geste de ses mains br\u00fblant le papier au-dessus du cendrier, le profil au nez aquilin qui dessinait une ombre nette sur le mur blanc de la prison de transit, tout cela faisait d\u00e9sormais partie de ma vie de fa\u00e7on aussi naturelle et indiscutable que les ponts de L\u00e9ningrad, la cath\u00e9drale Saint-Isaac, le Jardin d\u2019\u00e9t\u00e9 ou les quais de la N\u00e9va. \u00bb (Lydia Tchoukovska\u00efa, dans\u00a0<em>En guise\u00a0de pr\u00e9face<\/em>)\u00a0<\/p>\n\n\n\n<p>\u00ab Survivre au pays du mensonge, gr\u00e2ce au seul pouvoir de la po\u00e9sie. Telle est la le\u00e7on intemporelle que nous offre la rencontre entre deux femmes, Anna Akhmatova (1889-1966), joyau de la po\u00e9sie russe moderne, et l\u2019\u00e9crivaine Lydia Tchoukovska\u00efa (1907-1996). Du r\u00e9cit de leur conversation continue, de 1938 \u00e0 1966, cette derni\u00e8re a tir\u00e9 un journal exceptionnel d\u2019\u00e9motion et d\u2019intelligence. \u00bb (Nicolas Weill,&nbsp;<em>Le Monde des livres<\/em>, 13.12.2019)<br><br>Premi\u00e8re \u00e9dition int\u00e9grale en fran\u00e7ais, ces Entretiens avec Anna Akhmatova sont publi\u00e9s par Le Bruit du temps. \u00c9dition, pr\u00e9sentation, notes et traductions revues et compl\u00e9t\u00e9es par Sophie Benech.<\/p>\n","protected":false},"excerpt":{"rendered":"<p>Une fois n&rsquo;est pas coutume, \u00ab\u00a0L&rsquo;ivresse des livres\u00a0\u00bb devient un agenda de rencontres litt\u00e9raires. L&rsquo;occasion nous en est donn\u00e9e avec&nbsp;[&hellip;]<\/p>\n","protected":false},"author":2,"featured_media":0,"comment_status":"closed","ping_status":"closed","sticky":false,"template":"","format":"standard","meta":{"footnotes":""},"categories":[1],"tags":[],"class_list":["post-4368","post","type-post","status-publish","format-standard","hentry","category-non-classe","post-item clearfix"],"_links":{"self":[{"href":"https:\/\/edmondmorrel.be\/index.php?rest_route=\/wp\/v2\/posts\/4368","targetHints":{"allow":["GET"]}}],"collection":[{"href":"https:\/\/edmondmorrel.be\/index.php?rest_route=\/wp\/v2\/posts"}],"about":[{"href":"https:\/\/edmondmorrel.be\/index.php?rest_route=\/wp\/v2\/types\/post"}],"author":[{"embeddable":true,"href":"https:\/\/edmondmorrel.be\/index.php?rest_route=\/wp\/v2\/users\/2"}],"replies":[{"embeddable":true,"href":"https:\/\/edmondmorrel.be\/index.php?rest_route=%2Fwp%2Fv2%2Fcomments&post=4368"}],"version-history":[{"count":1,"href":"https:\/\/edmondmorrel.be\/index.php?rest_route=\/wp\/v2\/posts\/4368\/revisions"}],"predecessor-version":[{"id":4370,"href":"https:\/\/edmondmorrel.be\/index.php?rest_route=\/wp\/v2\/posts\/4368\/revisions\/4370"}],"wp:attachment":[{"href":"https:\/\/edmondmorrel.be\/index.php?rest_route=%2Fwp%2Fv2%2Fmedia&parent=4368"}],"wp:term":[{"taxonomy":"category","embeddable":true,"href":"https:\/\/edmondmorrel.be\/index.php?rest_route=%2Fwp%2Fv2%2Fcategories&post=4368"},{"taxonomy":"post_tag","embeddable":true,"href":"https:\/\/edmondmorrel.be\/index.php?rest_route=%2Fwp%2Fv2%2Ftags&post=4368"}],"curies":[{"name":"wp","href":"https:\/\/api.w.org\/{rel}","templated":true}]}}