{"id":4364,"date":"2021-06-16T10:01:50","date_gmt":"2021-06-16T08:01:50","guid":{"rendered":"http:\/\/edmondmorrel.be\/?p=4364"},"modified":"2021-06-16T18:26:19","modified_gmt":"2021-06-16T16:26:19","slug":"igloo-records-en-40-mouvements-rencontre-avec-daniel-sotiaux","status":"publish","type":"post","link":"https:\/\/edmondmorrel.be\/?p=4364","title":{"rendered":"\u00ab\u00a0IGLOO records en 40 mouvements\u00a0\u00bb. Rencontre avec Daniel Sotiaux"},"content":{"rendered":"\n<p><a href=\"https:\/\/www.igloorecords.be\/album\/igloo-records-en-40-mouvements\/\">Un \u00ab\u00a0beau livre\u00a0\u00bb a \u00e9t\u00e9 \u00e9dit\u00e9 en octobre 2019 \u00e0 l&rsquo;occasion des 40 ans de l&rsquo;asbl IGLOO Records. <\/a>Il nous donne une belle occasion de parcourir cette aventure exceptionnelle inaugur\u00e9e par Daniel Sotiaux. Nous l&rsquo;avons rencontr\u00e9 pour \u00e9voquer les diff\u00e9rentes \u00e9tapes de ce \u00ab\u00a0label\u00a0\u00bb, mais aussi pour tenter un portrait de celui qui est aussi le co-fondateur de la Fondation Henri La Fontaine, l&rsquo;auteur d&rsquo;un livre-hommage au po\u00e8te Achille Chav\u00e9e (un \u00ab\u00a0collector\u00a0\u00bb r\u00e9unissant des extraits sonores sur K7, des fac-simil\u00e9 de manuscrits, et m\u00eame un sous-bock en carton orn\u00e9 d&rsquo;un aphorisme manuscrit du po\u00e8te surr\u00e9aliste louvi\u00e9rois), le cr\u00e9ateur de la revue inter culturelle d&rsquo;art et litt\u00e9rature <em>Liaisons <\/em>&#8230; Il est exclu d&rsquo;avoir la moindre ambition d&rsquo;exhaustivit\u00e9 en \u00e9voquant la carri\u00e8re de celui qui &#8211; aujourd&rsquo;hui \u00e0 la retraite &#8211; a men\u00e9 une carri\u00e8re diplomatique de haut niveau en Roumanie, au S\u00e9n\u00e9gal, au Qu\u00e9bec y repr\u00e9sentant la F\u00e9d\u00e9ration Wallonie Bruxelles. <\/p>\n\n\n\n<figure class=\"wp-block-image size-large\"><img loading=\"lazy\" decoding=\"async\" width=\"655\" height=\"706\" src=\"https:\/\/edmondmorrel.be\/wp-content\/uploads\/2021\/06\/Capture-decran-2021-06-16-a-10.00.11.png\" alt=\"\" class=\"wp-image-4372\" srcset=\"https:\/\/edmondmorrel.be\/wp-content\/uploads\/2021\/06\/Capture-decran-2021-06-16-a-10.00.11.png 655w, https:\/\/edmondmorrel.be\/wp-content\/uploads\/2021\/06\/Capture-decran-2021-06-16-a-10.00.11-278x300.png 278w, https:\/\/edmondmorrel.be\/wp-content\/uploads\/2021\/06\/Capture-decran-2021-06-16-a-10.00.11-200x216.png 200w\" sizes=\"auto, (max-width: 655px) 100vw, 655px\" \/><\/figure>\n\n\n\n<p>Paru dans la collection <em>Les voies de la cr\u00e9ation culturelle<\/em>, le livre <em>IGLOO Records en quarante mouvements<\/em>, dirig\u00e9 par Daniel Sotiaux et Jean-Pierre Goffin, r\u00e9unit textes , articles, t\u00e9moignages et une inestimable iconographie. Chaque chapitre constitue une \u00e9tape dans ce parcours id\u00e9al dont on se rend compte davantage aujourd&rsquo;hui de l&rsquo;imp\u00e9rieuse n\u00e9cessit\u00e9: la culture. En ouverture de l&rsquo;ouvrage, cette d\u00e9dicace indique la voie\/la voix: <em>Ce livre est d\u00e9di\u00e9 \u00e0 tous les artistes, musiciens et chanteurs, ainsi qu&rsquo;aux r\u00e9gisseurs son et sc\u00e8ne de la Communaut\u00e9 Wallonie-Bruxelles. Chaque jour ils cr\u00e9ent mais encore ils oeuvrent pour qu&rsquo;existent toujours des artistes ind\u00e9pendants et libres.<\/em> <\/p>\n\n\n\n<p>Ils sont 10 \u00e0 avoir pris la plume pour raconter, t\u00e9moigner, analyser ce qui a fait de IGLOO Records une aventure hors normes: H\u00e9l\u00e8ne Defosse, Alexis Doutain, Jean-Pierre Goffin, Christine Jottard, Claude loxhay, Jean-Yves Mangnay, Jacques Prouvost, Georges Tonia Briquet, Jean Claude Vantroyen, Guillaume Vierset et bien s\u00fbr Daniel Sotiaux.<\/p>\n\n\n\n<p>Ce livre aujourd&rsquo;hui, \u00e0 la sortie du deuxi\u00e8me confinement sanitaire impos\u00e9 par la pand\u00e9mie de coronavirus, offre au lecteur un panorama des multiples talents et m\u00e9tiers qui sont menac\u00e9s davantage encore maintenant qu&rsquo;au fil de ces quatre d\u00e9cennies qui nous sont racont\u00e9es. L&rsquo;analyse des diff\u00e9rentes options prises par les ministres de la culture qui se sont succ\u00e9d\u00e9s depuis quarante ans indique la fragilit\u00e9 du secteur dont ils ont la charge, \u00e0 la fois budg\u00e9taire, administrative, logistique.<\/p>\n\n\n\n<p>Se plonger dans le lecture de cette aventure discographique donne le vertige tant le paysage qu&rsquo;il d\u00e9voile est riche, vari\u00e9, inspir\u00e9, habit\u00e9 par des noms aussi prestigieux que Philippe Catherine, Steve Houben, Claude Semal, William Dunker&#8230;<\/p>\n\n\n\n<p>Nous avons rencontr\u00e9 Daniel Sotiaux pour un entretien \u00e0 b\u00e2tons rompus que <a href=\"https:\/\/youtu.be\/T5fjfkS2DoM\">vous pouvez \u00e9couter\/voir sur youtube<\/a><\/p>\n\n\n\n<p>Jean Jauniaux, le 16 juin 2021 <\/p>\n\n\n\n<figure class=\"wp-block-embed is-type-video is-provider-youtube wp-block-embed-youtube wp-embed-aspect-16-9 wp-has-aspect-ratio\"><div class=\"wp-block-embed__wrapper\">\n<iframe loading=\"lazy\" title=\"Rencontre avec Daniel Sotiaux \u00e0 l&#039;occasion du 40e anniversaire du label IGLOO Records\" width=\"1170\" height=\"658\" src=\"https:\/\/www.youtube.com\/embed\/T5fjfkS2DoM?feature=oembed\" frameborder=\"0\" allow=\"accelerometer; autoplay; clipboard-write; encrypted-media; gyroscope; picture-in-picture\" allowfullscreen><\/iframe>\n<\/div><\/figure>\n\n\n\n<p><strong><a href=\"https:\/\/www.igloorecords.be\/album\/igloo-records-en-40-mouvements\/\">Sur le site de IGLOO Records:<\/a><\/strong><\/p>\n\n\n\n<p>Apr\u00e8s avoir c\u00e9l\u00e9br\u00e9 ses 40 ans en musique pendant plus d\u2019un an dans une s\u00e9rie de lieux partenaires en Belgique et \u00e0 l\u2019\u00e9tranger, le label Igloo cl\u00f4ture ce chapitre anniversaire en beaut\u00e9 avec cet ouvrage retra\u00e7ant 40 ans de production discographique illustr\u00e9 par des interviews, des documents d\u2019archives et des photographies in\u00e9dites. \u00c0 l\u2019occasion de son anniversaire, Igloo ouvre une fen\u00eatre sur les larges horizons de la vie musicale et artistique qui ont inspir\u00e9 ses engagements, au cours des quarante premi\u00e8res ann\u00e9es de son existence. On d\u00e9couvre ici toutes les port\u00e9es de leurs aspirations qui se fondent tant en Wallonie qu\u2019\u00e0 Bruxelles et dont les \u00e9chos r\u00e9sonnent hors de ces fronti\u00e8res. Ainsi, le pr\u00e9sent volume ne consacre pas seulement l\u2019histoire (1978-2018) d\u2019une maison d\u2019\u00e9dition discographique mais, bien au-del\u00e0, il nous donne l\u2019occasion de porter le regard sur la vitalit\u00e9 cr\u00e9ative, les initiatives et les trajectoires crois\u00e9es de centaines d\u2019artistes, de compositeurs, d\u2019interpr\u00e8tes, d\u2019ing\u00e9nieurs du son, de techniciens sp\u00e9cialis\u00e9s, de graphistes, de producteurs, d\u2019administrateurs publics, etc. C\u2019est une mine d\u2019informations, minutieusement collationn\u00e9es ; c\u2019est un \u00ab tr\u00e9sor \u00bb !<\/p>\n\n\n\n<p>Ce volume contribue d\u2019une fa\u00e7on originale \u00e0 l\u2019\u00e9tablissement d\u2019une histoire culturelle de l\u2019institution des pratiques musicales actuelles, au sein de notre communaut\u00e9 francophone de Belgique. Gr\u00e2ce \u00e0 une mise en page tout \u00e0 la fois rigoureuse et ludique, on entre dans le livre comme on le sent ! On circule dans le livre librement, au gr\u00e9 de ses int\u00e9r\u00eats, de ses curiosit\u00e9s, de ses d\u00e9couvertes\u2026Car ce tr\u00e9sor est aussi un outil de travail. Il illustre combien l\u2019engagement constant d\u2019Igloo pour les libert\u00e9s musicales, sur le terrain de la cr\u00e9ation, de l\u2019enregistrement et de la diffusion, nourrit l\u2019imaginaire social. Il montre comment cette production magistrale (440 disques) maintient le d\u00e9bat public ouvert \u00e0 propos de ce qui peut \u00eatre re\u00e7u et accept\u00e9 comme musique(s), dans ses diverses diversit\u00e9s. Nous pouvons mieux mesurer combien cette implication pers\u00e9v\u00e9rante d\u2019Igloo favorise les prises de conscience individuelles et collectives, au sein d\u2019une profession qui travaille \u00e0 la reconnaissance des modes op\u00e9ratoires singuliers de ses arts, de ses n\u00e9cessit\u00e9s et des r\u00e9alit\u00e9s sociales et culturelles dont ils sont la \u00ab vibration \u00bb, au sein de l\u2019humanit\u00e9.<\/p>\n\n\n\n<p>Au fil des pages tout ceci se dessine, sous nos yeux pour notre plus grand entendement et pour notre plaisir encore. Les plus assidus d\u00e9couvriront, enfin, comment cet engagement d\u2019Igloo \u2013 et des artistes qu\u2019il associe tout au long \u2013 participe des conditions culturelles qui permettent l\u2019\u00e9mergence d\u2019une politique publique des musiques.<\/p>\n\n\n\n<p><\/p>\n","protected":false},"excerpt":{"rendered":"<p>Un \u00ab\u00a0beau livre\u00a0\u00bb a \u00e9t\u00e9 \u00e9dit\u00e9 en octobre 2019 \u00e0 l&rsquo;occasion des 40 ans de l&rsquo;asbl IGLOO Records. Il nous&nbsp;[&hellip;]<\/p>\n","protected":false},"author":2,"featured_media":4372,"comment_status":"closed","ping_status":"closed","sticky":false,"template":"","format":"standard","meta":{"footnotes":""},"categories":[9,8],"tags":[],"class_list":["post-4364","post","type-post","status-publish","format-standard","has-post-thumbnail","hentry","category-entre-les-lignes","category-essais","post-item clearfix"],"_links":{"self":[{"href":"https:\/\/edmondmorrel.be\/index.php?rest_route=\/wp\/v2\/posts\/4364","targetHints":{"allow":["GET"]}}],"collection":[{"href":"https:\/\/edmondmorrel.be\/index.php?rest_route=\/wp\/v2\/posts"}],"about":[{"href":"https:\/\/edmondmorrel.be\/index.php?rest_route=\/wp\/v2\/types\/post"}],"author":[{"embeddable":true,"href":"https:\/\/edmondmorrel.be\/index.php?rest_route=\/wp\/v2\/users\/2"}],"replies":[{"embeddable":true,"href":"https:\/\/edmondmorrel.be\/index.php?rest_route=%2Fwp%2Fv2%2Fcomments&post=4364"}],"version-history":[{"count":4,"href":"https:\/\/edmondmorrel.be\/index.php?rest_route=\/wp\/v2\/posts\/4364\/revisions"}],"predecessor-version":[{"id":4374,"href":"https:\/\/edmondmorrel.be\/index.php?rest_route=\/wp\/v2\/posts\/4364\/revisions\/4374"}],"wp:featuredmedia":[{"embeddable":true,"href":"https:\/\/edmondmorrel.be\/index.php?rest_route=\/wp\/v2\/media\/4372"}],"wp:attachment":[{"href":"https:\/\/edmondmorrel.be\/index.php?rest_route=%2Fwp%2Fv2%2Fmedia&parent=4364"}],"wp:term":[{"taxonomy":"category","embeddable":true,"href":"https:\/\/edmondmorrel.be\/index.php?rest_route=%2Fwp%2Fv2%2Fcategories&post=4364"},{"taxonomy":"post_tag","embeddable":true,"href":"https:\/\/edmondmorrel.be\/index.php?rest_route=%2Fwp%2Fv2%2Ftags&post=4364"}],"curies":[{"name":"wp","href":"https:\/\/api.w.org\/{rel}","templated":true}]}}