{"id":4357,"date":"2021-06-18T09:46:19","date_gmt":"2021-06-18T07:46:19","guid":{"rendered":"http:\/\/edmondmorrel.be\/?p=4357"},"modified":"2021-06-18T09:46:20","modified_gmt":"2021-06-18T07:46:20","slug":"il-faut-saimer-a-tort-et-a-travers-un-portrait-sensible-et-kaleidoscopique-de-julos-beaucarne-par-nelly-gay","status":"publish","type":"post","link":"https:\/\/edmondmorrel.be\/?p=4357","title":{"rendered":"\u00ab\u00a0Il faut s&rsquo;aimer \u00e0 tort et \u00e0 travers\u00a0\u00bb, un portrait sensible et kal\u00e9idoscopique de Julos Beaucarne par Nelly Gay"},"content":{"rendered":"\n<p>Les Editions Luc Pire ont \u00e9t\u00e9 bien inspir\u00e9es de publier ce livre atypique \u00e0 plus d&rsquo;un titre. C&rsquo;est, \u00e0 n&rsquo;en pas douter, un livre d&rsquo;amiti\u00e9 intense entre une auteure et le personnage dont , par chapitres, citations, allusions, images, t\u00e9moignages elle dresse un portrait kal\u00e9idoscopique. Et il faut bien user de cet instrument scintillant qui r\u00e9fl\u00e9chit \u00e0 l&rsquo;infini et les couleurs et la lumi\u00e8re, pour aborder Julos et ses univers, Julos et ses chansons, Julos et sa ferveur. En 150 pages, \u00e0 l&rsquo;iconographie tellement riche que ce livre en devient aussi un album de photographies, Nelly Gay \u00e9voque ses conversations avec Julos, les retranscrit en regard de textes originaux du chanteur-po\u00e8te. Il y a dans la d\u00e9marche de la biographe une empathie sensible et une mani\u00e8re tendre de c\u00e9l\u00e9brer une des figures de proue de la po\u00e9sie et de la chanson francophones. Nelly Gay donne aussi \u00e0 conna\u00eetre la sinc\u00e9rit\u00e9 des engagements d&rsquo;un homme dont les convictions humanistes, pacifistes, citoyennes sont mises en oeuvre \u00e0 la premi\u00e8re personne, avec la conviction de la sinc\u00e9rit\u00e9.<\/p>\n\n\n\n<div class=\"wp-block-image\"><figure class=\"alignright size-large is-resized\"><img loading=\"lazy\" decoding=\"async\" src=\"https:\/\/edmondmorrel.be\/wp-content\/uploads\/2021\/06\/Julos-couverture-livre-IMG_2135-copie-1024x768.jpg\" alt=\"\" class=\"wp-image-4382\" width=\"303\" height=\"227\" srcset=\"https:\/\/edmondmorrel.be\/wp-content\/uploads\/2021\/06\/Julos-couverture-livre-IMG_2135-copie-1024x768.jpg 1024w, https:\/\/edmondmorrel.be\/wp-content\/uploads\/2021\/06\/Julos-couverture-livre-IMG_2135-copie-300x225.jpg 300w, https:\/\/edmondmorrel.be\/wp-content\/uploads\/2021\/06\/Julos-couverture-livre-IMG_2135-copie-768x576.jpg 768w, https:\/\/edmondmorrel.be\/wp-content\/uploads\/2021\/06\/Julos-couverture-livre-IMG_2135-copie-1536x1152.jpg 1536w, https:\/\/edmondmorrel.be\/wp-content\/uploads\/2021\/06\/Julos-couverture-livre-IMG_2135-copie-200x150.jpg 200w, https:\/\/edmondmorrel.be\/wp-content\/uploads\/2021\/06\/Julos-couverture-livre-IMG_2135-copie-690x518.jpg 690w, https:\/\/edmondmorrel.be\/wp-content\/uploads\/2021\/06\/Julos-couverture-livre-IMG_2135-copie-1320x990.jpg 1320w, https:\/\/edmondmorrel.be\/wp-content\/uploads\/2021\/06\/Julos-couverture-livre-IMG_2135-copie.jpg 2016w\" sizes=\"auto, (max-width: 303px) 100vw, 303px\" \/><\/figure><\/div>\n\n\n\n<p>C&rsquo;est un livre que Julos doit aimer. Il va \u00e0 sa fa\u00e7on ici et l\u00e0, suivant la r\u00eaverie du moment, le souvenir, les projets aussi&#8230;<\/p>\n\n\n\n<p><\/p>\n\n\n\n<p><\/p>\n\n\n\n<p>Nous avons rencontr\u00e9 Nelly Gay par Zoom interpos\u00e9. la technologie nous a priv\u00e9 de l&rsquo;enregistrement video, mais, en ceci, la voix est bien plus essentielle.<\/p>\n\n\n\n<p>Jean Jauniaux, le 18 juin 2021<\/p>\n\n\n\n<figure class=\"wp-block-embed is-type-video is-provider-youtube wp-block-embed-youtube wp-embed-aspect-16-9 wp-has-aspect-ratio\"><div class=\"wp-block-embed__wrapper\">\n<iframe loading=\"lazy\" title=\"Nelly Gay \u00e9voque sa biographie de Julos Beaucarne au micro de Jean Jauniaux\" width=\"1170\" height=\"658\" src=\"https:\/\/www.youtube.com\/embed\/bTUsBieB9ac?feature=oembed\" frameborder=\"0\" allow=\"accelerometer; autoplay; clipboard-write; encrypted-media; gyroscope; picture-in-picture\" allowfullscreen><\/iframe>\n<\/div><\/figure>\n","protected":false},"excerpt":{"rendered":"<p>Les Editions Luc Pire ont \u00e9t\u00e9 bien inspir\u00e9es de publier ce livre atypique \u00e0 plus d&rsquo;un titre. C&rsquo;est, \u00e0 n&rsquo;en&nbsp;[&hellip;]<\/p>\n","protected":false},"author":2,"featured_media":4383,"comment_status":"closed","ping_status":"closed","sticky":false,"template":"","format":"standard","meta":{"footnotes":""},"categories":[9,15,3],"tags":[],"class_list":["post-4357","post","type-post","status-publish","format-standard","has-post-thumbnail","hentry","category-entre-les-lignes","category-litterature","category-litterature-dici","post-item clearfix"],"_links":{"self":[{"href":"https:\/\/edmondmorrel.be\/index.php?rest_route=\/wp\/v2\/posts\/4357","targetHints":{"allow":["GET"]}}],"collection":[{"href":"https:\/\/edmondmorrel.be\/index.php?rest_route=\/wp\/v2\/posts"}],"about":[{"href":"https:\/\/edmondmorrel.be\/index.php?rest_route=\/wp\/v2\/types\/post"}],"author":[{"embeddable":true,"href":"https:\/\/edmondmorrel.be\/index.php?rest_route=\/wp\/v2\/users\/2"}],"replies":[{"embeddable":true,"href":"https:\/\/edmondmorrel.be\/index.php?rest_route=%2Fwp%2Fv2%2Fcomments&post=4357"}],"version-history":[{"count":3,"href":"https:\/\/edmondmorrel.be\/index.php?rest_route=\/wp\/v2\/posts\/4357\/revisions"}],"predecessor-version":[{"id":4385,"href":"https:\/\/edmondmorrel.be\/index.php?rest_route=\/wp\/v2\/posts\/4357\/revisions\/4385"}],"wp:featuredmedia":[{"embeddable":true,"href":"https:\/\/edmondmorrel.be\/index.php?rest_route=\/wp\/v2\/media\/4383"}],"wp:attachment":[{"href":"https:\/\/edmondmorrel.be\/index.php?rest_route=%2Fwp%2Fv2%2Fmedia&parent=4357"}],"wp:term":[{"taxonomy":"category","embeddable":true,"href":"https:\/\/edmondmorrel.be\/index.php?rest_route=%2Fwp%2Fv2%2Fcategories&post=4357"},{"taxonomy":"post_tag","embeddable":true,"href":"https:\/\/edmondmorrel.be\/index.php?rest_route=%2Fwp%2Fv2%2Ftags&post=4357"}],"curies":[{"name":"wp","href":"https:\/\/api.w.org\/{rel}","templated":true}]}}