{"id":4276,"date":"2021-05-15T11:10:03","date_gmt":"2021-05-15T09:10:03","guid":{"rendered":"http:\/\/edmondmorrel.be\/?p=4276"},"modified":"2021-05-16T09:44:22","modified_gmt":"2021-05-16T07:44:22","slug":"waterloo-mortelle-plaine-le-nouvel-opus-de-groff-chez-weyrich","status":"publish","type":"post","link":"https:\/\/edmondmorrel.be\/?p=4276","title":{"rendered":"\u00ab\u00a0Waterloo, mortelle plaine\u00a0\u00bb le nouvel opus de Groff chez Weyrich."},"content":{"rendered":"\n<p>Le covid a du bon finalement. Non seulement il a permis \u00e0 Francis Groff de se consacrer \u00e0 une nouvelle enqu\u00eate de son personnage f\u00e9tiche, bouquiniste parisien originaire de Charleroi au nom arm\u00e9nien, mais en plus, \u00e0 ce dernier, le bien nomm\u00e9 Stanislas Barberian d&rsquo;\u00eatre invit\u00e9 \u00e0 \u00e9lucider un crime commis entre deux confinements sanitaires, dans le milieu des \u00ab\u00a0reconstiteurs\u00a0\u00bb de la bataille de Waterloo. Tous les ingr\u00e9dients sont donc r\u00e9unis pour ajouter \u00e0 la collection \u00ab\u00a0Noir Corbeau\u00a0\u00bb &#8211; qui devient une r\u00e9f\u00e9rence dans le genre &#8211;   un nouveau volume sous couverture noir et jaune, une collection imagin\u00e9e et dirig\u00e9e par Christian Libens et dont les r\u00e9cits sont plac\u00e9s sous le regard averti d&rsquo;un vrai commissaire (en retraite), Fran\u00e7ois P\u00e9rilleux. Faut-il rappeler que cette collection <a href=\"http:\/\/espacelivresedmondmorrel.blogspot.com\/2019\/05\/weyrich-de-bonnes-nouvelles-de-ledition.html\">s&rsquo;inscrit dans le catalogue des Editions Weyrich <\/a>dont, malgr\u00e9 l&rsquo;incendie qui a d\u00e9truit le stock il y a quelques semaines, le dynamisme, la curiosit\u00e9 et l&rsquo;\u00e9nergie \u00e9ditoriale n&rsquo;ont jamais \u00e9t\u00e9 pris en d\u00e9faut.<\/p>\n\n\n\n<div class=\"wp-block-image\"><figure class=\"alignright size-large is-resized\"><img loading=\"lazy\" decoding=\"async\" src=\"https:\/\/edmondmorrel.be\/wp-content\/uploads\/2021\/05\/Capture-decran-2021-05-15-a-11.07.34.png\" alt=\"\" class=\"wp-image-4278\" width=\"274\" height=\"402\" srcset=\"https:\/\/edmondmorrel.be\/wp-content\/uploads\/2021\/05\/Capture-decran-2021-05-15-a-11.07.34.png 535w, https:\/\/edmondmorrel.be\/wp-content\/uploads\/2021\/05\/Capture-decran-2021-05-15-a-11.07.34-204x300.png 204w, https:\/\/edmondmorrel.be\/wp-content\/uploads\/2021\/05\/Capture-decran-2021-05-15-a-11.07.34-200x293.png 200w\" sizes=\"auto, (max-width: 274px) 100vw, 274px\" \/><\/figure><\/div>\n\n\n\n<p>Rien n&rsquo;est plus ardu que de rendre compte d&rsquo;un roman dont on ne peut, au risque de le \u00ab\u00a0spoiler\u00a0\u00bb, raconter l&rsquo;intrigue, les fausses pistes, les indices et, finalement, la d\u00e9couverte du coupable. Le crime? Un assassinat perp\u00e9tr\u00e9 avec une violence inou\u00efe sur la personne de Charles-Damien Passerau lors d&rsquo;une reconstitution historique d&rsquo;un bivouac sur le champ de bataille de Waterloo, ou plus exactement de Braine-l&rsquo;Alleud. La m\u00e8re du malheureux \u00ab\u00a0CHD\u00a0\u00bb, comme l&rsquo;appellent ses amis, a fait appel \u00e0 Martine, la ma\u00eetresse de Barb\u00e9rian, pour qu&rsquo;elle convainque le d\u00e9tective amateur d&rsquo;aider la police locale \u00e0 d\u00e9nouer cette sanglante affaire. On reconna\u00eet ici le fil narratif qui et la marque de fabrique de Groff: un bouquiniste amateur, devenu personnage r\u00e9current, est appel\u00e9 dans diff\u00e9rents lieux de Wallonie (avec un W comme Weyrich) pour apporter un regard neuf sur les crimes non r\u00e9solus auxquels il se confronte \u00e0 Namur, Charleroi, Binche et , aujourd&rsquo;hui, Braine-L&rsquo;Alleud. Ce dernier livre permet au romancier, comme il l&rsquo;a fait pour les ouvrages pr\u00e9c\u00e9dents, de situer l&rsquo;environnement historique, culturel, voire linguistique des \u00e9v\u00e9nements qu&rsquo;il narre. Et cela n&rsquo;enl\u00e8ve rien, heureusement, au suspens, ingr\u00e9dient indispensable de la litt\u00e9rature polici\u00e8re \u00e0 \u00e9nigme, aux rebondissements et r\u00e9v\u00e9lations successives qui conduisent Barb\u00e9rian \u00e0 identifier le coupable. Autres \u00e9l\u00e9ments r\u00e9currents de la narration, que le lecteur a grand plaisir \u00e0 retrouver comme de ces habitudes que l&rsquo;on aime partager avec \u00ab\u00a0nos\u00a0\u00bb personnages: la compagne aimante, Martine (elle aussi bouquiniste), la <em>Facel Vega<\/em>, le go\u00fbt des bi\u00e8res trappistes&#8230;<\/p>\n\n\n\n<p>Nous l&rsquo;avons dit d\u00e9j\u00e0 \u00e0 diff\u00e9rentes reprises, au fil des pr\u00e9c\u00e9dents volumes des enqu\u00eates de Barb\u00e9rian et des rencontres avec son auteur, et ce livre nous le confirme: Groff a r\u00e9ussi \u00e0 inventer une figure embl\u00e9matique dans ce genre si familier mais si difficile \u00e0 r\u00e9ussir du policier \u00e0 \u00e9nigme. Il s&rsquo;inscrit ainsi dans la lign\u00e9e des Christie et Doyle, mais en y ajoutant cette espi\u00e8glerie belge qui fait de chacun de ses romans un bonheur de lecture. Un jour, il faudra s\u00e9rieusement songer \u00e0 adapter les enqu\u00eates de Stanislas en s\u00e9rie ou pourquoi pas, pour commencer, en dramatique radio&#8230;\u00e0 la mani\u00e8re des reconstituions mises en onde par Th\u00e9o Fleischman ou Roger Simons (dont on aimerait pouvoir r\u00e9\u00e9couter la s\u00e9rie \u00ab\u00a0Waterloo\u00a0\u00bb, diffus\u00e9e nagu\u00e8re \u00e0 le RTBF, radio publique&#8230;<\/p>\n\n\n\n<p>Au fil des romans, <em>Morts sur la Sambre&nbsp;, <a href=\"http:\/\/espacelivresedmondmorrel.blogspot.com\/2019\/12\/vade-retro-felicien-stanislas-barberian.html\">Vade retro, F\u00e9licien<\/a>, Orange Sanguine, <\/em>Groff d\u00e9veloppe une ma\u00eetrise de plus en plus assur\u00e9e des codes du genre, mais, surtout, il nourrit ses personnages r\u00e9currents d\u2019une personnalit\u00e9 v\u00e9ritablement romanesque, ajoutant cette part d\u2019humanit\u00e9 qui nous les rend davantage attachants \u00e0 chaque nouvelle enqu\u00eate&nbsp;.<\/p>\n\n\n\n<p>Enfin pouvons-nous sugg\u00e9rer \u00e0 l&rsquo;auteur quelques lieux embl\u00e9matiques o\u00f9 Barb\u00e9rian pourrait aller pr\u00eater main forte \u00e0 la mar\u00e9chauss\u00e9e: Ecaussinnes par exemple&#8230; mais aussi, proposer \u00e0 notre belge-parisien une incartade en Flandres, \u00e0 saint-Idesbald par exemple&#8230;<\/p>\n\n\n\n<p><strong>Jean Jauniaux le 15 mai 2021.<\/strong><\/p>\n\n\n\n<p>Nous avons interview\u00e9 Francis Groff, une occasion d&rsquo;\u00e9voquer avec lui sa m\u00e9thode de travail, la construction des personnages, mais aussi de partager \u00e0 propos de diff\u00e9rentes personnalit\u00e9s  qui jalonnent son r\u00e9cit et le parcours de Stanislas Barb\u00e9rian dans le cossu Brabant wallon. Citons, parmi d&rsquo;autres, Marc Aryan (qui recevait dans son studio priv\u00e9 des artistes de l&rsquo;envergure de Marvin Gaye ou Nina Simone et d&rsquo;autres. Le fameux <em>Born to be alive<\/em> de Patrick Hernandez a \u00e9t\u00e9 enregistr\u00e9 \u00e0 Ohain dans le studio <em>Katy<\/em> de Marc Aryan!; mais aussi Arlette Vincent, Edgar P.Jacobs et le fondateur de la radio belge <strong>Th\u00e9o Fleischman<\/strong>, passionn\u00e9 de Napol\u00e9on et de la bataille de Waterloo dont il contribua \u00e0 pr\u00e9server le site et les espaces mus\u00e9aux&#8230; On lui doit la cr\u00e9ation du premier journal parl\u00e9, des reportages et des pi\u00e8ces radiophoniques, dont une s\u00e9rie m\u00e9morable consacr\u00e9e \u00e0 la bataille de Waterloo qui fut mise en ondes par Roger Simons.<\/p>\n\n\n\n<figure class=\"wp-block-embed is-type-video is-provider-youtube wp-block-embed-youtube wp-embed-aspect-16-9 wp-has-aspect-ratio\"><div class=\"wp-block-embed__wrapper\">\n<iframe loading=\"lazy\" title=\"Francis Groff \u00e9voque son  roman &quot;Waterloo, mortelle plaine&quot; (Weyrich) au micro de Jean Jauniaux\" width=\"1170\" height=\"658\" src=\"https:\/\/www.youtube.com\/embed\/TceNBzOpp0o?feature=oembed\" frameborder=\"0\" allow=\"accelerometer; autoplay; clipboard-write; encrypted-media; gyroscope; picture-in-picture\" allowfullscreen><\/iframe>\n<\/div><figcaption>Interview de Francis Groff pour \u00ab\u00a0L&rsquo;ivresse des livres\u00a0\u00bb <\/figcaption><\/figure>\n\n\n\n<div class=\"wp-block-image\"><figure class=\"aligncenter size-large is-resized\"><img loading=\"lazy\" decoding=\"async\" src=\"https:\/\/edmondmorrel.be\/wp-content\/uploads\/2021\/05\/Fleischman-1-788x1024.jpg\" alt=\"\" class=\"wp-image-4288\" width=\"180\" height=\"233\" srcset=\"https:\/\/edmondmorrel.be\/wp-content\/uploads\/2021\/05\/Fleischman-1-788x1024.jpg 788w, https:\/\/edmondmorrel.be\/wp-content\/uploads\/2021\/05\/Fleischman-1-231x300.jpg 231w, https:\/\/edmondmorrel.be\/wp-content\/uploads\/2021\/05\/Fleischman-1-768x998.jpg 768w, https:\/\/edmondmorrel.be\/wp-content\/uploads\/2021\/05\/Fleischman-1-1182x1536.jpg 1182w, https:\/\/edmondmorrel.be\/wp-content\/uploads\/2021\/05\/Fleischman-1-1576x2048.jpg 1576w, https:\/\/edmondmorrel.be\/wp-content\/uploads\/2021\/05\/Fleischman-1-200x260.jpg 200w, https:\/\/edmondmorrel.be\/wp-content\/uploads\/2021\/05\/Fleischman-1-690x897.jpg 690w, https:\/\/edmondmorrel.be\/wp-content\/uploads\/2021\/05\/Fleischman-1-1320x1715.jpg 1320w, https:\/\/edmondmorrel.be\/wp-content\/uploads\/2021\/05\/Fleischman-1.jpg 1958w\" sizes=\"auto, (max-width: 180px) 100vw, 180px\" \/><figcaption>Un roman \u00ab\u00a0napol\u00e9onien\u00a0\u00bb de Th\u00e9o Fleischmann paru en 1955 <\/figcaption><\/figure><\/div>\n","protected":false},"excerpt":{"rendered":"<p>Le covid a du bon finalement. Non seulement il a permis \u00e0 Francis Groff de se consacrer \u00e0 une nouvelle&nbsp;[&hellip;]<\/p>\n","protected":false},"author":2,"featured_media":4289,"comment_status":"closed","ping_status":"closed","sticky":false,"template":"","format":"standard","meta":{"footnotes":""},"categories":[15,3],"tags":[113,109,25,114,115,110,112,111],"class_list":["post-4276","post","type-post","status-publish","format-standard","has-post-thumbnail","hentry","category-litterature","category-litterature-dici","tag-arlette-vincent","tag-francis-groff","tag-jean-jauniaux","tag-marc-aryan","tag-noir-corbeau","tag-olivier-weyrich","tag-roger-simons","tag-theo-fleischman","post-item clearfix"],"_links":{"self":[{"href":"https:\/\/edmondmorrel.be\/index.php?rest_route=\/wp\/v2\/posts\/4276","targetHints":{"allow":["GET"]}}],"collection":[{"href":"https:\/\/edmondmorrel.be\/index.php?rest_route=\/wp\/v2\/posts"}],"about":[{"href":"https:\/\/edmondmorrel.be\/index.php?rest_route=\/wp\/v2\/types\/post"}],"author":[{"embeddable":true,"href":"https:\/\/edmondmorrel.be\/index.php?rest_route=\/wp\/v2\/users\/2"}],"replies":[{"embeddable":true,"href":"https:\/\/edmondmorrel.be\/index.php?rest_route=%2Fwp%2Fv2%2Fcomments&post=4276"}],"version-history":[{"count":5,"href":"https:\/\/edmondmorrel.be\/index.php?rest_route=\/wp\/v2\/posts\/4276\/revisions"}],"predecessor-version":[{"id":4290,"href":"https:\/\/edmondmorrel.be\/index.php?rest_route=\/wp\/v2\/posts\/4276\/revisions\/4290"}],"wp:featuredmedia":[{"embeddable":true,"href":"https:\/\/edmondmorrel.be\/index.php?rest_route=\/wp\/v2\/media\/4289"}],"wp:attachment":[{"href":"https:\/\/edmondmorrel.be\/index.php?rest_route=%2Fwp%2Fv2%2Fmedia&parent=4276"}],"wp:term":[{"taxonomy":"category","embeddable":true,"href":"https:\/\/edmondmorrel.be\/index.php?rest_route=%2Fwp%2Fv2%2Fcategories&post=4276"},{"taxonomy":"post_tag","embeddable":true,"href":"https:\/\/edmondmorrel.be\/index.php?rest_route=%2Fwp%2Fv2%2Ftags&post=4276"}],"curies":[{"name":"wp","href":"https:\/\/api.w.org\/{rel}","templated":true}]}}