{"id":4224,"date":"2021-04-20T21:44:38","date_gmt":"2021-04-20T19:44:38","guid":{"rendered":"http:\/\/edmondmorrel.be\/?p=4224"},"modified":"2021-04-20T21:44:38","modified_gmt":"2021-04-20T19:44:38","slug":"lhomme-arc-en-ciel-julos-beaucarne-aux-cimaises-dune-exposition-a-louvain-la-neuve-rencontre-avec-aline-aulit-commissaire-de-lexposition","status":"publish","type":"post","link":"https:\/\/edmondmorrel.be\/?p=4224","title":{"rendered":"\u00ab\u00a0L&rsquo;homme arc-en-ciel\u00a0\u00bb : Julos Beaucarne aux cimaises d&rsquo;une exposition \u00e0 Louvain-La-Neuve&#8230; Rencontre avec Aline Aulit, commissaire de l&rsquo;exposition"},"content":{"rendered":"\n<figure class=\"wp-block-image size-large\"><img loading=\"lazy\" decoding=\"async\" width=\"1024\" height=\"546\" src=\"https:\/\/edmondmorrel.be\/wp-content\/uploads\/2021\/04\/Capture-decran-2021-04-20-a-17.06.47-1024x546.png\" alt=\"\" class=\"wp-image-4225\" srcset=\"https:\/\/edmondmorrel.be\/wp-content\/uploads\/2021\/04\/Capture-decran-2021-04-20-a-17.06.47-1024x546.png 1024w, https:\/\/edmondmorrel.be\/wp-content\/uploads\/2021\/04\/Capture-decran-2021-04-20-a-17.06.47-300x160.png 300w, https:\/\/edmondmorrel.be\/wp-content\/uploads\/2021\/04\/Capture-decran-2021-04-20-a-17.06.47-768x410.png 768w, https:\/\/edmondmorrel.be\/wp-content\/uploads\/2021\/04\/Capture-decran-2021-04-20-a-17.06.47-200x107.png 200w, https:\/\/edmondmorrel.be\/wp-content\/uploads\/2021\/04\/Capture-decran-2021-04-20-a-17.06.47-690x368.png 690w, https:\/\/edmondmorrel.be\/wp-content\/uploads\/2021\/04\/Capture-decran-2021-04-20-a-17.06.47-1320x704.png 1320w, https:\/\/edmondmorrel.be\/wp-content\/uploads\/2021\/04\/Capture-decran-2021-04-20-a-17.06.47.png 1485w\" sizes=\"auto, (max-width: 1024px) 100vw, 1024px\" \/><\/figure>\n\n\n\n<p>Aline Aulit, qui a d\u00e9but\u00e9 sa carri\u00e8re professionnelle aux c\u00f4t\u00e9s de Julos Beaucarne, est la commissaire d&rsquo;une exposition qui rend honneur aux multiples facettes du po\u00e8te Julos Beaucarne. Nous l&rsquo;avons rencontr\u00e9e avant de visiter l&rsquo;exposition et vous proposons de l&rsquo;\u00e9couter. A n&rsquo;en pas douter, comme nous, vous aurez h\u00e2te de franchir le seuil des Halles de Louvain La Neuve et de vous replonger dans cet univers si singulier et multiple d&rsquo;un grand po\u00e8te, passeur et humaniste. <a href=\"https:\/\/edmondmorrel.be\/?p=3892\">Il nous disait en 2009 quelques souvenirs \u00e0 \u00ab\u00a0mi-chemin\u00a0\u00bb, dont l&rsquo;origine rime avec Ecaussinnes. <\/a> Cette interview avait \u00e9t\u00e9 enregistr\u00e9e \u00e0 l&rsquo;occasion de la parution en 2009, d&rsquo;une \u00e9dition compl\u00e8te de ses chansons et po\u00e8mes, \u00ab\u00a0de 1964 \u00e0 l&rsquo;an 09&Prime;&#8230;<\/p>\n\n\n\n<p><a href=\"https:\/\/uclouvain.be\/fr\/etudier\/culture\/l-homme-arc-en-ciel.html\">Le site de l&rsquo;exposition, qui permet d&rsquo;\u00e9couter et visionner de archives li\u00e9es \u00e0 Julos est accessible en ligne.<\/a> <\/p>\n\n\n\n<p>Le programme de \u00ab\u00a0L&rsquo;homme arc-en-ciel\u00a0\u00bb figure ci-dessous. Bonne visite, bonnes lectures dans le monde po\u00e9tique de Julos&#8230;<\/p>\n\n\n\n<p><strong>Jean Jauniaux, le 21 avril 2021.<\/strong><\/p>\n\n\n\n<figure class=\"wp-block-embed is-type-video is-provider-youtube wp-block-embed-youtube wp-embed-aspect-16-9 wp-has-aspect-ratio\"><div class=\"wp-block-embed__wrapper\">\n<iframe loading=\"lazy\" title=\"Aline Aulit : &quot;L&#039;homme arc-en-ciel&quot; une exposition consacr\u00e9e \u00e0 Julos Beaucarne \u00e0 Louvain La Neuve\" width=\"1170\" height=\"658\" src=\"https:\/\/www.youtube.com\/embed\/WObw6VX5GOY?feature=oembed\" frameborder=\"0\" allow=\"accelerometer; autoplay; clipboard-write; encrypted-media; gyroscope; picture-in-picture\" allowfullscreen><\/iframe>\n<\/div><\/figure>\n\n\n\n<p><a href=\"https:\/\/uclouvain.be\/fr\/etudier\/culture\/l-homme-arc-en-ciel.html\"><strong>Sur le site de l&rsquo;exposition:<\/strong><\/a><\/p>\n\n\n\n<p><strong>Date de d\u00e9but 21 avril 2021 Date de fin 03 juin 2021<\/strong>\/ Prix Acc\u00e8s gratuit pour toutes et tous\/  Louvain-la-Neuve\/ Forum des Halles<\/p>\n\n\n\n<p>Entrer dans l\u2019univers de Julos Beaucarne, c\u2019est pousser la porte de l\u2019enfance, tiss\u00e9e des \u00ab souvenances \u00bb du po\u00e8te\u2026 de la campagne wallonne et de cette langue \u00ab venue \u00e0 pied du fond des \u00e2ges \u00bb ; c\u2019est red\u00e9couvrir un surr\u00e9alisme malicieux parsem\u00e9 de \u00ab virelangues \u00bb ludiques et insolites ; c\u2019est se souvenir d\u2019une utopie \u00e9cologiste dont il est pr\u00e9curseur; c\u2019est se bercer des valeurs de tol\u00e9rance et d\u2019ouverture dont toute son \u0153uvre est porteuse. Ne vous arr\u00eatez pas au pull arc-en-ciel ou \u00e0 La Petite Gayole\u2026 Julos est bien plus que cela. Artiste complet (po\u00e8te, musicien, chanteur, com\u00e9dien, sculpteur, performeur\u2026) Julos est le t\u00e9moin de son temps. Depuis les ann\u00e9es 60, il dresse sa plume contre les violences et les injustices du monde, d\u00e9fend tous les opprim\u00e9s, chante la nature, les arbres, le vivant, incarne la cause \u00e9cologique, la r\u00e9silience, la joie\u2026 Mais quelqu\u2019ils soient, ses combats sont d\u00e9nu\u00e9s de toute violence. Sa seule r\u00e9ponse a toujours \u00e9t\u00e9 la bienveillance et l\u2019amour. Ses tr\u00e8s nombreux amis de par le monde sont unanimes : Julos est dans la vie comme sur sc\u00e8ne : il ne triche pas. Si aujourd\u2019hui ses disques et ses livres sont souvent rang\u00e9s dans les biblioth\u00e8ques des grands-parents, nul doute que son message est plus que jamais essentiel pour la jeune g\u00e9n\u00e9ration qui y puisera des r\u00e9ponses pour construire le monde de demain. Un monde plus juste, plus r\u00e9silient, plus humain. <em>Le <\/em><strong><em>Forum des Halles<\/em><\/strong><em> est situ\u00e9 juste \u00e0 c\u00f4t\u00e9 de la gare de Louvain-la-Neuve, dans la Galerie des Halles. Il est ouvert au public du lundi au vendredi de 9h \u00e0 17 et le samedi de 11h \u00e0 17h. <\/em>L&rsquo;expo proposera des contenus audio \u00e0 \u00e9couter via un smartphone. Munissez-vous donc d&rsquo;\u00e9couteurs si vous le souhaitez Des livres et disques seront en vente. Pr\u00e9voyez du liquide car les cartes bancaires ne sont pas accept\u00e9es<\/p>\n\n\n\n<p>Julos continue ensuite son chemin. En 50&nbsp;ans de carri\u00e8re, il \u00e9crit plus de 500 chansons et enregistre 35 albums. Infatigable voyageur, il sillonne les sc\u00e8nes de la francophonie et du monde entier. Il chante en Afrique, aux \u00c9tats-Unis, au Japon, au milieu des d\u00e9combres de Sarajevo, dans les mouroirs de Calcutta ou encore au Qu\u00e9bec, pays tr\u00e8s cher \u00e0 son c\u0153ur. Boud\u00e9 par les radios, Julos s&rsquo;\u00e9panouit v\u00e9ritablement sur sc\u00e8ne. De Bobino \u00e0 l&rsquo;Olympia en passant par toutes les grandes salles de Belgique, de Suisse et de France mais aussi par des salles plus intimes et provinciales, Julos chante partout avec la m\u00eame g\u00e9n\u00e9rosit\u00e9. Il est d&rsquo;ailleurs suivi par un public tr\u00e8s fid\u00e8le.&nbsp;Chanteur du \u00ab tube \u00bb wallon La Petite Gayole, symbole d\u2019une belgitude aux accents r\u00e9confortants, Julos Beaucarne occupe une place particuli\u00e8re dans le paysage culturel et dans le c\u0153ur de ses contemporains.<\/p>\n\n\n\n<p><strong>Co n&rsquo;rawete? <\/strong>Julos est un fervent d\u00e9fenseur du wallon et de la francophonie. C\u2019est la langue de la campagne de son enfance qu\u2019il estime \u00eatre \u00ab le champagne continuel du langage \u00bb En 1981, il enregistre \u00ab La petite Gayole \u00bb, chanson populaire wallonne qui devient en quelque sorte un hymne wallon. Elle retentit d\u2019ailleurs toutes les heures dans Louvain-La-Neuve.<\/p>\n\n\n\n<p><strong>Obs\u00e9d\u00e9 textuel <\/strong>Julos \u00e9crit partout\u2026 tout le temps. Des chansons, des po\u00e8mes, des aphorismes, des virelangues (ensemble de mots qu\u2019il faut parvenir \u00e0 prononcer sans tr\u00e9bucher). Ils sont ses \u00ab compagnons de bouche \u00bb. Dans ses petits carnets qui ne le quittent jamais, il collectionne les mots nouveaux, les expressions savoureuses des dialectes du monde entier.&nbsp;<\/p>\n\n\n\n<p><strong>Je chante pour vous <\/strong>Julos est un homme de sc\u00e8ne. Il y d\u00e9ploie son humour communicatif, ses talents de mime et de com\u00e9dien, son extraordinaire proximit\u00e9 avec le public. Ses costumes chamarr\u00e9s, ses instruments improbables, son r\u00e9pertoire qui alterne textes graves et l\u00e9gers\u2026 tout ceci contribue \u00e0 rendre les spectacles de Julos addictifs pour son public tr\u00e8s fid\u00e8le.<\/p>\n\n\n\n<p><strong>Le julos land <\/strong>L\u2019univers de Julos, c\u2019est l\u2019imagination au pouvoir. Dans sa maison de Tourinnes-la-Grosse, sur sc\u00e8ne, sur le site des pagodes de Wahenge, partout il signe les lieux qu\u2019il occupe de sa pr\u00e9sence fantasque et fantaisiste. Il pose sur le monde un regard empreint de po\u00e9sie. Il joue sur les mots, d\u00e9tourne les objets, invente des concepts&#8230; Quoique lucide sur la r\u00e9alit\u00e9, il a gard\u00e9 intacte son \u00e2me d\u2019enfant.<\/p>\n\n\n\n<p><strong>La r\u00e9volution passera par le v\u00e9lo<\/strong>Amoureux de la nature et du vivant, Julos s\u2019affirme d\u00e8s les ann\u00e9es 70 comme un d\u00e9fenseur de la plan\u00e8te. Au travers de nombreux textes mais aussi par ses actions : il cr\u00e9e le FLAF (Front de Lib\u00e9ration des Arbres fruitiers) en r\u00e9action \u00e0 la loi r\u00e9compensant les agriculteurs qui arrachent leurs arbres fruitiers au nom de l\u2019Europe Agricole, fait l\u2019apologie des \u00e9nergies renouvelables, s\u2019engage et parraine de multiples initiatives en faveur de la biodiversit\u00e9 et, surtout, clame sur tous les tons son amour pour les arbres et le v\u00e9lo\u2026<\/p>\n\n\n\n<p><strong>La po\u00e9sie n&rsquo;est pas que belle, elle est rebelle <\/strong>Etranger \u00e0 toute id\u00e9ologie politique, Julos s\u2019engage pour l\u2019humain. Il braque sa plume contre l\u2019injustice, la violence, toute forme d\u2019oppression. Il s\u2019insurge parfois contre la cruaut\u00e9 des hommes mais revient toujours \u00e0 son leitmotiv : opposer l\u2019amour \u00e0 la haine.<\/p>\n\n\n\n<p><strong>Il faut s&rsquo;aimer \u00e0 tort et \u00e0 travers<\/strong> Julos croit profond\u00e9ment en la vie et en l\u2019amour. Dans la nuit qui suit l\u2019assassinat de sa femme Loulou en 1975, il \u00e9crit une lettre magnifique, un puissant symbole de sa r\u00e9silience. Elle fera le tour du monde. La spiritualit\u00e9 de Julos n\u2019est pas affaire de religion mais de foi en l\u2019homme. Selon lui, nous recevons tous une feuille de route \u00e0 notre naissance. Il nous suffit de la suivre pour nous r\u00e9aliser. Pagodes, tipis, bains de for\u00eats, m\u00e9ditation\u2026 Julos est en connexion profonde avec l\u2019univers et ses \u00e9nergies.<\/p>\n","protected":false},"excerpt":{"rendered":"<p>Aline Aulit, qui a d\u00e9but\u00e9 sa carri\u00e8re professionnelle aux c\u00f4t\u00e9s de Julos Beaucarne, est la commissaire d&rsquo;une exposition qui rend&nbsp;[&hellip;]<\/p>\n","protected":false},"author":2,"featured_media":4225,"comment_status":"closed","ping_status":"closed","sticky":false,"template":"","format":"standard","meta":{"footnotes":""},"categories":[9,15,3],"tags":[103,25,101,102],"class_list":["post-4224","post","type-post","status-publish","format-standard","has-post-thumbnail","hentry","category-entre-les-lignes","category-litterature","category-litterature-dici","tag-ecaussinnes","tag-jean-jauniaux","tag-julos-beaucarne","tag-louvain-la-neuve","post-item clearfix"],"_links":{"self":[{"href":"https:\/\/edmondmorrel.be\/index.php?rest_route=\/wp\/v2\/posts\/4224","targetHints":{"allow":["GET"]}}],"collection":[{"href":"https:\/\/edmondmorrel.be\/index.php?rest_route=\/wp\/v2\/posts"}],"about":[{"href":"https:\/\/edmondmorrel.be\/index.php?rest_route=\/wp\/v2\/types\/post"}],"author":[{"embeddable":true,"href":"https:\/\/edmondmorrel.be\/index.php?rest_route=\/wp\/v2\/users\/2"}],"replies":[{"embeddable":true,"href":"https:\/\/edmondmorrel.be\/index.php?rest_route=%2Fwp%2Fv2%2Fcomments&post=4224"}],"version-history":[{"count":2,"href":"https:\/\/edmondmorrel.be\/index.php?rest_route=\/wp\/v2\/posts\/4224\/revisions"}],"predecessor-version":[{"id":4228,"href":"https:\/\/edmondmorrel.be\/index.php?rest_route=\/wp\/v2\/posts\/4224\/revisions\/4228"}],"wp:featuredmedia":[{"embeddable":true,"href":"https:\/\/edmondmorrel.be\/index.php?rest_route=\/wp\/v2\/media\/4225"}],"wp:attachment":[{"href":"https:\/\/edmondmorrel.be\/index.php?rest_route=%2Fwp%2Fv2%2Fmedia&parent=4224"}],"wp:term":[{"taxonomy":"category","embeddable":true,"href":"https:\/\/edmondmorrel.be\/index.php?rest_route=%2Fwp%2Fv2%2Fcategories&post=4224"},{"taxonomy":"post_tag","embeddable":true,"href":"https:\/\/edmondmorrel.be\/index.php?rest_route=%2Fwp%2Fv2%2Ftags&post=4224"}],"curies":[{"name":"wp","href":"https:\/\/api.w.org\/{rel}","templated":true}]}}