{"id":4191,"date":"2021-04-12T09:23:50","date_gmt":"2021-04-12T07:23:50","guid":{"rendered":"http:\/\/edmondmorrel.be\/?p=4191"},"modified":"2021-04-12T09:23:51","modified_gmt":"2021-04-12T07:23:51","slug":"a-la-memoire-de-jacques-de-decker-lenregistrement-video-de-la-centieme-des-coups-de-midi-dont-il-etait-le-9-mars-2009-linvite-exceptionnel-et-dautres-archives-sonores-et-video","status":"publish","type":"post","link":"https:\/\/edmondmorrel.be\/?p=4191","title":{"rendered":"A la m\u00e9moire de Jacques De Decker: l&rsquo;enregistrement video de la centi\u00e8me des \u00ab\u00a0Coups de Midi\u00a0\u00bb dont il \u00e9tait, le 9 mars 2009, l&rsquo;invit\u00e9 exceptionnel et d&rsquo;autres archives sonores et video."},"content":{"rendered":"\n<p><em>Dans cet article paraissant un an jour pour jour apr\u00e8s le d\u00e9c\u00e8s de Jacques De Decker, nous avons souhait\u00e9 donner la possibilit\u00e9 aux visiteurs de \u00ab\u00a0L&rsquo;ivresse des livres\u00a0\u00bb, de retrouver certains enregistrements de ce dernier, capt\u00e9s  lors de rencontres publiques (A deux reprises \u00ab\u00a0Les Coups de Midi\u00a0\u00bb lui ont \u00e9t\u00e9 consacr\u00e9s, en 2009 et 2018), ou dans la maison qu&rsquo;il aimait tant, Rue Chapeli\u00e9 (une centaine de \u00ab\u00a0Marges et contre -Marges\u00a0\u00bb), mais aussi les interviews que nous avions enregistr\u00e9es en vue de la monographie consacr\u00e9e \u00e0 l&rsquo;auteur de \u00ab\u00a0La grande roue\u00a0\u00bb (parue en 2010 et en voie de r\u00e9\u00e9dition) intitul\u00e9e \u00ab\u00a0La Facult\u00e9 des lettres\u00a0\u00bb  . Ce titre est aussi celui d&rsquo;u<a href=\"https:\/\/www.academieroyale.be\/fr\/le-college-belgique-lecons\/\">ne conf\u00e9rence qui sera donn\u00e9e au Coll\u00e8ge Belgique le 29 septembre 2021 . <\/a><\/em>(J.J. <em>L&rsquo;ivresse des livres.<\/em>)<\/p>\n\n\n\n<div class=\"wp-block-image\"><figure class=\"aligncenter size-large is-resized\"><img loading=\"lazy\" decoding=\"async\" src=\"https:\/\/edmondmorrel.be\/wp-content\/uploads\/2021\/04\/JDD-photo-lambiotte-J.DE-DECKER134-683x1024.jpg\" alt=\"\" class=\"wp-image-4203\" width=\"284\" height=\"425\" srcset=\"https:\/\/edmondmorrel.be\/wp-content\/uploads\/2021\/04\/JDD-photo-lambiotte-J.DE-DECKER134-683x1024.jpg 683w, https:\/\/edmondmorrel.be\/wp-content\/uploads\/2021\/04\/JDD-photo-lambiotte-J.DE-DECKER134-200x300.jpg 200w, https:\/\/edmondmorrel.be\/wp-content\/uploads\/2021\/04\/JDD-photo-lambiotte-J.DE-DECKER134-768x1152.jpg 768w, https:\/\/edmondmorrel.be\/wp-content\/uploads\/2021\/04\/JDD-photo-lambiotte-J.DE-DECKER134-1024x1536.jpg 1024w, https:\/\/edmondmorrel.be\/wp-content\/uploads\/2021\/04\/JDD-photo-lambiotte-J.DE-DECKER134-1365x2048.jpg 1365w, https:\/\/edmondmorrel.be\/wp-content\/uploads\/2021\/04\/JDD-photo-lambiotte-J.DE-DECKER134-690x1035.jpg 690w, https:\/\/edmondmorrel.be\/wp-content\/uploads\/2021\/04\/JDD-photo-lambiotte-J.DE-DECKER134-1320x1980.jpg 1320w, https:\/\/edmondmorrel.be\/wp-content\/uploads\/2021\/04\/JDD-photo-lambiotte-J.DE-DECKER134-scaled.jpg 1707w\" sizes=\"auto, (max-width: 284px) 100vw, 284px\" \/><figcaption>\u00a9 Christian Lambiotte<\/figcaption><\/figure><\/div>\n\n\n\n<p>On sait combien Jacques De Decker a d\u00e9fendu, promu, encourag\u00e9 \u00ab\u00a0les autres\u00a0\u00bb, les acteurs et actrices du monde litt\u00e9raire et culturel au sens le plus large dont il aimait souligner les qualit\u00e9s, l&rsquo;originalit\u00e9, le talent. Au fil des ann\u00e9es, il b\u00e2tissait aussi sa propre oeuvre \u00e0 laquelle il nous a toujours sembl\u00e9 que l&rsquo;on s&rsquo;int\u00e9ressait insuffisamment. L&rsquo;oeuvre de Jacques De Decker omnipr\u00e9sent ambassadeur des lettres et de la culture, n&rsquo;a pas encore \u00e9t\u00e9, \u00e0 nos yeux, assez mise en valeur par celles et ceux qui se sp\u00e9cialisent dans l&rsquo;\u00e9tude des lettres belges de langue fran\u00e7aise, que ce soit \u00e0 travers le roman, le th\u00e9\u00e2tre ou l&rsquo;essai. Pour ce dernier \u00ab\u00a0genre\u00a0\u00bb litt\u00e9raire, il conviendrait d&rsquo;y inclure l&rsquo;ensemble des articles  publi\u00e9s dans <em>Le Soir<\/em> mais aussi dans d&rsquo;autres publications, ainsi que les \u00e9ditoriaux dont <strong>\u00ab\u00a0Le Carnet et les Instants\u00a0\u00bb <\/strong>(N\u00b0207\/ Avril 2021) a fait derni\u00e8rement l&rsquo;\u00e9vocation, publiant un entretien que nous avait demand\u00e9 <strong>Michel Torrekens<\/strong>. <\/p>\n\n\n\n<figure class=\"wp-block-image size-large\"><img loading=\"lazy\" decoding=\"async\" width=\"1024\" height=\"576\" src=\"https:\/\/edmondmorrel.be\/wp-content\/uploads\/2021\/04\/JDDJJ-Article-prefaces-carnet-et-instants-IMG_1188-copie-2-1024x576.jpg\" alt=\"\" class=\"wp-image-4201\" srcset=\"https:\/\/edmondmorrel.be\/wp-content\/uploads\/2021\/04\/JDDJJ-Article-prefaces-carnet-et-instants-IMG_1188-copie-2-1024x576.jpg 1024w, https:\/\/edmondmorrel.be\/wp-content\/uploads\/2021\/04\/JDDJJ-Article-prefaces-carnet-et-instants-IMG_1188-copie-2-300x169.jpg 300w, https:\/\/edmondmorrel.be\/wp-content\/uploads\/2021\/04\/JDDJJ-Article-prefaces-carnet-et-instants-IMG_1188-copie-2-768x432.jpg 768w, https:\/\/edmondmorrel.be\/wp-content\/uploads\/2021\/04\/JDDJJ-Article-prefaces-carnet-et-instants-IMG_1188-copie-2-1536x864.jpg 1536w, https:\/\/edmondmorrel.be\/wp-content\/uploads\/2021\/04\/JDDJJ-Article-prefaces-carnet-et-instants-IMG_1188-copie-2-200x113.jpg 200w, https:\/\/edmondmorrel.be\/wp-content\/uploads\/2021\/04\/JDDJJ-Article-prefaces-carnet-et-instants-IMG_1188-copie-2-690x388.jpg 690w, https:\/\/edmondmorrel.be\/wp-content\/uploads\/2021\/04\/JDDJJ-Article-prefaces-carnet-et-instants-IMG_1188-copie-2-1320x743.jpg 1320w, https:\/\/edmondmorrel.be\/wp-content\/uploads\/2021\/04\/JDDJJ-Article-prefaces-carnet-et-instants-IMG_1188-copie-2.jpg 2016w\" sizes=\"auto, (max-width: 1024px) 100vw, 1024px\" \/><figcaption>Dans le dossier de Michel Torrekens consacr\u00e9 aux pr\u00e9faces dans \u00ab\u00a0Le Carnet et les instants\u00a0\u00bb (n\u00b0 207)  interview de J. Jauniaux \u00e0 propos des pr\u00e9faces de Jacques De Decker.<\/figcaption><\/figure>\n\n\n\n<p>Dans cet interview l&rsquo;occasion nous \u00e9tait donn\u00e9e d&rsquo;\u00e9voquer les pr\u00e9faces que Jacques De Decker \u00e9crivait pour des livres aussi importants que les r\u00e9\u00e9ditions des nouvelles de Philippe Jones  ou des essais de son ma\u00eetre Jean Weisgerber, mais aussi la place singuli\u00e8re des \u00e9ditoriaux de la revue <strong>MARGINALES<\/strong> et la postface qu&rsquo;il m&rsquo;avait demand\u00e9e pour la r\u00e9\u00e9dition de son roman <em>Le ventre de la baleine<\/em> (paru aux <strong>Editions Weyrich <\/strong>et \u00e0 propos duquel nous avions enregistr\u00e9 <strong><a href=\"https:\/\/edmondmorrel.be\/?p=835\">un long entretien avec Jacques De Decker que l&rsquo;on peut \u00e9couter ici.<\/a><\/strong><\/p>\n\n\n\n<p>Le privil\u00e8ge de l&rsquo;amiti\u00e9 d&rsquo;un demi-si\u00e8cle nous a donn\u00e9 l&rsquo;occasion \u00e0 plusieurs reprises de tenter, \u00e0 notre niveau, de pallier cet \u00ab\u00a0effacement\u00a0\u00bb de l&rsquo;oeuvre et de forcer la nature modeste de l&rsquo;acad\u00e9micien en nous effor\u00e7ant de le faire t\u00e9moigner sur ses propres cr\u00e9ations. Il y eut ainsi en 2010 la monographie (aujourd&rsquo;hui \u00e9puis\u00e9e et qui sera r\u00e9\u00e9dit\u00e9e bient\u00f4t sous le m\u00eame titre qu&rsquo;il aimait beaucoup) <em><strong>La Facult\u00e9 des lettres<\/strong> <\/em>. Cet essai abordait, notamment \u00e0 travers des entretiens avec Jacques De Decker, l&rsquo;oeuvre de fiction en prose (nouvelles et romans), l&rsquo;aventure de la revue <strong>MARGINALES<\/strong><em> <\/em>(dont j&rsquo;ai \u00e9t\u00e9 le t\u00e9moin privil\u00e9gi\u00e9 en qualit\u00e9 de r\u00e9dacteur en chef de 2009 jusqu&rsquo;\u00e0 son d\u00e9c\u00e8s en 2020 et que nous n&rsquo;avons pas souhait\u00e9 poursuivre sans qu&rsquo;il n&rsquo;en soit aux commandes), l&rsquo;engagement europ\u00e9en (en \u00e9voquant notamment des projets que nous avions souhait\u00e9 promouvoir dans l&rsquo;optique culturelle europ\u00e9enne), et d&rsquo;autres sujets encore. Cet essai devait \u00eatre suivi de deux autres: l&rsquo;un consacr\u00e9 aux \u00e9crits critiques (en cours d&rsquo;\u00e9laboration, mais retard\u00e9 par l&rsquo;acc\u00e8s difficile aux archives), l&rsquo;autre consacr\u00e9 aux oeuvres th\u00e9\u00e2trales (qui n&rsquo;a plus lieu d&rsquo;\u00eatre depuis la magistrale analyse de celui-ci par <a href=\"https:\/\/edmondmorrel.be\/?p=3867\"><strong>Paul Emond <\/strong>en ouverture du <strong>\u00ab\u00a0Th\u00e9\u00e2tre complet\u00a0\u00bb<\/strong> publi\u00e9 aux Editions de l&rsquo;Acad\u00e9mie royale de langue et litt\u00e9rature fran\u00e7aises de Belgique et dont nous avons rendu compte ici)<\/a> accompagnant cette recension d&rsquo;une interview de l&rsquo;\u00e9crivain et dramaturge <strong>Paul Emond<\/strong>.<\/p>\n\n\n\n<figure class=\"wp-block-image size-large\"><img loading=\"lazy\" decoding=\"async\" width=\"728\" height=\"486\" src=\"https:\/\/edmondmorrel.be\/wp-content\/uploads\/2021\/04\/Capture-decran-2021-04-12-a-08.21.25.png\" alt=\"\" class=\"wp-image-4197\" srcset=\"https:\/\/edmondmorrel.be\/wp-content\/uploads\/2021\/04\/Capture-decran-2021-04-12-a-08.21.25.png 728w, https:\/\/edmondmorrel.be\/wp-content\/uploads\/2021\/04\/Capture-decran-2021-04-12-a-08.21.25-300x200.png 300w, https:\/\/edmondmorrel.be\/wp-content\/uploads\/2021\/04\/Capture-decran-2021-04-12-a-08.21.25-200x134.png 200w, https:\/\/edmondmorrel.be\/wp-content\/uploads\/2021\/04\/Capture-decran-2021-04-12-a-08.21.25-690x461.png 690w\" sizes=\"auto, (max-width: 728px) 100vw, 728px\" \/><figcaption>\u00ab\u00a0<em>J\u2019ai un tr\u00e8s grand respect du th\u00e9\u00e2tre. Je trouve que c\u2019est une des activit\u00e9s humaines les plus nobles. Je crois que les acteurs sont des \u00eatres merveilleux\u2026je connais peu d\u2019exemples du contraire\u2026(\u2026)\u00a0\u00bb<\/em> (Jacques De Decker, entretien avec J. Jauniaux, mai 2008.)<\/figcaption><\/figure>\n\n\n\n<p>Au fil des ann\u00e9es, nous avons eu l&rsquo;occasion d&rsquo;enregistrer de nombreux entretiens avec Jacques De Decker. Certains ont fait l&rsquo;objet de publications sonores sur le site (aujourd&rsquo;hui intitul\u00e9) <em>\u00ab\u00a0L&rsquo;ivresse des livres\u00a0\u00bb.<\/em> Sous le nom de <strong><a href=\"https:\/\/edmondmorrel.be\/?page_id=69\">\u00ab\u00a0Marges et contre-marges\u00a0\u00bb<\/a><\/strong>, ces doubles chroniques \u00e9taient l&rsquo;occasion pour Jacques De Decker , apr\u00e8s son d\u00e9part du journal Le Soir, de renouer avec l&rsquo;actualit\u00e9 culturelle et litt\u00e9raire. C&rsquo;\u00e9tait chez lui, dans sa maison de la rue Chapeli\u00e9 &#8211; ( dont il nous avait dit qu&rsquo;il souhaitait \u00ab\u00a0qu&rsquo;elle conserve la m\u00e9moire de (son) p\u00e8re, le peintre Luc De Decker, de (son) fr\u00e8re, Armand De Decker, et de l(lui-)m\u00eame\u00a0\u00bb) &#8211; que nous nous retrouvions pour qu&rsquo;il enregistre ces chroniques dont on peut \u00e9couter sur ce site une centaine d&rsquo;enregistrements. Dispos\u00e9s en deux volets, &#8211; une lecture d&rsquo;un texte bref et une improvisation d&rsquo;une vingtaine de minutes -, ces diptyques n&rsquo;ont rien perdu de leur intensit\u00e9 d&rsquo;\u00e9rudition et d&rsquo;acuit\u00e9. Dans cet exercice effectu\u00e9 en toute libert\u00e9, que ce soit dans la dur\u00e9e ou dans le choix des th\u00e8mes, Jacques De Decker abordait l&rsquo;actualit\u00e9 culturelle, litt\u00e9raire et soci\u00e9tale \u00e0 travers les romans \u00e0 para\u00eetre, les classiques \u00e0 relire, les traductions \u00e0 saluer, mais aussi, plus rarement, en \u00e9clairant l&rsquo;actualit\u00e9  \u00e0 travers ce que lui inspiraient des personnalit\u00e9s politiques. Il y a l\u00e0 pour ceux qui s&rsquo;int\u00e9resseront \u00e0 la d\u00e9marche ded\u00e9ck\u00e9rienne un in\u00e9puisable gisement d&rsquo;intelligence critique et d&rsquo;\u00e9rudition partag\u00e9e.<\/p>\n\n\n\n<p>Nous l&rsquo;avons \u00e9galement interview\u00e9 \u00e0 l&rsquo;occasion de l&rsquo;actualit\u00e9 \u00e9ditoriale le concernant, comme le projet de livre d&rsquo;art accompagnant la nouvelle <strong><a href=\"https:\/\/edmondmorrel.be\/?p=3837\">\u00ab\u00a0Suzanne \u00e0 la pomme\u00a0\u00bb d&rsquo;illustrations de l&rsquo;artiste Maja Polackova, livre qui sera \u00e9dit\u00e9 en 2020 chez Maelstr\u00f6m Editions<\/a><\/strong>, ou  \u00e0 la r\u00e9\u00e9dition de son roman <strong><a href=\"https:\/\/edmondmorrel.be\/?p=835\"><em>Le ventre de la baleine (<\/em>Editions Weyrich)<\/a><\/strong>, ou \u00e0 la reprise de <strong><a href=\"https:\/\/edmondmorrel.be\/?p=3433\">son adaptation de <em>La Cerisaie <\/em>au Th\u00e9\u00e2tre des Martyrs (2011)<\/a><\/strong> dans une mise en sc\u00e8ne de Daniel Scahaise.<\/p>\n\n\n\n<p>Nous republierons de fa\u00e7on r\u00e9guli\u00e8re, les entretiens au cours desquels nous interrogions Jacques De Decker sur son oeuvre, for\u00e7ant chaque fois cette r\u00e9serve naturelle que le romancier manifestait lorsqu&rsquo;il s&rsquo;agissait de parler de lui. <\/p>\n\n\n\n<p>Sans doute la complicit\u00e9 amicale qui nous liait depuis plus d&rsquo;un demi-si\u00e8cle ( <a href=\"https:\/\/edmondmorrel.be\/?p=4168\">\u00ab\u00a0une sorte de tandem \u00e0 la Laurel et Hardy\u00a0\u00bb, disait-il lors d&rsquo;une rencontre litt\u00e9raire \u00e0 l&rsquo;A.E.B.<\/a> ) avait-elle suscit\u00e9 chez lui une confiance qui l&rsquo;autorisait \u00e0 nous confier la t\u00e2che de \u00ab\u00a0Monsieur Loyal\u00a0\u00bb lors de ces exercices publics au cours desquels nous avions la charge de l&rsquo;interroger. Il y eut, \u00e0 l&rsquo;H\u00f4tel de ville de Bruxelles la pr\u00e9sentation de sa premi\u00e8re biographie parue chez Folio Gallimard (<em>Wagner)<\/em>, mais aussi les deux anniversaires des<strong> \u00ab\u00a0Coups de Midi des Riches Claires\u00a0\u00bb<\/strong>, un concept de rencontres litt\u00e9raires que Jacques De Decker mit sur pied en 1998 (avec la complicit\u00e9 de la directrice de la biblioth\u00e8que des Riches Claires, Marie-Ang\u00e8le Dehaye et de sa collaboratrice Marie-Christine Jadot) pour mettre en \u00e9vidence  les \u00e9crivains qui faisaient l&rsquo;actualit\u00e9 de l&rsquo;\u00e9dition belge francophone. Il y eut deux occasions de c\u00e9l\u00e9brer cette manifestation inscrite depuis plus de vingt ans dans le calendrier litt\u00e9raire belge francophone: la \u00ab\u00a0centi\u00e8me\u00a0\u00bb (mars 2009) et le \u00ab\u00a0vingti\u00e8me anniversaire\u00a0\u00bb (mai 2018). Dans les deux cas, Jacques De Decker accepta de devenir \u00ab\u00a0l&rsquo;arroseur arros\u00e9\u00a0\u00bb et de r\u00e9pondre aux questions au lieu de les poser. A ces deux occasions, il avait souhait\u00e9 que nous soyons son interlocuteur. <\/p>\n\n\n\n<p>L&rsquo;enregistrement video et sonore du vingti\u00e8me anniversaire est disponible <a href=\"http:\/\/www.brunette.brucity.be\/bib\/bibp1\/index.htm\"><strong>sur le site de la Biblioth\u00e8que des Riches Claires <\/strong><\/a>et <a href=\"https:\/\/edmondmorrel.be\/?p=4097\"><strong>sur le site de \u00ab\u00a0L&rsquo;ivresse des livres\u00a0\u00bb<\/strong> <\/a>. Pour cette soir\u00e9e nous avions demand\u00e9 aux auteurs de la revue <strong>Marginales<\/strong> de nous adresser les questions qu&rsquo;ils souhaitaient poser au jubilaire, avec une consigne: l&rsquo;interroger sur son oeuvre \u00e0 lui! et , pour ce qui nous concerne, l&#8217;emp\u00eacher de c\u00e9der \u00e0 sa vocation premi\u00e8re , celle de parler des autres&#8230;<\/p>\n\n\n\n<p>Dix ans plus t\u00f4t, souhaitant souligner la centi\u00e8me \u00e9dition des \u00ab\u00a0Coups de Midi\u00a0\u00bb, nous devions identifier un \u00e9crivain hors-norme qui serait \u00e0 la hauteur de cette \u00e9dition sp\u00e9ciale. Ainsi, cet invit\u00e9 exceptionnel fut Jacques De Decker lui-m\u00eame. Il  me revenait  de l&rsquo;interviewer \u00e0 cette occasion, non pas en ses qualit\u00e9s d&rsquo;animateur-fondateur des coups de midi, mais en tant qu&rsquo;\u00e9crivain. L&rsquo;enregistrement de cette centi\u00e8me (dont Christopher G\u00e9rard avait accept\u00e9 d&rsquo;\u00eatre le 99e invit\u00e9) qui se d\u00e9roula dans la salle de Riches Claires  <a href=\"https:\/\/youtu.be\/v-hE2NTuptk\"><strong>est dor\u00e9navant accessible sur le site de \u00ab\u00a0L&rsquo;ivresse des livres\u00a0\u00bb :<\/strong><\/a><\/p>\n\n\n\n<div class=\"wp-block-image\"><figure class=\"alignright size-large is-resized\"><img loading=\"lazy\" decoding=\"async\" src=\"https:\/\/edmondmorrel.be\/wp-content\/uploads\/2021\/04\/Capture-decran-2021-04-10-a-13.01.32.png\" alt=\"\" class=\"wp-image-4198\" width=\"356\" height=\"252\" srcset=\"https:\/\/edmondmorrel.be\/wp-content\/uploads\/2021\/04\/Capture-decran-2021-04-10-a-13.01.32.png 656w, https:\/\/edmondmorrel.be\/wp-content\/uploads\/2021\/04\/Capture-decran-2021-04-10-a-13.01.32-300x213.png 300w, https:\/\/edmondmorrel.be\/wp-content\/uploads\/2021\/04\/Capture-decran-2021-04-10-a-13.01.32-200x142.png 200w\" sizes=\"auto, (max-width: 356px) 100vw, 356px\" \/><figcaption>Le centi\u00e8me \u00ab\u00a0Coup de Midi\u00a0\u00bb de la biblioth\u00e8que des Riches Claires, 9 mars 2009&#8230;<\/figcaption><\/figure><\/div>\n\n\n\n<figure class=\"wp-block-embed is-type-video is-provider-youtube wp-block-embed-youtube wp-embed-aspect-16-9 wp-has-aspect-ratio\"><div class=\"wp-block-embed__wrapper\">\n<iframe loading=\"lazy\" title=\"Jacques De Decker : invit\u00e9 de la &quot;centi\u00e8me&quot; des Coups de Midi de la biblioth\u00e8que des Riches-Claires\" width=\"1170\" height=\"658\" src=\"https:\/\/www.youtube.com\/embed\/v-hE2NTuptk?feature=oembed\" frameborder=\"0\" allow=\"accelerometer; autoplay; clipboard-write; encrypted-media; gyroscope; picture-in-picture\" allowfullscreen><\/iframe>\n<\/div><\/figure>\n\n\n\n<p><\/p>\n\n\n\n<p>Il y a un an jour pour jour s&rsquo;\u00e9teignait Jacques De Decker. Nous nous proposons d&rsquo;\u00e9voquer ici et ailleurs  son oeuvre, que ce soit \u00e0 travers des entretiens, les archives sonores dont nous disposons  ou des publications et participation \u00e0 des conf\u00e9rences ou colloques. <\/p>\n\n\n\n<p>Nous esp\u00e9rons ainsi continuer \u00e0 apporter notre contribution et notre t\u00e9moignage aux travaux que ne manqueront pas d&rsquo;inspirer au niveau europ\u00e9en et francophone, l\u2019\u0153uvre prot\u00e9iforme d&rsquo;un artiste irrempla\u00e7able.<\/p>\n\n\n\n<p>J<strong>ean Jauniaux, le 12 avril 2021.<\/strong><\/p>\n\n\n\n<figure class=\"wp-block-image size-large\"><img loading=\"lazy\" decoding=\"async\" width=\"1024\" height=\"798\" src=\"https:\/\/edmondmorrel.be\/wp-content\/uploads\/2021\/04\/JDD-Boite-a-livres-IMG_4261-1024x798.jpg\" alt=\"\" class=\"wp-image-4200\" srcset=\"https:\/\/edmondmorrel.be\/wp-content\/uploads\/2021\/04\/JDD-Boite-a-livres-IMG_4261-1024x798.jpg 1024w, https:\/\/edmondmorrel.be\/wp-content\/uploads\/2021\/04\/JDD-Boite-a-livres-IMG_4261-300x234.jpg 300w, https:\/\/edmondmorrel.be\/wp-content\/uploads\/2021\/04\/JDD-Boite-a-livres-IMG_4261-768x598.jpg 768w, https:\/\/edmondmorrel.be\/wp-content\/uploads\/2021\/04\/JDD-Boite-a-livres-IMG_4261-1536x1197.jpg 1536w, https:\/\/edmondmorrel.be\/wp-content\/uploads\/2021\/04\/JDD-Boite-a-livres-IMG_4261-2048x1596.jpg 2048w, https:\/\/edmondmorrel.be\/wp-content\/uploads\/2021\/04\/JDD-Boite-a-livres-IMG_4261-200x156.jpg 200w, https:\/\/edmondmorrel.be\/wp-content\/uploads\/2021\/04\/JDD-Boite-a-livres-IMG_4261-690x538.jpg 690w, https:\/\/edmondmorrel.be\/wp-content\/uploads\/2021\/04\/JDD-Boite-a-livres-IMG_4261-1320x1029.jpg 1320w\" sizes=\"auto, (max-width: 1024px) 100vw, 1024px\" \/><figcaption>Partout, toujours, un livre&#8230;<\/figcaption><\/figure>\n\n\n\n<p><\/p>\n","protected":false},"excerpt":{"rendered":"<p>Dans cet article paraissant un an jour pour jour apr\u00e8s le d\u00e9c\u00e8s de Jacques De Decker, nous avons souhait\u00e9 donner&nbsp;[&hellip;]<\/p>\n","protected":false},"author":2,"featured_media":4203,"comment_status":"closed","ping_status":"closed","sticky":false,"template":"","format":"standard","meta":{"footnotes":""},"categories":[9,8,15,4,3,5],"tags":[],"class_list":["post-4191","post","type-post","status-publish","format-standard","has-post-thumbnail","hentry","category-entre-les-lignes","category-essais","category-litterature","category-litterature-dailleurs","category-litterature-dici","category-marges-et-contre-marge","post-item clearfix"],"_links":{"self":[{"href":"https:\/\/edmondmorrel.be\/index.php?rest_route=\/wp\/v2\/posts\/4191","targetHints":{"allow":["GET"]}}],"collection":[{"href":"https:\/\/edmondmorrel.be\/index.php?rest_route=\/wp\/v2\/posts"}],"about":[{"href":"https:\/\/edmondmorrel.be\/index.php?rest_route=\/wp\/v2\/types\/post"}],"author":[{"embeddable":true,"href":"https:\/\/edmondmorrel.be\/index.php?rest_route=\/wp\/v2\/users\/2"}],"replies":[{"embeddable":true,"href":"https:\/\/edmondmorrel.be\/index.php?rest_route=%2Fwp%2Fv2%2Fcomments&post=4191"}],"version-history":[{"count":5,"href":"https:\/\/edmondmorrel.be\/index.php?rest_route=\/wp\/v2\/posts\/4191\/revisions"}],"predecessor-version":[{"id":4205,"href":"https:\/\/edmondmorrel.be\/index.php?rest_route=\/wp\/v2\/posts\/4191\/revisions\/4205"}],"wp:featuredmedia":[{"embeddable":true,"href":"https:\/\/edmondmorrel.be\/index.php?rest_route=\/wp\/v2\/media\/4203"}],"wp:attachment":[{"href":"https:\/\/edmondmorrel.be\/index.php?rest_route=%2Fwp%2Fv2%2Fmedia&parent=4191"}],"wp:term":[{"taxonomy":"category","embeddable":true,"href":"https:\/\/edmondmorrel.be\/index.php?rest_route=%2Fwp%2Fv2%2Fcategories&post=4191"},{"taxonomy":"post_tag","embeddable":true,"href":"https:\/\/edmondmorrel.be\/index.php?rest_route=%2Fwp%2Fv2%2Ftags&post=4191"}],"curies":[{"name":"wp","href":"https:\/\/api.w.org\/{rel}","templated":true}]}}