{"id":4135,"date":"2021-03-29T15:22:06","date_gmt":"2021-03-29T13:22:06","guid":{"rendered":"http:\/\/edmondmorrel.be\/?p=4135"},"modified":"2021-03-29T15:22:08","modified_gmt":"2021-03-29T13:22:08","slug":"florence-silvestri-lexploration-des-vertiges","status":"publish","type":"post","link":"https:\/\/edmondmorrel.be\/?p=4135","title":{"rendered":"Florence Silvestri: l&rsquo;exploration des vertiges."},"content":{"rendered":"\n<p>Du 24 mars au 23 avril, <a href=\"https:\/\/flosilvestri.com\/\"><strong>Florence Silvestr<\/strong>i<\/a>  expose \u00e0 Li\u00e8ge dans la <strong><a href=\"https:\/\/www.villagallery.online\">Villa Gallery<\/a><\/strong> (1, Parc de la Boverie, 4020 Li\u00e8ge, \u00e0 une centaine de m\u00e8tres du Mus\u00e9e de la Boverie). C&rsquo;\u00e9tait l\u00e0 une occasion de rencontrer l&rsquo;artiste et de l&rsquo;interroger sur son parcours artistiques, ses sources d&rsquo;inspiration, ses techniques. Un catalogue-monographie paru aux Editions Marot (1919) nous offre quelques pistes d&rsquo;approche d&rsquo;une oeuvre composite, tant par les formats que par les supports et les techniques. A Li\u00e8ge, les cimaises de Villa Gallery s&rsquo;ornent de toiles grand format, de photographies sur panneau et de s\u00e9rigraphies (suspendues sous verre dans un encadrement qui les met particuli\u00e8rement bien en valeur). <\/p>\n\n\n\n<div class=\"wp-block-image\"><figure class=\"alignright size-large is-resized\"><img loading=\"lazy\" decoding=\"async\" src=\"https:\/\/edmondmorrel.be\/wp-content\/uploads\/2021\/03\/Capture-decran-2021-03-29-a-09.40.11.png\" alt=\"\" class=\"wp-image-4138\" width=\"315\" height=\"404\" srcset=\"https:\/\/edmondmorrel.be\/wp-content\/uploads\/2021\/03\/Capture-decran-2021-03-29-a-09.40.11.png 499w, https:\/\/edmondmorrel.be\/wp-content\/uploads\/2021\/03\/Capture-decran-2021-03-29-a-09.40.11-234x300.png 234w, https:\/\/edmondmorrel.be\/wp-content\/uploads\/2021\/03\/Capture-decran-2021-03-29-a-09.40.11-200x257.png 200w\" sizes=\"auto, (max-width: 315px) 100vw, 315px\" \/><\/figure><\/div>\n\n\n\n<p>Dans l&rsquo;introduction au catalogue, Jan Martens identifie avec justesse la dimension architecturale des oeuvres de Florence Silvestri, et l&rsquo;inspiration que lui insufflent les villes (en particulier Shanghai et New-York) que \u00ab\u00a0son oeuvre picturale  finit par exploser en une vaste fresque de paysages urbains.\u00a0\u00bb Les villes sont aussi au coeur de plusieurs des photographies expos\u00e9es comme <em>Chicago <\/em>et <em>Rockfeller Plaza <\/em>. L&rsquo;artiste transfigure litt\u00e9ralement la g\u00e9om\u00e9trie du lieu en y superposant son regard ou les \u00e9l\u00e9ments constitutifs de sa perception du monde,  l&rsquo;appareil photographique derri\u00e8re lequel on devine la photographe et les circuits int\u00e9gr\u00e9s. Ces derniers apparaissent aussi comme matrices des s\u00e9rigraphies dont Florence Silvestri investigue la fausse harmonie, l&rsquo;\u00e9quilibre trompeur, les trajectoires d&rsquo;apparence rassurante tout en exaltant la fragilit\u00e9 des ces lignes et points labyrinthiques. N&rsquo;est-ce pas l&rsquo;\u00e9nigme d&rsquo;un langage inconnu  qu&rsquo;elle tente ici de d\u00e9nouer dans l&rsquo;aplat, invitant notre regard \u00e0 suivre les itin\u00e9raires comme  si d&rsquo;une \u00e9criture ind\u00e9chiffrable,  elle allait nous indiquer la dimensions symbolique? Le spectateur aligne alors son regard sur les pistes color\u00e9es et y projette un imaginaire visuel, sonore, \u00e9motif.<\/p>\n\n\n\n<figure class=\"wp-block-image size-large\"><img loading=\"lazy\" decoding=\"async\" width=\"1024\" height=\"660\" src=\"https:\/\/edmondmorrel.be\/wp-content\/uploads\/2021\/03\/Capture-decran-2021-03-29-a-15.18.33-1024x660.png\" alt=\"\" class=\"wp-image-4141\" srcset=\"https:\/\/edmondmorrel.be\/wp-content\/uploads\/2021\/03\/Capture-decran-2021-03-29-a-15.18.33-1024x660.png 1024w, https:\/\/edmondmorrel.be\/wp-content\/uploads\/2021\/03\/Capture-decran-2021-03-29-a-15.18.33-300x193.png 300w, https:\/\/edmondmorrel.be\/wp-content\/uploads\/2021\/03\/Capture-decran-2021-03-29-a-15.18.33-768x495.png 768w, https:\/\/edmondmorrel.be\/wp-content\/uploads\/2021\/03\/Capture-decran-2021-03-29-a-15.18.33-200x129.png 200w, https:\/\/edmondmorrel.be\/wp-content\/uploads\/2021\/03\/Capture-decran-2021-03-29-a-15.18.33-690x445.png 690w, https:\/\/edmondmorrel.be\/wp-content\/uploads\/2021\/03\/Capture-decran-2021-03-29-a-15.18.33.png 1116w\" sizes=\"auto, (max-width: 1024px) 100vw, 1024px\" \/><figcaption>https:\/\/youtu.be\/QW7G7mVZA4U <\/figcaption><\/figure>\n\n\n\n<p>De la m\u00eame fa\u00e7on, dans l&rsquo;oeuvre picturale, l&rsquo;artiste affronte le vertige de la verticalit\u00e9 des m\u00e9galopoles en collant sur la toile des circuits int\u00e9gr\u00e9s en guise d&rsquo;\u00e9difices. Les vestiges technologiques ayant perdu leur usage retrouvent ici une esth\u00e9tique dont seul le regard peut les doter. N&rsquo;y a-t-il pas ici une parabole de la fonction de l&rsquo;art et du regard de l&rsquo;artiste? Ce qui fut un assemblage fonctionnel (n\u00e9 au hasard d&rsquo;un bricolage dans les ateliers de Texas Instrument en 1958 et qui valut un Prix Nobel \u00e0 son inventeur 42 ans plus tard&#8230;) s&rsquo;int\u00e8gre, entre les mains de l&rsquo;artiste, \u00e0 une troisi\u00e8me dimension, associant  la technologie obsol\u00e8te et l&rsquo;interpr\u00e9tation sans cesse renouvel\u00e9e de celle-ci \u00e0 l&rsquo;int\u00e9rieur d&rsquo;un espace urbain vertical. <\/p>\n\n\n\n<p>L&rsquo;univers de Florence Silvestri se d\u00e9ploie dans une inspiration  renouvel\u00e9e sans cesse \u00e0 partir d&rsquo;\u00e9l\u00e9ments fondamentaux qu&rsquo;elle assemble et interroge pour nous en proposer des visions stimulantes et nous mettre en r\u00e9sonance avec les r\u00e9seaux qu&rsquo;elle compose, comme une partition musicale ou la sc\u00e9nographie d&rsquo;un ballet. <\/p>\n\n\n\n<figure class=\"wp-block-embed is-type-video is-provider-youtube wp-block-embed-youtube wp-embed-aspect-16-9 wp-has-aspect-ratio\"><div class=\"wp-block-embed__wrapper\">\n<iframe loading=\"lazy\" title=\"Rencontre avec l&#039;artiste Florence Silvestri\" width=\"1170\" height=\"658\" src=\"https:\/\/www.youtube.com\/embed\/QW7G7mVZA4U?feature=oembed\" frameborder=\"0\" allow=\"accelerometer; autoplay; clipboard-write; encrypted-media; gyroscope; picture-in-picture\" allowfullscreen><\/iframe>\n<\/div><\/figure>\n\n\n\n<p><strong>Jean Jauniaux, le 29 mars 2021<\/strong>.  <\/p>\n\n\n\n<p> <\/p>\n\n\n\n<p><strong><a href=\"https:\/\/flosilvestri.com\">Sur le site de Florence Silvestri<\/a><\/strong>:<\/p>\n\n\n\n<p><em>Florence Silvestri , italienne vivant \u00e0 Bruxelles, a \u00e9tudi\u00e9 la peinture et la c\u00e9ramique \u00e0 l\u2019Ecole Nationale Sup\u00e9rieure des Arts Visuels de la Cambre, la peinture, la gravure et la s\u00e9rigraphie \u00e0 l\u2019Acad\u00e9mie royale des Beaux-Arts de Bruxelles, la photographie \u00e0 l\u2019Acad\u00e9mie d\u2019Ixelles et l\u2019histoire de l\u2019art aux Mus\u00e9es royaux d\u2019Art et d\u2019Histoire de Belgique. A cet apprentissage th\u00e9orique, elle a ajout\u00e9 une longue exp\u00e9rience sur le terrain de la d\u00e9couverte. &nbsp;Les photographies \u2013 &nbsp;qui sont aussi &nbsp;une composante essentielle de son \u0153uvre picturale \u2013 ont \u00e9t\u00e9 r\u00e9alis\u00e9es au cours de ses nombreux &nbsp;voyages d\u2019exploration. Ceux-ci lui ont \u00e9galement permis r\u00e9colter les diverses mati\u00e8res premi\u00e8res \u2013 sable et pierres \u2013 &nbsp;et conf\u00e8rent au travail de Florence Silvestri&nbsp; son authenticit\u00e9 et sa marque d\u2019origine.<\/em> Le parcours artistique de Florence Silvestri&nbsp; ( n\u00e9e en 1967 ) est riche et vari\u00e9. Apr\u00e8s une formation acad\u00e9mique en peinture, gravure, s\u00e9rigraphie,&nbsp; photographie et histoire de l\u2019art, elle exploite ses connaissances en ces diverses disciplines dans des cr\u00e9ations multim\u00e9dia. Lorsqu\u2019elle commence \u00e0 peindre dans les ann\u00e9es quatre-vingts, elle est fascin\u00e9e par la ligne et la perspective dans un esprit constructiviste. Ensuite, dans l\u2019abstraction de ses premiers grands formats, elle d\u00e9ploie ses talents en peinture monumentale qu\u2019elle continuera de privil\u00e9gier pendant toute sa carri\u00e8re. Elle s\u2019essaie avec succ\u00e8s aux m\u00e9langes de techniques et de mat\u00e9riaux divers, avec des alliages de pigments, sables, pierres et circuits imprim\u00e9s. Son sujet de pr\u00e9dilection est la ville, qu\u2019elle photographie en Europe, en Am\u00e9rique et en Chine, et couvre de collages de s\u00e9rigraphie, de mati\u00e8re min\u00e9rale, de peinture \u00e0 l\u2019huile et de circuits int\u00e9gr\u00e9s. Dans ses derniers travaux, de ces vastes constructions composites mati\u00e9ristes, se lib\u00e8rent la photographie, d\u00e9sormais au service de l\u2019exploration du Moi par l\u2019autoportrait, ainsi que la s\u00e9rigraphie, qui chante en lignes et couleurs la beaut\u00e9 plastique du circuit int\u00e9gr\u00e9, m\u00e9taphore supr\u00eame du tissu urbain et corporel.<\/p>\n\n\n\n<figure class=\"wp-block-embed is-type-video is-provider-youtube wp-block-embed-youtube wp-embed-aspect-16-9 wp-has-aspect-ratio\"><div class=\"wp-block-embed__wrapper\">\n<iframe loading=\"lazy\" title=\"Florence Silvestri | Artist intro | Brussels\" width=\"1170\" height=\"658\" src=\"https:\/\/www.youtube.com\/embed\/RkQAby0zKDc?feature=oembed\" frameborder=\"0\" allow=\"accelerometer; autoplay; clipboard-write; encrypted-media; gyroscope; picture-in-picture\" allowfullscreen><\/iframe>\n<\/div><\/figure>\n\n\n\n<figure class=\"wp-block-embed is-type-video is-provider-youtube wp-block-embed-youtube wp-embed-aspect-16-9 wp-has-aspect-ratio\"><div class=\"wp-block-embed__wrapper\">\n<iframe loading=\"lazy\" title=\"\u00c9v\u00e9nement \u00e0 venir \u00e0 Li\u00e8ge | Expo Florence Silvestri\" width=\"1170\" height=\"658\" src=\"https:\/\/www.youtube.com\/embed\/xpnfjhffxpY?feature=oembed\" frameborder=\"0\" allow=\"accelerometer; autoplay; clipboard-write; encrypted-media; gyroscope; picture-in-picture\" allowfullscreen><\/iframe>\n<\/div><\/figure>\n","protected":false},"excerpt":{"rendered":"<p>Du 24 mars au 23 avril, Florence Silvestri expose \u00e0 Li\u00e8ge dans la Villa Gallery (1, Parc de la Boverie,&nbsp;[&hellip;]<\/p>\n","protected":false},"author":2,"featured_media":4138,"comment_status":"closed","ping_status":"closed","sticky":false,"template":"","format":"standard","meta":{"footnotes":""},"categories":[9],"tags":[69,25],"class_list":["post-4135","post","type-post","status-publish","format-standard","has-post-thumbnail","hentry","category-entre-les-lignes","tag-florence-silvestri","tag-jean-jauniaux","post-item clearfix"],"_links":{"self":[{"href":"https:\/\/edmondmorrel.be\/index.php?rest_route=\/wp\/v2\/posts\/4135","targetHints":{"allow":["GET"]}}],"collection":[{"href":"https:\/\/edmondmorrel.be\/index.php?rest_route=\/wp\/v2\/posts"}],"about":[{"href":"https:\/\/edmondmorrel.be\/index.php?rest_route=\/wp\/v2\/types\/post"}],"author":[{"embeddable":true,"href":"https:\/\/edmondmorrel.be\/index.php?rest_route=\/wp\/v2\/users\/2"}],"replies":[{"embeddable":true,"href":"https:\/\/edmondmorrel.be\/index.php?rest_route=%2Fwp%2Fv2%2Fcomments&post=4135"}],"version-history":[{"count":5,"href":"https:\/\/edmondmorrel.be\/index.php?rest_route=\/wp\/v2\/posts\/4135\/revisions"}],"predecessor-version":[{"id":4142,"href":"https:\/\/edmondmorrel.be\/index.php?rest_route=\/wp\/v2\/posts\/4135\/revisions\/4142"}],"wp:featuredmedia":[{"embeddable":true,"href":"https:\/\/edmondmorrel.be\/index.php?rest_route=\/wp\/v2\/media\/4138"}],"wp:attachment":[{"href":"https:\/\/edmondmorrel.be\/index.php?rest_route=%2Fwp%2Fv2%2Fmedia&parent=4135"}],"wp:term":[{"taxonomy":"category","embeddable":true,"href":"https:\/\/edmondmorrel.be\/index.php?rest_route=%2Fwp%2Fv2%2Fcategories&post=4135"},{"taxonomy":"post_tag","embeddable":true,"href":"https:\/\/edmondmorrel.be\/index.php?rest_route=%2Fwp%2Fv2%2Ftags&post=4135"}],"curies":[{"name":"wp","href":"https:\/\/api.w.org\/{rel}","templated":true}]}}