{"id":4005,"date":"2021-02-12T11:00:43","date_gmt":"2021-02-12T10:00:43","guid":{"rendered":"http:\/\/edmondmorrel.be\/?p=4005"},"modified":"2021-02-12T11:00:44","modified_gmt":"2021-02-12T10:00:44","slug":"jean-claude-carriere-en-hommage-deux-rencontres-dans-la-sonotheque-de-livresse-des-livres","status":"publish","type":"post","link":"https:\/\/edmondmorrel.be\/?p=4005","title":{"rendered":"Jean-Claude Carri\u00e8re: en hommage, deux rencontres dans la sonoth\u00e8que de &lsquo;L&rsquo;ivresse des livres\u00a0\u00bb"},"content":{"rendered":"\n<p>Nous avions interview\u00e9 \u00e0 deux reprises le romancier, sc\u00e9nariste et merveilleux conteur qu&rsquo;\u00e9tait Jean -Claude Carri\u00e8re. Son d\u00e9c\u00e8s nous est l&rsquo;occasion de vous proposer de r\u00e9\u00e9couter les entretiens que nous avions enregistr\u00e9s \u00e0 la parution d&rsquo;un roman graphique et d&rsquo;un <em>dictionnaire amoureux<\/em>. Voici les titres de ces ouvrages et les liens vers les interviews et recensions:<\/p>\n\n\n\n<p><a href=\"https:\/\/edmondmorrel.be\/?p=1148\">\u00ab\u00a0Le ciel au-desus du Louvre\u00a0\u00bb , un roman graphique paru en 2009, co-sign\u00e9 avec Bernard Hislaire<\/a><\/p>\n\n\n\n<figure class=\"wp-block-image size-large\"><img loading=\"lazy\" decoding=\"async\" width=\"177\" height=\"192\" src=\"https:\/\/edmondmorrel.be\/wp-content\/uploads\/2021\/02\/Capture-decran-2021-02-10-a-12.12.57.png\" alt=\"\" class=\"wp-image-4008\"\/><\/figure>\n\n\n\n<p><a href=\"https:\/\/edmondmorrel.be\/?p=2041\">\u00ab\u00a0Dictionnaire amoureux du Mexique\u00a0\u00bb, a \u00e9t\u00e9 l&rsquo;occasion d&rsquo;une interview en avril 2009.<\/a><\/p>\n\n\n\n<figure class=\"wp-block-image size-large\"><img loading=\"lazy\" decoding=\"async\" width=\"162\" height=\"252\" src=\"https:\/\/edmondmorrel.be\/wp-content\/uploads\/2021\/02\/Capture-decran-2021-02-10-a-12.13.43.png\" alt=\"\" class=\"wp-image-4009\"\/><\/figure>\n\n\n\n<p><strong>Jean Jauniaux, le 10 f\u00e9vrier 2021<\/strong><\/p>\n","protected":false},"excerpt":{"rendered":"<p>Nous avions interview\u00e9 \u00e0 deux reprises le romancier, sc\u00e9nariste et merveilleux conteur qu&rsquo;\u00e9tait Jean -Claude Carri\u00e8re. Son d\u00e9c\u00e8s nous est&nbsp;[&hellip;]<\/p>\n","protected":false},"author":2,"featured_media":4008,"comment_status":"closed","ping_status":"closed","sticky":false,"template":"","format":"standard","meta":{"footnotes":""},"categories":[7,8,15],"tags":[],"class_list":["post-4005","post","type-post","status-publish","format-standard","has-post-thumbnail","hentry","category-bd","category-essais","category-litterature","post-item clearfix"],"_links":{"self":[{"href":"https:\/\/edmondmorrel.be\/index.php?rest_route=\/wp\/v2\/posts\/4005","targetHints":{"allow":["GET"]}}],"collection":[{"href":"https:\/\/edmondmorrel.be\/index.php?rest_route=\/wp\/v2\/posts"}],"about":[{"href":"https:\/\/edmondmorrel.be\/index.php?rest_route=\/wp\/v2\/types\/post"}],"author":[{"embeddable":true,"href":"https:\/\/edmondmorrel.be\/index.php?rest_route=\/wp\/v2\/users\/2"}],"replies":[{"embeddable":true,"href":"https:\/\/edmondmorrel.be\/index.php?rest_route=%2Fwp%2Fv2%2Fcomments&post=4005"}],"version-history":[{"count":2,"href":"https:\/\/edmondmorrel.be\/index.php?rest_route=\/wp\/v2\/posts\/4005\/revisions"}],"predecessor-version":[{"id":4010,"href":"https:\/\/edmondmorrel.be\/index.php?rest_route=\/wp\/v2\/posts\/4005\/revisions\/4010"}],"wp:featuredmedia":[{"embeddable":true,"href":"https:\/\/edmondmorrel.be\/index.php?rest_route=\/wp\/v2\/media\/4008"}],"wp:attachment":[{"href":"https:\/\/edmondmorrel.be\/index.php?rest_route=%2Fwp%2Fv2%2Fmedia&parent=4005"}],"wp:term":[{"taxonomy":"category","embeddable":true,"href":"https:\/\/edmondmorrel.be\/index.php?rest_route=%2Fwp%2Fv2%2Fcategories&post=4005"},{"taxonomy":"post_tag","embeddable":true,"href":"https:\/\/edmondmorrel.be\/index.php?rest_route=%2Fwp%2Fv2%2Ftags&post=4005"}],"curies":[{"name":"wp","href":"https:\/\/api.w.org\/{rel}","templated":true}]}}