{"id":3967,"date":"2021-01-25T12:57:40","date_gmt":"2021-01-25T11:57:40","guid":{"rendered":"http:\/\/edmondmorrel.be\/?p=3967"},"modified":"2021-01-25T18:39:03","modified_gmt":"2021-01-25T17:39:03","slug":"exposition-roger-de-coninck-a-la-maison-lismonde-le-temps-suspendu-de-la-lumiere","status":"publish","type":"post","link":"https:\/\/edmondmorrel.be\/?p=3967","title":{"rendered":"Exposition Roger De Coninck \u00e0 la Maison Lismonde: \u00ab\u00a0le temps suspendu de la lumi\u00e8re\u00a0\u00bb"},"content":{"rendered":"\n<p>La <strong><a href=\"http:\/\/www.maison-lismonde.be\/F-Lismonde-activites-concerts.html\">Maison Lismonde \u00e0 Linkebeek<\/a> <\/strong>aux environs de Bruxelles accueille du 17 janvier au 28 mars (les dimanches uniquement, de 14 \u00e0 17h30) une exposition consacr\u00e9e \u00e0 <strong>Roger De Coninck<\/strong> (Diegem 1926 \u2013 Bligny, FR 2002)<\/p>\n\n\n\n<p>Cet \u00e9l\u00e8ve de  <a href=\"https:\/\/fr.wikipedia.org\/wiki\/Ramah\">Ramah<\/a>, d\u2019<a href=\"http:\/\/Edgar Tytgat\">Edgar Tytgat<\/a>, puis de Paul Maas a vingt ans lorsque la Galerie Apollo \u00e0 Bruxelles accueille sa premi\u00e8re exposition. Les oeuvres expos\u00e9es aux cimaises de la Maison Lismonde refl\u00e8tent diff\u00e9rentes sources d&rsquo;inspiration du peintre, de la Provence \u00e0 la mer du Nord. <\/p>\n\n\n\n<figure class=\"wp-block-image size-large\"><img loading=\"lazy\" decoding=\"async\" width=\"555\" height=\"790\" src=\"https:\/\/edmondmorrel.be\/wp-content\/uploads\/2021\/01\/Capture-decran-2021-01-25-a-12.11.52.png\" alt=\"\" class=\"wp-image-3970\" srcset=\"https:\/\/edmondmorrel.be\/wp-content\/uploads\/2021\/01\/Capture-decran-2021-01-25-a-12.11.52.png 555w, https:\/\/edmondmorrel.be\/wp-content\/uploads\/2021\/01\/Capture-decran-2021-01-25-a-12.11.52-211x300.png 211w, https:\/\/edmondmorrel.be\/wp-content\/uploads\/2021\/01\/Capture-decran-2021-01-25-a-12.11.52-200x285.png 200w\" sizes=\"auto, (max-width: 555px) 100vw, 555px\" \/><\/figure>\n\n\n\n<p>Son oeuvre a fait l&rsquo;objet de nombreux articles dont chacun m\u00e9riterait d&rsquo;\u00eatre cit\u00e9 ici, comme cette pr\u00e9face de <a href=\"http:\/\/www.maison-lismonde.be\/F-Lismonde-activites-concerts.html\">Lydia Harambourg <\/a>dans une plaquette publi\u00e9e en 2010 \u00e0 l&rsquo;occasion d&rsquo;une double exposition \u00e0 Waterloo et Nieuport. Voici un fragment de ce qu&rsquo;\u00e9crit la critique et historienne d&rsquo;art,  membre de l&rsquo;Acad\u00e9mie des beaux Arts de l&rsquo;Institut de France en introduction \u00e0 ce catalogue: <em>\u00ab\u00a0Une peinture de la solitude, parvenue \u00e0 la pl\u00e9nitude. Peinture jans\u00e9niste et ardente, fr\u00e9missante de toute une gamme de terres transparentes et de gris, de bleus relev\u00e9s de nuances rompues, ou pastel, de fulgurances rouges, jaunes pour faire chanter un chromatisme d&rsquo;une \u00e9loquence suggestive apte \u00e0 \u00e9branler l&rsquo;imaginaire (&#8230;) La peinture de Roger de Coninck est de ce c\u00f4t\u00e9 de la vie, sans ostentation, loin du bruit, elle nous apprend la contemplation. Elle est le temps suspendu de la lumi\u00e8re.\u00a0\u00bb<\/em> <\/p>\n\n\n\n<p>Nous avons visit\u00e9 l&rsquo;exposition des peintures r\u00e9unies \u00e0 la Maison Lismonde qui devient d\u00e9cid\u00e9ment un lieu indispensable pour renouer les liens avec l&rsquo;art. Elle r\u00e9pond ainsi avec une ferveur stimulante \u00e0 la vocation premi\u00e8re d&rsquo;une maison d&rsquo;artiste, celle d&rsquo;inviter le regard \u00e0 se poser sur la beaut\u00e9 des oeuvres picturales, l&rsquo;oreille \u00e0 s&rsquo;attarder dans les enchantements de la musique (la Maison Lismonde organise r\u00e9guli\u00e8rement des r\u00e9citals), et puis, tout simplement, \u00e0 arr\u00eater le temps.<\/p>\n\n\n\n<figure class=\"wp-block-image size-large\"><img loading=\"lazy\" decoding=\"async\" width=\"333\" height=\"197\" src=\"https:\/\/edmondmorrel.be\/wp-content\/uploads\/2021\/01\/Capture-decran-2021-01-25-a-12.16.18.png\" alt=\"\" class=\"wp-image-3972\" srcset=\"https:\/\/edmondmorrel.be\/wp-content\/uploads\/2021\/01\/Capture-decran-2021-01-25-a-12.16.18.png 333w, https:\/\/edmondmorrel.be\/wp-content\/uploads\/2021\/01\/Capture-decran-2021-01-25-a-12.16.18-300x177.png 300w, https:\/\/edmondmorrel.be\/wp-content\/uploads\/2021\/01\/Capture-decran-2021-01-25-a-12.16.18-200x118.png 200w\" sizes=\"auto, (max-width: 333px) 100vw, 333px\" \/><\/figure>\n\n\n\n<p>Nous avons rencontr\u00e9 Dani\u00e8le de Coninck, la \u00ab\u00a0petite soeur\u00a0\u00bb du peintre qui \u00e9voque quelques souvenirs de celui-ci et quelques \u00e9l\u00e9ments cl\u00e9s de sa formation, de sa carri\u00e8re et de son art.<\/p>\n\n\n\n<p><strong>Jean Jauniaux, le 25 janvier 2021.<\/strong><\/p>\n\n\n\n<figure class=\"wp-block-embed is-type-video is-provider-youtube wp-block-embed-youtube wp-embed-aspect-16-9 wp-has-aspect-ratio\"><div class=\"wp-block-embed__wrapper\">\n<iframe loading=\"lazy\" title=\"Dani\u00e8le de Coninck \u00e9voque le peintre Roger de Coninck au micro de Jean Jauniaux\" width=\"1170\" height=\"658\" src=\"https:\/\/www.youtube.com\/embed\/E81T_hKtovM?feature=oembed\" frameborder=\"0\" allow=\"accelerometer; autoplay; clipboard-write; encrypted-media; gyroscope; picture-in-picture\" allowfullscreen><\/iframe>\n<\/div><figcaption>Ecoutez Dani\u00e8le de Coninck interview\u00e9e \u00e0 la maison Lismonde (dans le respect des distances de s\u00e9curit\u00e9 sanitaire) <\/figcaption><\/figure>\n\n\n\n<p>\u00ab Les Roches \u00bb<br>Dwersbos, 1<br>1630 Linkebeek<br>T\u00e9l. 02 380 51 03<br><a href=\"mailto:j.lismonde@skynet.be\">j.lismonde@skynet.be<\/a> <\/p>\n\n\n\n<p><\/p>\n\n\n\n<p>Tous les dimanches du 17 janvier au 28 mars de 14 \u00e0 17h30 <\/p>\n\n\n\n<p><br>&nbsp;<\/p>\n","protected":false},"excerpt":{"rendered":"<p>La Maison Lismonde \u00e0 Linkebeek aux environs de Bruxelles accueille du 17 janvier au 28 mars (les dimanches uniquement, de&nbsp;[&hellip;]<\/p>\n","protected":false},"author":2,"featured_media":3970,"comment_status":"closed","ping_status":"closed","sticky":false,"template":"","format":"standard","meta":{"footnotes":""},"categories":[1],"tags":[],"class_list":["post-3967","post","type-post","status-publish","format-standard","has-post-thumbnail","hentry","category-non-classe","post-item clearfix"],"_links":{"self":[{"href":"https:\/\/edmondmorrel.be\/index.php?rest_route=\/wp\/v2\/posts\/3967","targetHints":{"allow":["GET"]}}],"collection":[{"href":"https:\/\/edmondmorrel.be\/index.php?rest_route=\/wp\/v2\/posts"}],"about":[{"href":"https:\/\/edmondmorrel.be\/index.php?rest_route=\/wp\/v2\/types\/post"}],"author":[{"embeddable":true,"href":"https:\/\/edmondmorrel.be\/index.php?rest_route=\/wp\/v2\/users\/2"}],"replies":[{"embeddable":true,"href":"https:\/\/edmondmorrel.be\/index.php?rest_route=%2Fwp%2Fv2%2Fcomments&post=3967"}],"version-history":[{"count":7,"href":"https:\/\/edmondmorrel.be\/index.php?rest_route=\/wp\/v2\/posts\/3967\/revisions"}],"predecessor-version":[{"id":3976,"href":"https:\/\/edmondmorrel.be\/index.php?rest_route=\/wp\/v2\/posts\/3967\/revisions\/3976"}],"wp:featuredmedia":[{"embeddable":true,"href":"https:\/\/edmondmorrel.be\/index.php?rest_route=\/wp\/v2\/media\/3970"}],"wp:attachment":[{"href":"https:\/\/edmondmorrel.be\/index.php?rest_route=%2Fwp%2Fv2%2Fmedia&parent=3967"}],"wp:term":[{"taxonomy":"category","embeddable":true,"href":"https:\/\/edmondmorrel.be\/index.php?rest_route=%2Fwp%2Fv2%2Fcategories&post=3967"},{"taxonomy":"post_tag","embeddable":true,"href":"https:\/\/edmondmorrel.be\/index.php?rest_route=%2Fwp%2Fv2%2Ftags&post=3967"}],"curies":[{"name":"wp","href":"https:\/\/api.w.org\/{rel}","templated":true}]}}