{"id":3639,"date":"2011-10-29T17:13:54","date_gmt":"2011-10-29T15:13:54","guid":{"rendered":"http:\/\/edmondmorrel.be\/?p=3639"},"modified":"2020-11-16T17:23:23","modified_gmt":"2020-11-16T16:23:23","slug":"ecoutez-jean-marc-massie","status":"publish","type":"post","link":"https:\/\/edmondmorrel.be\/?p=3639","title":{"rendered":"Ecoutez Jean-Marc Massie"},"content":{"rendered":"\n<h4 class=\"wp-block-heading\">Le conte rebelle de la rue<\/h4>\n\n\n\n<p><em>ean-Marc Massie est un militant, de ceux qui \u00e9crivent des manifestes, qui revendiquent, qui ne se laissent pas endormir. Mais il \u00e9crit aussi des contes.<\/em><\/p>\n\n\n\n<p><em>Il a peut-\u00eatre invent\u00e9 le mythe fondateur de sa ville, Montr\u00e9al qu\u2019il a \u00ab\u00a0d\u00e9masqu\u00e9\u00a0\u00bb. Une pure l\u00e9gende urbaine&nbsp;! Apr\u00e8s l\u2019avoir \u00e9cout\u00e9, vous entendrez r\u00e9sonner dans les entrailles de la ville les navires n\u00e9griers des si\u00e8cles anciens&#8230;<\/em><\/p>\n\n\n\n<p><strong>Depuis Montr\u00e9al, Edmond Morrel. Octobre 2011<\/strong><\/p>\n\n\n\n<figure class=\"wp-block-embed-spotify wp-block-embed is-type-rich is-provider-spotify wp-embed-aspect-21-9 wp-has-aspect-ratio\"><div class=\"wp-block-embed__wrapper\">\n<iframe loading=\"lazy\" title=\"Spotify Embed: Ecoutez Jean-Marc Massie Le conte rebelle de la rue\" width=\"100%\" height=\"232\" allowtransparency=\"true\" frameborder=\"0\" allow=\"encrypted-media\" src=\"https:\/\/open.spotify.com\/embed-podcast\/episode\/2c80542Jehiw4fzKzNB2Z5?si=BXwrHDT7Q62MM96bz7HQNA\"><\/iframe>\n<\/div><\/figure>\n","protected":false},"excerpt":{"rendered":"<p>Le conte rebelle de la rue ean-Marc Massie est un militant, de ceux qui \u00e9crivent des manifestes, qui revendiquent, qui&nbsp;[&hellip;]<\/p>\n","protected":false},"author":2,"featured_media":3607,"comment_status":"closed","ping_status":"closed","sticky":false,"template":"","format":"standard","meta":{"footnotes":""},"categories":[16,15],"tags":[],"class_list":["post-3639","post","type-post","status-publish","format-standard","has-post-thumbnail","hentry","category-lectures-de-contes","category-litterature","post-item clearfix"],"_links":{"self":[{"href":"https:\/\/edmondmorrel.be\/index.php?rest_route=\/wp\/v2\/posts\/3639","targetHints":{"allow":["GET"]}}],"collection":[{"href":"https:\/\/edmondmorrel.be\/index.php?rest_route=\/wp\/v2\/posts"}],"about":[{"href":"https:\/\/edmondmorrel.be\/index.php?rest_route=\/wp\/v2\/types\/post"}],"author":[{"embeddable":true,"href":"https:\/\/edmondmorrel.be\/index.php?rest_route=\/wp\/v2\/users\/2"}],"replies":[{"embeddable":true,"href":"https:\/\/edmondmorrel.be\/index.php?rest_route=%2Fwp%2Fv2%2Fcomments&post=3639"}],"version-history":[{"count":1,"href":"https:\/\/edmondmorrel.be\/index.php?rest_route=\/wp\/v2\/posts\/3639\/revisions"}],"predecessor-version":[{"id":3640,"href":"https:\/\/edmondmorrel.be\/index.php?rest_route=\/wp\/v2\/posts\/3639\/revisions\/3640"}],"wp:featuredmedia":[{"embeddable":true,"href":"https:\/\/edmondmorrel.be\/index.php?rest_route=\/wp\/v2\/media\/3607"}],"wp:attachment":[{"href":"https:\/\/edmondmorrel.be\/index.php?rest_route=%2Fwp%2Fv2%2Fmedia&parent=3639"}],"wp:term":[{"taxonomy":"category","embeddable":true,"href":"https:\/\/edmondmorrel.be\/index.php?rest_route=%2Fwp%2Fv2%2Fcategories&post=3639"},{"taxonomy":"post_tag","embeddable":true,"href":"https:\/\/edmondmorrel.be\/index.php?rest_route=%2Fwp%2Fv2%2Ftags&post=3639"}],"curies":[{"name":"wp","href":"https:\/\/api.w.org\/{rel}","templated":true}]}}