{"id":3597,"date":"2015-10-17T17:00:36","date_gmt":"2015-10-17T15:00:36","guid":{"rendered":"http:\/\/edmondmorrel.be\/?p=3597"},"modified":"2020-11-16T17:27:41","modified_gmt":"2020-11-16T16:27:41","slug":"le-13-eme-festival-interculturel-du-conte-du-quebec-se-tient-a-montreal-du-16-au-25-octobre-2015","status":"publish","type":"post","link":"https:\/\/edmondmorrel.be\/?p=3597","title":{"rendered":"Le 13 \u00e8me Festival Interculturel du Conte du Qu\u00e9bec se tient \u00e0 Montr\u00e9al du 16 au 25 octobre 2015"},"content":{"rendered":"\n<h4 class=\"wp-block-heading\">Rencontre avec la nouvelle directrice St\u00e9phanie B\u00e9n\u00e9teau<\/h4>\n\n\n\n<p>St\u00e9phanie B\u00e9n\u00e9teau a accept\u00e9 il y a un an et demi de succ\u00e9der &#8211; \u00e0 la demande de ce dernier &#8211; \u00e0 Marc Laberge, fondateur et directeur d\u2019un des plus prestigieux festivals internationaux du conte. Au lendemain de la \u00ab\u00a0Grande Nuit du conte\u00a0\u00bb qui inaugure depuis 1997 cette manifestation, le public \u00e9tait unanime\u00a0: la rel\u00e8ve est bel et bien assur\u00e9e. Nous suivrons ce Festival et, au fil des jours, mettrons en ligne des rencontres avec ces conteurs venus de l\u2019espace francophone. Innovation de cette nouvelle \u00e9dition\u00a0: le conte anglophone est revenu au sein du Festival avec des conteurs aussi prestigieux que Dan Yashinsky, Ron Evans, Brian Katz et Marta Singh entre autres. Nous ne manquerons pas d\u2019aller \u00e0 leur rencontre. Mais, pour d\u00e9marrer cette s\u00e9rie, nous vous proposons d\u2019\u00e9couter la nouvelle directrice du Festival, \u00e0 l\u2019\u00e9nergie aussi inalt\u00e9rable que son enthousiasme est communicatif. Attention\u00a0: vous allez entrer dans une plan\u00e8te hors du temps et de l\u2019espace, celle du conte.<br><strong><br>Edmond Morrel \u00e0 Montr\u00e9al, le 17 octobre 2015<\/strong><\/p>\n\n\n\n<figure class=\"wp-block-embed-spotify wp-block-embed is-type-rich is-provider-spotify wp-embed-aspect-21-9 wp-has-aspect-ratio\"><div class=\"wp-block-embed__wrapper\">\n<iframe loading=\"lazy\" title=\"Spotify Embed: Le 13 \u00e8me Festival Interculturel du Conte du Qu\u00e9bec se tient \u00e0 Montr\u00e9al du 16 au 25 octobre 2015 Rencontre avec la nouvelle directrice St\u00e9phanie B\u00e9n\u00e9teau\" width=\"100%\" height=\"232\" allowtransparency=\"true\" frameborder=\"0\" allow=\"encrypted-media\" src=\"https:\/\/open.spotify.com\/embed-podcast\/episode\/44fIwTQhIkBHFUx9fWJNXF?si=scvQR2NqQzCmANbiZ_8q1A\"><\/iframe>\n<\/div><\/figure>\n","protected":false},"excerpt":{"rendered":"<p>Rencontre avec la nouvelle directrice St\u00e9phanie B\u00e9n\u00e9teau St\u00e9phanie B\u00e9n\u00e9teau a accept\u00e9 il y a un an et demi de succ\u00e9der&nbsp;[&hellip;]<\/p>\n","protected":false},"author":2,"featured_media":3598,"comment_status":"closed","ping_status":"closed","sticky":false,"template":"","format":"standard","meta":{"footnotes":""},"categories":[16,15],"tags":[],"class_list":["post-3597","post","type-post","status-publish","format-standard","has-post-thumbnail","hentry","category-lectures-de-contes","category-litterature","post-item clearfix"],"_links":{"self":[{"href":"https:\/\/edmondmorrel.be\/index.php?rest_route=\/wp\/v2\/posts\/3597","targetHints":{"allow":["GET"]}}],"collection":[{"href":"https:\/\/edmondmorrel.be\/index.php?rest_route=\/wp\/v2\/posts"}],"about":[{"href":"https:\/\/edmondmorrel.be\/index.php?rest_route=\/wp\/v2\/types\/post"}],"author":[{"embeddable":true,"href":"https:\/\/edmondmorrel.be\/index.php?rest_route=\/wp\/v2\/users\/2"}],"replies":[{"embeddable":true,"href":"https:\/\/edmondmorrel.be\/index.php?rest_route=%2Fwp%2Fv2%2Fcomments&post=3597"}],"version-history":[{"count":1,"href":"https:\/\/edmondmorrel.be\/index.php?rest_route=\/wp\/v2\/posts\/3597\/revisions"}],"predecessor-version":[{"id":3599,"href":"https:\/\/edmondmorrel.be\/index.php?rest_route=\/wp\/v2\/posts\/3597\/revisions\/3599"}],"wp:featuredmedia":[{"embeddable":true,"href":"https:\/\/edmondmorrel.be\/index.php?rest_route=\/wp\/v2\/media\/3598"}],"wp:attachment":[{"href":"https:\/\/edmondmorrel.be\/index.php?rest_route=%2Fwp%2Fv2%2Fmedia&parent=3597"}],"wp:term":[{"taxonomy":"category","embeddable":true,"href":"https:\/\/edmondmorrel.be\/index.php?rest_route=%2Fwp%2Fv2%2Fcategories&post=3597"},{"taxonomy":"post_tag","embeddable":true,"href":"https:\/\/edmondmorrel.be\/index.php?rest_route=%2Fwp%2Fv2%2Ftags&post=3597"}],"curies":[{"name":"wp","href":"https:\/\/api.w.org\/{rel}","templated":true}]}}