{"id":3591,"date":"2015-10-18T16:59:14","date_gmt":"2015-10-18T14:59:14","guid":{"rendered":"http:\/\/edmondmorrel.be\/?p=3591"},"modified":"2020-11-16T17:28:09","modified_gmt":"2020-11-16T16:28:09","slug":"au-festival-interculturel-du-conte-du-quebec-rencontre-avec-dan-yashinsky","status":"publish","type":"post","link":"https:\/\/edmondmorrel.be\/?p=3591","title":{"rendered":"Au Festival Interculturel du Conte du Qu\u00e9bec : rencontre avec Dan Yashinsky"},"content":{"rendered":"\n<p>La 13 \u00e8me \u00e9dition du Festival Interculturel du Conte du Qu\u00e9bec, sous l\u2019impulsion de St\u00e9phanie B\u00e9n\u00e9teau, s\u2019ouvre aux conteurs anglophones. Comme l\u2019indique la nouvelle directrice du Festival\u00a0:\u00a0<em>\u00ab\u00a0l\u2019interculturalisme commence chez soi\u00a0\u00bb.<\/em><br>L\u2019occasion \u00e9tait belle de rencontrer un des plus ardents animateurs du conte\u00a0: Dan Yashinsky, fondateur du Toronto Festival of Storytelling (qu\u2019il a cr\u00e9\u00e9 en 1979), conteur, professeur, infatigable pi\u00e9ton de la plan\u00e8te du conte qu\u2019il a parcourue de festival en festival du Br\u00e9sil \u00e0 Singapour, d\u2019Isra\u00ebl au pays de Galles.<br>Pour en savoir davantage, plongez-vous dans le livre qu\u2019il consacre au conte sous le titre embl\u00e9matique\u00a0: \u00ab\u00a0Suddenly, they heard footsteps &#8211; storytelling for the 21 st Century\u00a0\u00bb et \u00e9coutez cette rencontre bilingue au cours de laquelle\u00a0<a rel=\"noreferrer noopener\" href=\"http:\/\/tellery.com\/dan-yashinsky\/\" target=\"_blank\">Dan Yashinsky<\/a>\u00a0fait le cadeau aux francophones d\u2019un n\u00e9ologisme aussi inattendu qu\u2019irrempla\u00e7able&#8230;<br><strong><br>Edmond Morrel \u00e0 Montr\u00e9al, le 18 octobre 2015<\/strong><\/p>\n\n\n\n<figure class=\"wp-block-embed-spotify wp-block-embed is-type-rich is-provider-spotify wp-embed-aspect-21-9 wp-has-aspect-ratio\"><div class=\"wp-block-embed__wrapper\">\n<iframe loading=\"lazy\" title=\"Spotify Embed: Au Festival Interculturel du Conte du Qu\u00e9bec : rencontre avec Dan Yashinsky\" width=\"100%\" height=\"232\" allowtransparency=\"true\" frameborder=\"0\" allow=\"encrypted-media\" src=\"https:\/\/open.spotify.com\/embed-podcast\/episode\/3RqYuOVSMRgfBKEM6cM3wz?si=fBZOvxl0SbSGsU2N3whIaQ\"><\/iframe>\n<\/div><\/figure>\n","protected":false},"excerpt":{"rendered":"<p>La 13 \u00e8me \u00e9dition du Festival Interculturel du Conte du Qu\u00e9bec, sous l\u2019impulsion de St\u00e9phanie B\u00e9n\u00e9teau, s\u2019ouvre aux conteurs anglophones.&nbsp;[&hellip;]<\/p>\n","protected":false},"author":2,"featured_media":3592,"comment_status":"closed","ping_status":"closed","sticky":false,"template":"","format":"standard","meta":{"footnotes":""},"categories":[16,15],"tags":[],"class_list":["post-3591","post","type-post","status-publish","format-standard","has-post-thumbnail","hentry","category-lectures-de-contes","category-litterature","post-item clearfix"],"_links":{"self":[{"href":"https:\/\/edmondmorrel.be\/index.php?rest_route=\/wp\/v2\/posts\/3591","targetHints":{"allow":["GET"]}}],"collection":[{"href":"https:\/\/edmondmorrel.be\/index.php?rest_route=\/wp\/v2\/posts"}],"about":[{"href":"https:\/\/edmondmorrel.be\/index.php?rest_route=\/wp\/v2\/types\/post"}],"author":[{"embeddable":true,"href":"https:\/\/edmondmorrel.be\/index.php?rest_route=\/wp\/v2\/users\/2"}],"replies":[{"embeddable":true,"href":"https:\/\/edmondmorrel.be\/index.php?rest_route=%2Fwp%2Fv2%2Fcomments&post=3591"}],"version-history":[{"count":1,"href":"https:\/\/edmondmorrel.be\/index.php?rest_route=\/wp\/v2\/posts\/3591\/revisions"}],"predecessor-version":[{"id":3593,"href":"https:\/\/edmondmorrel.be\/index.php?rest_route=\/wp\/v2\/posts\/3591\/revisions\/3593"}],"wp:featuredmedia":[{"embeddable":true,"href":"https:\/\/edmondmorrel.be\/index.php?rest_route=\/wp\/v2\/media\/3592"}],"wp:attachment":[{"href":"https:\/\/edmondmorrel.be\/index.php?rest_route=%2Fwp%2Fv2%2Fmedia&parent=3591"}],"wp:term":[{"taxonomy":"category","embeddable":true,"href":"https:\/\/edmondmorrel.be\/index.php?rest_route=%2Fwp%2Fv2%2Fcategories&post=3591"},{"taxonomy":"post_tag","embeddable":true,"href":"https:\/\/edmondmorrel.be\/index.php?rest_route=%2Fwp%2Fv2%2Ftags&post=3591"}],"curies":[{"name":"wp","href":"https:\/\/api.w.org\/{rel}","templated":true}]}}