{"id":3588,"date":"2015-10-20T16:58:28","date_gmt":"2015-10-20T14:58:28","guid":{"rendered":"http:\/\/edmondmorrel.be\/?p=3588"},"modified":"2020-11-16T17:28:20","modified_gmt":"2020-11-16T16:28:20","slug":"taxi-conteur-a-montreal","status":"publish","type":"post","link":"https:\/\/edmondmorrel.be\/?p=3588","title":{"rendered":"\u00ab\u00a0Taxi-Conteur\u00a0\u00bb \u00e0 Montr\u00e9al"},"content":{"rendered":"\n<p>Un des privil\u00e8ges qui \u00e9choit \u00e0 celui qui assiste au Festival Interculturel du Conte est \u00e0 n\u2019en pas douter de pouvoir faire des rencontres hors-normes. Il en va ainsi de certaines personnalit\u00e9s attachantes et originales, irradiant d\u2019\u00e9nergie et de verve, mais aussi engag\u00e9s dans la r\u00e9alit\u00e9 dont le r\u00eave, la fantaisie, la magie du conte se font l\u2019\u00e9cho attentif.<br>Adama Adepoju est de ceux-l\u00e0. Nous l\u2019avons rencontr\u00e9 entre deux prestations \u00e0 Montr\u00e9al.<br><strong><br>Edmond Morrel, \u00e0 Montr\u00e9al le 19 octobre 2015<\/strong><\/p>\n\n\n\n<figure class=\"wp-block-embed-spotify wp-block-embed is-type-rich is-provider-spotify wp-embed-aspect-21-9 wp-has-aspect-ratio\"><div class=\"wp-block-embed__wrapper\">\n<iframe loading=\"lazy\" title=\"Spotify Embed: &quot;Taxi-Conteur&quot; \u00e0 Montr\u00e9al\" width=\"100%\" height=\"232\" allowtransparency=\"true\" frameborder=\"0\" allow=\"encrypted-media\" src=\"https:\/\/open.spotify.com\/embed-podcast\/episode\/4HYVJB54jQ5cogoIasygWy?si=mPloSJ2vTKO6F7uZkq9oYw\"><\/iframe>\n<\/div><\/figure>\n\n\n\n<p>Sur&nbsp;<a href=\"http:\/\/www.festival-conte.qc.ca\/2015\/taxi-conteur\/\" rel=\"noreferrer noopener\" target=\"_blank\">le site du FICQ<\/a>, voici ce que nous lisons de la biographie de \u00ab\u00a0Taxi Conteur\u00a0\u00bb&nbsp;:<\/p>\n\n\n\n<p><em>\u00ab\u00a0ADEPOJU Adama alias \u00ab&nbsp;Taxi-Conteur&nbsp;\u00bb est n\u00e9 au c\u0153ur de la capitale \u00e9conomique de la C\u00f4te d\u2019Ivoire&nbsp;: Abidjan. Nourri \u00e0 la culture urbaine et \u00e0 la sagesse de ceux qui savent \u00e9couter, Adama ADEPOJU allie, avec maestria, la parole d\u2019eau \u00e0 la parole de feu, la parole de miel \u00e0 la parole d\u2019\u00e9clair et de foudre. Conteur et v\u00e9ritable improvisateur maniant autant le verbe parl\u00e9 que chant\u00e9 ou scand\u00e9, avec une fougue d\u00e9coiffant&nbsp;; Branch\u00e9 sur 1000 volts, passant du rire d\u00e9ploy\u00e9 \u00e0 l\u2019ironie \u00ab&nbsp;palabreuse&nbsp;\u00bb, Adama ADEPOJU raconte depuis longtemps aux petits et aux grands du monde entier. Avec lui, c\u2019est d\u2019une invitation au voyage qu\u2019il s\u2019agit.<br>Voil\u00e0 pourquoi il s\u2019appelle\u2026 Taxi \u2013 Conteur&nbsp;!\u00a0\u00bb<\/em><\/p>\n","protected":false},"excerpt":{"rendered":"<p>Un des privil\u00e8ges qui \u00e9choit \u00e0 celui qui assiste au Festival Interculturel du Conte est \u00e0 n\u2019en pas douter de&nbsp;[&hellip;]<\/p>\n","protected":false},"author":2,"featured_media":3589,"comment_status":"closed","ping_status":"closed","sticky":false,"template":"","format":"standard","meta":{"footnotes":""},"categories":[16,15],"tags":[],"class_list":["post-3588","post","type-post","status-publish","format-standard","has-post-thumbnail","hentry","category-lectures-de-contes","category-litterature","post-item clearfix"],"_links":{"self":[{"href":"https:\/\/edmondmorrel.be\/index.php?rest_route=\/wp\/v2\/posts\/3588","targetHints":{"allow":["GET"]}}],"collection":[{"href":"https:\/\/edmondmorrel.be\/index.php?rest_route=\/wp\/v2\/posts"}],"about":[{"href":"https:\/\/edmondmorrel.be\/index.php?rest_route=\/wp\/v2\/types\/post"}],"author":[{"embeddable":true,"href":"https:\/\/edmondmorrel.be\/index.php?rest_route=\/wp\/v2\/users\/2"}],"replies":[{"embeddable":true,"href":"https:\/\/edmondmorrel.be\/index.php?rest_route=%2Fwp%2Fv2%2Fcomments&post=3588"}],"version-history":[{"count":1,"href":"https:\/\/edmondmorrel.be\/index.php?rest_route=\/wp\/v2\/posts\/3588\/revisions"}],"predecessor-version":[{"id":3590,"href":"https:\/\/edmondmorrel.be\/index.php?rest_route=\/wp\/v2\/posts\/3588\/revisions\/3590"}],"wp:featuredmedia":[{"embeddable":true,"href":"https:\/\/edmondmorrel.be\/index.php?rest_route=\/wp\/v2\/media\/3589"}],"wp:attachment":[{"href":"https:\/\/edmondmorrel.be\/index.php?rest_route=%2Fwp%2Fv2%2Fmedia&parent=3588"}],"wp:term":[{"taxonomy":"category","embeddable":true,"href":"https:\/\/edmondmorrel.be\/index.php?rest_route=%2Fwp%2Fv2%2Fcategories&post=3588"},{"taxonomy":"post_tag","embeddable":true,"href":"https:\/\/edmondmorrel.be\/index.php?rest_route=%2Fwp%2Fv2%2Ftags&post=3588"}],"curies":[{"name":"wp","href":"https:\/\/api.w.org\/{rel}","templated":true}]}}