{"id":3173,"date":"2015-01-23T14:38:38","date_gmt":"2015-01-23T13:38:38","guid":{"rendered":"http:\/\/edmondmorrel.be\/?p=3173"},"modified":"2020-11-13T15:01:51","modified_gmt":"2020-11-13T14:01:51","slug":"brafa-2015-rencontres-sur-le-stand-de-champaka-la-galerie-darts-de-bande-dessinee","status":"publish","type":"post","link":"https:\/\/edmondmorrel.be\/?p=3173","title":{"rendered":"BRAFA 2015 : rencontres sur le stand de CHAMPAKA, la galerie d\u2019Arts de Bande dessin\u00e9e"},"content":{"rendered":"\n<h4 class=\"wp-block-heading\">Ecoutez Miles Hyman, Jacques de Loustal et Eric Verhoest au micro d\u2019Edmond Morrel<\/h4>\n\n\n\n<p>Brafa 2015, au stand n\u00b0&nbsp;50, nous avons rencontr\u00e9&nbsp;<a href=\"http:\/\/www.loustal.net\/\" rel=\"noreferrer noopener\" target=\"_blank\">Jacques de Loustal<\/a>et&nbsp;<a href=\"http:\/\/www.mileshyman.com\/\" rel=\"noreferrer noopener\" target=\"_blank\">Miles Hyman<\/a>deux des 18 artistes qui exposent, \u00e0 l\u2019invitation du directeur de la&nbsp;<a href=\"http:\/\/www.galeriechampaka.com\/?page_id=56\" rel=\"noreferrer noopener\" target=\"_blank\">Galerie Champaka<\/a>, Eric Verhoest, sur le th\u00e8me \u00ab\u00a0Transatlantique(s)\u00a0\u00bb&#8230;<\/p>\n\n\n\n<p>Vaut la travers\u00e9e&#8230;<br><strong><br>Edmond Morrel, Brafa, 22 janvier 2015<\/strong><\/p>\n\n\n\n<figure class=\"wp-block-embed-spotify wp-block-embed is-type-rich is-provider-spotify wp-embed-aspect-21-9 wp-has-aspect-ratio\"><div class=\"wp-block-embed__wrapper\">\n<iframe loading=\"lazy\" title=\"Spotify Embed: BRAFA 2015 : rencontres sur le stand de CHAMPAKA, la galerie d\u2019Arts de Bande dessin\u00e9e Ecoutez Miles Hyman, Jacques de Loustal et Eric Verhoest au micro d\u2019Edmond Morrel 1\/3\" width=\"100%\" height=\"232\" allowtransparency=\"true\" frameborder=\"0\" allow=\"encrypted-media\" src=\"https:\/\/open.spotify.com\/embed-podcast\/episode\/0EHqDpVCA7rSugNYweKhyd?si=PytSnjNsSpO3_Cj8BzLg6A\"><\/iframe>\n<\/div><\/figure>\n\n\n\n<figure class=\"wp-block-embed-spotify wp-block-embed is-type-rich is-provider-spotify wp-embed-aspect-21-9 wp-has-aspect-ratio\"><div class=\"wp-block-embed__wrapper\">\n<iframe loading=\"lazy\" title=\"Spotify Embed: BRAFA 2015 : rencontres sur le stand de CHAMPAKA, la galerie d\u2019Arts de Bande dessin\u00e9e Ecoutez Miles Hyman, Jacques de Loustal et Eric Verhoest au micro d\u2019Edmond Morrel 2\/3\" width=\"100%\" height=\"232\" allowtransparency=\"true\" frameborder=\"0\" allow=\"encrypted-media\" src=\"https:\/\/open.spotify.com\/embed-podcast\/episode\/1s7jz9TaJ3NWYcYmPa4g8U?si=sCABtkzsQTq7VBYbDoYPOw\"><\/iframe>\n<\/div><\/figure>\n\n\n\n<figure class=\"wp-block-embed-spotify wp-block-embed is-type-rich is-provider-spotify wp-embed-aspect-21-9 wp-has-aspect-ratio\"><div class=\"wp-block-embed__wrapper\">\n<iframe loading=\"lazy\" title=\"Spotify Embed: BRAFA 2015 : rencontres sur le stand de CHAMPAKA, la galerie d\u2019Arts de Bande dessin\u00e9e Ecoutez Miles Hyman, Jacques de Loustal et Eric Verhoest au micro d\u2019Edmond Morrel 3\/3\" width=\"100%\" height=\"232\" allowtransparency=\"true\" frameborder=\"0\" allow=\"encrypted-media\" src=\"https:\/\/open.spotify.com\/embed-podcast\/episode\/6AxIxOMQ4VceKofEl4dEWo?si=sAbFALapS2akXGnsq3vvhw\"><\/iframe>\n<\/div><\/figure>\n\n\n\n<p><a href=\"http:\/\/www.galeriechampaka.com\/\" rel=\"noreferrer noopener\" target=\"_blank\">Sur le site de la Galerie Champaka&nbsp;:<\/a><\/p>\n\n\n\n<p><em><strong>TRANSATLANTIQUE(S)<\/strong><br>Toutes les \u0153uvres r\u00e9sonnent sur le th\u00e8me \u00ab&nbsp;Transatlantique(s)&nbsp;\u00bb, cet oc\u00e9an qui unit deux p\u00f4les de la cr\u00e9ation en bande dessin\u00e9e&nbsp;: l\u2019Europe et l\u2019Am\u00e9rique. Un mot \u00e9vocateur qui favorise autant d\u2019appels au voyage, ce dernier nourrissant depuis toujours la magie de la bande dessin\u00e9e et de l\u2019illustration.<br>Notre espace d\u2019exposition de la BRAFA met en \u00e9vidence la cr\u00e9ativit\u00e9 et le talent de Jacques de Loustal, Andr\u00e9 Juillard, Miles Hyman, Joost Swarte, Philippe Berthet, Guido Crepax, Ever Meulen, Frank P\u00e9, Antonio Lapone, Luis Royo, Hugo Pratt, Louis Joos, Javier Mariscal, Idir Davaine, Yann Kebbi, Ruben Pellejero, Fran\u00e7ois Schuiten et Theo Van den Boogaard.<\/em><\/p>\n","protected":false},"excerpt":{"rendered":"<p>Ecoutez Miles Hyman, Jacques de Loustal et Eric Verhoest au micro d\u2019Edmond Morrel Brafa 2015, au stand n\u00b0&nbsp;50, nous avons&nbsp;[&hellip;]<\/p>\n","protected":false},"author":2,"featured_media":3174,"comment_status":"closed","ping_status":"closed","sticky":false,"template":"","format":"standard","meta":{"footnotes":""},"categories":[9],"tags":[],"class_list":["post-3173","post","type-post","status-publish","format-standard","has-post-thumbnail","hentry","category-entre-les-lignes","post-item clearfix"],"_links":{"self":[{"href":"https:\/\/edmondmorrel.be\/index.php?rest_route=\/wp\/v2\/posts\/3173","targetHints":{"allow":["GET"]}}],"collection":[{"href":"https:\/\/edmondmorrel.be\/index.php?rest_route=\/wp\/v2\/posts"}],"about":[{"href":"https:\/\/edmondmorrel.be\/index.php?rest_route=\/wp\/v2\/types\/post"}],"author":[{"embeddable":true,"href":"https:\/\/edmondmorrel.be\/index.php?rest_route=\/wp\/v2\/users\/2"}],"replies":[{"embeddable":true,"href":"https:\/\/edmondmorrel.be\/index.php?rest_route=%2Fwp%2Fv2%2Fcomments&post=3173"}],"version-history":[{"count":1,"href":"https:\/\/edmondmorrel.be\/index.php?rest_route=\/wp\/v2\/posts\/3173\/revisions"}],"predecessor-version":[{"id":3175,"href":"https:\/\/edmondmorrel.be\/index.php?rest_route=\/wp\/v2\/posts\/3173\/revisions\/3175"}],"wp:featuredmedia":[{"embeddable":true,"href":"https:\/\/edmondmorrel.be\/index.php?rest_route=\/wp\/v2\/media\/3174"}],"wp:attachment":[{"href":"https:\/\/edmondmorrel.be\/index.php?rest_route=%2Fwp%2Fv2%2Fmedia&parent=3173"}],"wp:term":[{"taxonomy":"category","embeddable":true,"href":"https:\/\/edmondmorrel.be\/index.php?rest_route=%2Fwp%2Fv2%2Fcategories&post=3173"},{"taxonomy":"post_tag","embeddable":true,"href":"https:\/\/edmondmorrel.be\/index.php?rest_route=%2Fwp%2Fv2%2Ftags&post=3173"}],"curies":[{"name":"wp","href":"https:\/\/api.w.org\/{rel}","templated":true}]}}