{"id":3170,"date":"2015-01-24T14:36:50","date_gmt":"2015-01-24T13:36:50","guid":{"rendered":"http:\/\/edmondmorrel.be\/?p=3170"},"modified":"2020-11-13T15:02:04","modified_gmt":"2020-11-13T14:02:04","slug":"une-si-longue-histoire-le-film-de-roger-beeckmans-sur-les-mena-mineurs-etrangers-non-accompagnes","status":"publish","type":"post","link":"https:\/\/edmondmorrel.be\/?p=3170","title":{"rendered":"\u00ab\u00a0Une si longue histoire..\u00a0\u00bb le film de Roger Beeckmans sur les MENA, \u00ab\u00a0Mineurs \u00e9trangers non accompagn\u00e9s\u00a0\u00bb"},"content":{"rendered":"\n<p>Roger Beeckmans est cin\u00e9aste. il appartient \u00e0 l\u2019\u00e9cole du \u00ab\u00a0cin\u00e9ma v\u00e9rit\u00e9\u00a0\u00bb,il est de la famille des Rouch, Wiseman et autres t\u00e9moins qui, camera au poing, ne manquent jamais une occasion de jeter un regard empathique et humaniste sur les d\u00e9tresses et les injustices. Pour Beeckmans, la retraite n\u2019existe pas. Il ne cessera jamais d\u2019aller \u00e0 la rencontre de ceux qu\u2019il \u00e9coute et filme avec tant d\u2019humanit\u00e9\u00a0: les enfants des rues (il leur a r\u00e9alis\u00e9 une s\u00e9rie bouleversante \u00e0 travers le monde), les immigr\u00e9s, les \u00ab\u00a0hors-syst\u00e8me\u00a0\u00bb. Dans ce film il s\u2019est int\u00e9ress\u00e9 au sort r\u00e9serv\u00e9 en Belgique aux MENA\u00a0: des enfants arriv\u00e9s seuls un jour sur le territoire belge et dont, une fois l\u2019\u00e2ge de la majorit\u00e9 atteint, il faut d\u00e9cider du sort&#8230; Un documentaire \u00e0 voir. Il vient d^\u00eatre \u00e9dit\u00e9 en DVD et est disponible notamment \u00e0 la\u00a0<a rel=\"noreferrer noopener\" href=\"http:\/\/www.cinematheque.cfwb.be\/\" target=\"_blank\">Cin\u00e9math\u00e8que de la F\u00e9d\u00e9ration Wallonie Bruxelles<\/a>de Belgique, en attendant qu\u2019il soit, peut-\u00eatre, un jour diffus\u00e9 en prime time sur une cha\u00eene \u00ab\u00a0publique\u00a0\u00bb, ce mot qui se trouve aussi dans l\u2019expression \u00ab\u00a0service public\u00a0\u00bb&#8230;<br><strong><br>Edmond Morrel, Bruxelles, Janvier 2015<\/strong><\/p>\n\n\n\n<figure class=\"wp-block-embed-spotify wp-block-embed is-type-rich is-provider-spotify wp-embed-aspect-21-9 wp-has-aspect-ratio\"><div class=\"wp-block-embed__wrapper\">\n<iframe loading=\"lazy\" title=\"Spotify Embed: &quot;Une si longue histoire..&quot; le film de Roger Beeckmans sur les MENA, &quot;Mineurs \u00e9trangers non accompagn\u00e9s&quot;\" width=\"100%\" height=\"232\" allowtransparency=\"true\" frameborder=\"0\" allow=\"encrypted-media\" src=\"https:\/\/open.spotify.com\/embed-podcast\/episode\/5mqVoZXA2OjoOXQEE28Re0?si=qsSC85geTVyt67G2OzPNTQ\"><\/iframe>\n<\/div><\/figure>\n\n\n\n<p>On peut suivre le&nbsp;<a href=\"https:\/\/www.facebook.com\/unesilonguehistoire\" rel=\"noreferrer noopener\" target=\"_blank\">facebook du film<\/a>&nbsp;et l\u2019emprunter aupr\u00e8s de la Cin\u00e9math\u00e8que de la Communaut\u00e9 fran\u00e7aise de Belgique . Un extrait se trouve sur le site de&nbsp;<strong><a href=\"http:\/\/www.cinergie.be\/webzine\/roger_beeckmans_une_si_longue_histoire\" rel=\"noreferrer noopener\" target=\"_blank\">Cinergie<\/a>&nbsp;<\/strong>qui pr\u00e9sente ainsi le film&nbsp;:<br><em>\u00ab\u00a0Une si longue histoire, six portraits, six visages, six rencontres \u00e9tonnantes de filles et de gar\u00e7ons demandeurs d\u2019asile \u00e0 la Belgique qui se confient \u00e0 la cam\u00e9ra de Roger Beeckmans. Le drame de ces jeunes MENA (mineurs \u00e9trangers non accompagn\u00e9s) ne r\u00e9side pas seulement dans leur exil mais \u00e9galement dans le rejet vers la clandestinit\u00e9 une fois atteint l\u2019\u00e2ge de la majorit\u00e9. \u00ab\u00a0<\/em><\/p>\n\n\n\n<p><a href=\"http:\/\/www.cinematheque.cfwb.be\/index.php?id=8849\" rel=\"noreferrer noopener\" target=\"_blank\">Sur le site de la cin\u00e9math\u00e8que de la F\u00e9d\u00e9ration Wallonie Bruxelles&nbsp;:<\/a><\/p>\n\n\n\n<p><em>Une si longue histoire de Roger Beeckmans. On les appelle MENAS, Mineurs Etrangers Non Accompagn\u00e9s. Ils ont fui la guerre, la violence, la mis\u00e8re. En 2013, plus de mille sont venus frapper aux portes de notre pays. Aid\u00e9s jusqu\u2019\u00e0 l\u2019\u00e2ge de 18 ans, r\u00eaves, projets, \u00e9tudes se brisent quand ils re\u00e7oivent l\u2019ordre de quitter le territoire. Une si longue histoire signe le portrait de sept jeunes, balanc\u00e9s entre jeux d\u2019enfants, r\u00eaves d\u2019adolescents et angoisses d\u2019adultes. Car, \u00e0 18 ans, on n\u2019est plus un enfant. Et sans-papiers, on n\u2019est plus rien. On n\u2019existe plus.<\/em><\/p>\n","protected":false},"excerpt":{"rendered":"<p>Roger Beeckmans est cin\u00e9aste. il appartient \u00e0 l\u2019\u00e9cole du \u00ab\u00a0cin\u00e9ma v\u00e9rit\u00e9\u00a0\u00bb,il est de la famille des Rouch, Wiseman et autres&nbsp;[&hellip;]<\/p>\n","protected":false},"author":2,"featured_media":3171,"comment_status":"closed","ping_status":"closed","sticky":false,"template":"","format":"standard","meta":{"footnotes":""},"categories":[9],"tags":[],"class_list":["post-3170","post","type-post","status-publish","format-standard","has-post-thumbnail","hentry","category-entre-les-lignes","post-item clearfix"],"_links":{"self":[{"href":"https:\/\/edmondmorrel.be\/index.php?rest_route=\/wp\/v2\/posts\/3170","targetHints":{"allow":["GET"]}}],"collection":[{"href":"https:\/\/edmondmorrel.be\/index.php?rest_route=\/wp\/v2\/posts"}],"about":[{"href":"https:\/\/edmondmorrel.be\/index.php?rest_route=\/wp\/v2\/types\/post"}],"author":[{"embeddable":true,"href":"https:\/\/edmondmorrel.be\/index.php?rest_route=\/wp\/v2\/users\/2"}],"replies":[{"embeddable":true,"href":"https:\/\/edmondmorrel.be\/index.php?rest_route=%2Fwp%2Fv2%2Fcomments&post=3170"}],"version-history":[{"count":1,"href":"https:\/\/edmondmorrel.be\/index.php?rest_route=\/wp\/v2\/posts\/3170\/revisions"}],"predecessor-version":[{"id":3172,"href":"https:\/\/edmondmorrel.be\/index.php?rest_route=\/wp\/v2\/posts\/3170\/revisions\/3172"}],"wp:featuredmedia":[{"embeddable":true,"href":"https:\/\/edmondmorrel.be\/index.php?rest_route=\/wp\/v2\/media\/3171"}],"wp:attachment":[{"href":"https:\/\/edmondmorrel.be\/index.php?rest_route=%2Fwp%2Fv2%2Fmedia&parent=3170"}],"wp:term":[{"taxonomy":"category","embeddable":true,"href":"https:\/\/edmondmorrel.be\/index.php?rest_route=%2Fwp%2Fv2%2Fcategories&post=3170"},{"taxonomy":"post_tag","embeddable":true,"href":"https:\/\/edmondmorrel.be\/index.php?rest_route=%2Fwp%2Fv2%2Ftags&post=3170"}],"curies":[{"name":"wp","href":"https:\/\/api.w.org\/{rel}","templated":true}]}}