{"id":3167,"date":"2015-02-02T14:35:56","date_gmt":"2015-02-02T13:35:56","guid":{"rendered":"http:\/\/edmondmorrel.be\/?p=3167"},"modified":"2020-11-13T15:02:15","modified_gmt":"2020-11-13T14:02:15","slug":"dans-latelier-de-michael-woolworth","status":"publish","type":"post","link":"https:\/\/edmondmorrel.be\/?p=3167","title":{"rendered":"Dans l\u2019atelier de Michael Woolworth"},"content":{"rendered":"\n<p>Dans le Passage du Cheval Blanc, nous sommes entr\u00e9s dans la Cour F\u00e9vrier et avons franchi le seuil de son atelier pour rencontrer l\u2019imprimeur et \u00e9diteur Michael Woolworth. Accroch\u00e9s au mur, les \u00e9preuves d\u2019un livre d\u2019art (des extraits de Pline l\u2019Ancien illustr\u00e9s par le peintre Marc Desgrandchamps) et les tirages d\u2019une s\u00e9rie abstraite de Jim Dine. A peine sommes nous entr\u00e9s que Michael raconte son travail en cours, sa mani\u00e8re de travailler, son parcours depuis que, jeune \u00e9tudiant \u00e0 la recherche d\u2019un travail pour payer son s\u00e9jour \u00e0 Paris, il a d\u00e9couvert la lithographie. Il n\u2019a plus quitt\u00e9 ni cet art qu\u2019il d\u00e9couvrait, ni Paris. Pour le plus grand bonheur des artistes qu\u2019il imprime et des visiteurs qu\u2019il re\u00e7oit lors de rencontres po\u00e9tiques et musicales ou lors des expositions d\u2019oeuvres souvent vendues \u00e0 de grands mus\u00e9es comme le MOMA. Le micro est rest\u00e9 ouvert lors de cette visite informelle pour une interview d\u00e9structur\u00e9e.<br>La magie de l\u2019endroit, la beaut\u00e9 \u00e9clatante des oeuvres en cours, la puissance des outils donnent \u00e0 ces instants partag\u00e9s l\u2019\u00e9trange sensation du saisissement par la beaut\u00e9 des choses, par la force des mati\u00e8res, leur m\u00e9moire, celle de la pierre, de l\u2019encre, du papier.<br><strong><br>Edmond Morrel \u00e0 Paris le 29 janvier 2015<\/strong><\/p>\n\n\n\n<figure class=\"wp-block-embed-spotify wp-block-embed is-type-rich is-provider-spotify wp-embed-aspect-21-9 wp-has-aspect-ratio\"><div class=\"wp-block-embed__wrapper\">\n<iframe loading=\"lazy\" title=\"Spotify Embed: Dans l\u2019atelier de Michael Woolworth 1\/2\" width=\"100%\" height=\"232\" allowtransparency=\"true\" frameborder=\"0\" allow=\"encrypted-media\" src=\"https:\/\/open.spotify.com\/embed-podcast\/episode\/1Xl5Es0NgL7ralpmigEdSB?si=jD5U3GojQwCCwfzUJotLgQ\"><\/iframe>\n<\/div><\/figure>\n\n\n\n<figure class=\"wp-block-embed-spotify wp-block-embed is-type-rich is-provider-spotify wp-embed-aspect-21-9 wp-has-aspect-ratio\"><div class=\"wp-block-embed__wrapper\">\n<iframe loading=\"lazy\" title=\"Spotify Embed: Dans l\u2019atelier de Michael Woolworth 2\/2\" width=\"100%\" height=\"232\" allowtransparency=\"true\" frameborder=\"0\" allow=\"encrypted-media\" src=\"https:\/\/open.spotify.com\/embed-podcast\/episode\/6YLEu6XzHFXAWhlYsrrArE?si=NpA6XJUwT1-xwJeR6H-hjw\"><\/iframe>\n<\/div><\/figure>\n\n\n\n<p><a href=\"http:\/\/www.michaelwoolworth.com\/\" rel=\"noreferrer noopener\" target=\"_blank\">Sur le site de Michael Woolworth<\/a><\/p>\n\n\n\n<p><em>Imprimeur et \u00e9diteur, Michael Woolworth, am\u00e9ricain d\u2019origine, s\u2019installe \u00e0 Paris o\u00f9 il \u00e9tablit son atelier en 1985. Se sp\u00e9cialisant dans les techniques de lithographie sur pierre, avec impression exclusivement sur presses manuelles, il r\u00e9alise \u00e9galement des oeuvres en bois grav\u00e9, monotype, linogravure et eau-forte ainsi que des multiples. L\u2019atelier est \u00e0 l\u2019initiative d\u2019\u00e9v\u00e9nements et d\u2019expositions tout au long de l\u2019ann\u00e9e, dans son atelier, dans les galeries, les mus\u00e9es, les librairies et les foires d\u2019art.<\/em><\/p>\n\n\n\n<p><em>En 2011, Michael Woolworth est nomm\u00e9 Chevalier dans l\u2019ordre des arts et des lettres par le ministre de la Culture et de la Communication. Il est \u00e9galement honor\u00e9 par l\u2019\u00e9tat fran\u00e7ais en 2011 avec le titre officiel de Ma\u00eetre d\u2019art, ainsi qu\u2019en 2012, avec le label EPV &#8211; Entreprise du Patrimoine Vivant. Depuis 2008, Julien Torhy, un imprimeur dipl\u00f4m\u00e9 de l\u2019\u00e9cole sup\u00e9rieure des beaux-arts de Cornouaille \u00e0 Quimper, travaille \u00e0 l\u2019atelier en tant que collaborateur permanent.<\/em><\/p>\n","protected":false},"excerpt":{"rendered":"<p>Dans le Passage du Cheval Blanc, nous sommes entr\u00e9s dans la Cour F\u00e9vrier et avons franchi le seuil de son&nbsp;[&hellip;]<\/p>\n","protected":false},"author":2,"featured_media":3168,"comment_status":"closed","ping_status":"closed","sticky":false,"template":"","format":"standard","meta":{"footnotes":""},"categories":[9],"tags":[],"class_list":["post-3167","post","type-post","status-publish","format-standard","has-post-thumbnail","hentry","category-entre-les-lignes","post-item clearfix"],"_links":{"self":[{"href":"https:\/\/edmondmorrel.be\/index.php?rest_route=\/wp\/v2\/posts\/3167","targetHints":{"allow":["GET"]}}],"collection":[{"href":"https:\/\/edmondmorrel.be\/index.php?rest_route=\/wp\/v2\/posts"}],"about":[{"href":"https:\/\/edmondmorrel.be\/index.php?rest_route=\/wp\/v2\/types\/post"}],"author":[{"embeddable":true,"href":"https:\/\/edmondmorrel.be\/index.php?rest_route=\/wp\/v2\/users\/2"}],"replies":[{"embeddable":true,"href":"https:\/\/edmondmorrel.be\/index.php?rest_route=%2Fwp%2Fv2%2Fcomments&post=3167"}],"version-history":[{"count":1,"href":"https:\/\/edmondmorrel.be\/index.php?rest_route=\/wp\/v2\/posts\/3167\/revisions"}],"predecessor-version":[{"id":3169,"href":"https:\/\/edmondmorrel.be\/index.php?rest_route=\/wp\/v2\/posts\/3167\/revisions\/3169"}],"wp:featuredmedia":[{"embeddable":true,"href":"https:\/\/edmondmorrel.be\/index.php?rest_route=\/wp\/v2\/media\/3168"}],"wp:attachment":[{"href":"https:\/\/edmondmorrel.be\/index.php?rest_route=%2Fwp%2Fv2%2Fmedia&parent=3167"}],"wp:term":[{"taxonomy":"category","embeddable":true,"href":"https:\/\/edmondmorrel.be\/index.php?rest_route=%2Fwp%2Fv2%2Fcategories&post=3167"},{"taxonomy":"post_tag","embeddable":true,"href":"https:\/\/edmondmorrel.be\/index.php?rest_route=%2Fwp%2Fv2%2Ftags&post=3167"}],"curies":[{"name":"wp","href":"https:\/\/api.w.org\/{rel}","templated":true}]}}